{"id":38118,"date":"2024-05-02T08:55:04","date_gmt":"2024-05-02T08:55:04","guid":{"rendered":"https:\/\/www.internationalmindfulnessconference.com\/?p=38118"},"modified":"2024-05-02T10:15:45","modified_gmt":"2024-05-02T10:15:45","slug":"icm2024-einblicke-in-die-neurodiversitat-pt-5","status":"publish","type":"post","link":"https:\/\/www.internationalmindfulnessconference.com\/de\/2024\/05\/02\/icm2024-einblicke-in-die-neurodiversitat-pt-5\/","title":{"rendered":"ICM:2024 EINBLICKE - NAVIGIEREN DURCH NEURODIVERSIT\u00c4T PT.5"},"content":{"rendered":"<div data-elementor-type=\"wp-post\" data-elementor-id=\"38118\" class=\"elementor elementor-38118\" data-elementor-post-type=\"post\">\n\t\t\t\t\t\t<section class=\"elementor-section elementor-top-section elementor-element elementor-element-6c9aaa7f elementor-section-boxed elementor-section-height-default elementor-section-height-default\" data-id=\"6c9aaa7f\" data-element_type=\"section\" data-e-type=\"section\">\n\t\t\t\t\t\t<div class=\"elementor-container elementor-column-gap-default\">\n\t\t\t\t\t<div class=\"elementor-column elementor-col-100 elementor-top-column elementor-element elementor-element-6b4885bc\" data-id=\"6b4885bc\" data-element_type=\"column\" data-e-type=\"column\">\n\t\t\t<div class=\"elementor-widget-wrap elementor-element-populated\">\n\t\t\t\t\t\t<div class=\"elementor-element elementor-element-a0a05f1 elementor-widget elementor-widget-text-editor\" data-id=\"a0a05f1\" data-element_type=\"widget\" data-e-type=\"widget\" data-widget_type=\"text-editor.default\">\n\t\t\t\t<div class=\"elementor-widget-container\">\n\t\t\t\t\t\t\t\t\t<p>Unser Ziel ist es, die Internationale Achtsamkeitskonferenz 2024 so breit und leicht zug\u00e4nglich wie m\u00f6glich zu machen und auch neurodiverse Meditierende willkommen zu hei\u00dfen. Die Erforschung der Neurodiversit\u00e4t bringt neue Perspektiven f\u00fcr das Praktizieren, Lehren und Forschen von Achtsamkeit. In diesem Blog beantwortet ein neurodivergentes Mitglied unserer EDI-Beratungsgruppe Fragen zur Neurodiversit\u00e4t und erl\u00e4utert unsere Bem\u00fchungen, eine Neurodivergent-inklusive Konferenz zu schaffen.<\/p>\t\t\t\t\t\t\t\t<\/div>\n\t\t\t\t<\/div>\n\t\t\t\t<div class=\"elementor-element elementor-element-0d3e46f elementor-widget-divider--view-line elementor-widget elementor-widget-divider\" data-id=\"0d3e46f\" data-element_type=\"widget\" data-e-type=\"widget\" data-widget_type=\"divider.default\">\n\t\t\t\t<div class=\"elementor-widget-container\">\n\t\t\t\t\t\t\t<div class=\"elementor-divider\">\n\t\t\t<span class=\"elementor-divider-separator\">\n\t\t\t\t\t\t<\/span>\n\t\t<\/div>\n\t\t\t\t\t\t<\/div>\n\t\t\t\t<\/div>\n\t\t\t\t<div class=\"elementor-element elementor-element-3d6c23c1 elementor-widget elementor-widget-text-editor\" data-id=\"3d6c23c1\" data-element_type=\"widget\" data-e-type=\"widget\" data-widget_type=\"text-editor.default\">\n\t\t\t\t<div class=\"elementor-widget-container\">\n\t\t\t\t\t\t\t\t\t<h6><strong>Wie k\u00f6nnen alle Teilnehmer der ICM:2024-Konferenz dazu beitragen, ein neurodivergent-bejahendes Umfeld zu schaffen?<\/strong><\/h6><p>Die Teilnehmer k\u00f6nnen sich \u00fcber neurodivergent-affirmative Ans\u00e4tze informieren (z.B. <a href=\"https:\/\/www.bps.org.uk\/psychologist\/what-does-it-mean-be-neurodiversity-affirmative\">Hartman et al., 2024<\/a>; <a href=\"https:\/\/eprints.nottingham.ac.uk\/76179\/1\/CN%20thesis%20FOR%20FINAL%20UPLOAD%20Sept%202023.pdf?fbclid=IwAR1E2ODdRtocL96qAwvMFMOYhgcNDYDwkp9n3d8zLNeQ0TUBjdx7xG5VSD8_aem_AUMpL7zumyV6HzUKhccTltZH7vclVbB1YbQ1pGiJFVnwU3-07v-hfvSMUq0vYaNEA6c\">Naylor, 2023<\/a>) und respektieren unterschiedliche Arten der Beteiligung, z. B.<\/p><ul><li><em><strong>Sinnliche Erfahrungen<\/strong>.<\/em> Belebte, \u00fcberf\u00fcllte, helle R\u00e4ume k\u00f6nnen \u00fcberw\u00e4ltigend sein und die F\u00e4higkeit einer Person, sich zu engagieren, beeintr\u00e4chtigen.  Einige Teilnehmer m\u00fcssen m\u00f6glicherweise eine Sonnenbrille und\/oder einen Geh\u00f6rschutz tragen, um ihre Sinneseindr\u00fccke zu kontrollieren und ruhige Pausen zur Selbstregulierung einzulegen.<\/li><li><strong><em>Bearbeitungszeiten. <\/em><\/strong>Menschen brauchen unterschiedlich viel Zeit, um Informationen zu verarbeiten und zu reagieren.  L\u00e4ngere Verarbeitungszeiten k\u00f6nnen einfach bedeuten, dass sie mehr Informationen verarbeiten m\u00fcssen; das bedeutet nicht, dass sie nicht aufmerksam sind oder sich nicht einbringen k\u00f6nnen.<\/li><li><em><strong>Bewegung und Stille<\/strong>. <\/em>Manche Menschen brauchen w\u00e4hrend der Meditationspraxis Bewegung.  Das kann eine Hilfe f\u00fcr den Fokus oder die Konzentration sein und ist kein Zeichen daf\u00fcr, dass sie abgelenkt sind und sich nicht konzentrieren k\u00f6nnen.<\/li><li><em><strong>Soziale Batterien<\/strong>. <\/em>Neue Leute zu treffen kann f\u00fcr manche Menschen besonders anstrengend sein.  Die selektive Teilnahme und das Fernbleiben vom Bildschirm bei virtuellen Veranstaltungen sind wichtige Instrumente des Energiemanagements und kein Zeichen f\u00fcr mangelndes Engagement.<\/li><\/ul>\t\t\t\t\t\t\t\t<\/div>\n\t\t\t\t<\/div>\n\t\t\t\t<section class=\"elementor-section elementor-inner-section elementor-element elementor-element-1a238f5 elementor-section-boxed elementor-section-height-default elementor-section-height-default\" data-id=\"1a238f5\" data-element_type=\"section\" data-e-type=\"section\">\n\t\t\t\t\t\t<div class=\"elementor-container elementor-column-gap-default\">\n\t\t\t\t\t<div class=\"elementor-column elementor-col-50 elementor-inner-column elementor-element elementor-element-0ed9f03\" data-id=\"0ed9f03\" data-element_type=\"column\" data-e-type=\"column\">\n\t\t\t<div class=\"elementor-widget-wrap elementor-element-populated\">\n\t\t\t\t\t\t<div class=\"elementor-element elementor-element-441bd9f elementor-widget elementor-widget-image\" data-id=\"441bd9f\" data-element_type=\"widget\" data-e-type=\"widget\" data-widget_type=\"image.default\">\n\t\t\t\t<div class=\"elementor-widget-container\">\n\t\t\t\t\t\t\t\t\t\t\t\t\t\t\t<img fetchpriority=\"high\" decoding=\"async\" width=\"768\" height=\"644\" src=\"https:\/\/www.internationalmindfulnessconference.com\/wp-content\/uploads\/2024\/05\/3-768x644.png\" class=\"attachment-medium_large size-medium_large wp-image-38128\" alt=\"\" srcset=\"https:\/\/www.internationalmindfulnessconference.com\/wp-content\/uploads\/2024\/05\/3-768x644.png 768w, https:\/\/www.internationalmindfulnessconference.com\/wp-content\/uploads\/2024\/05\/3-300x251.png 300w, https:\/\/www.internationalmindfulnessconference.com\/wp-content\/uploads\/2024\/05\/3-14x12.png 14w, https:\/\/www.internationalmindfulnessconference.com\/wp-content\/uploads\/2024\/05\/3-600x503.png 600w, https:\/\/www.internationalmindfulnessconference.com\/wp-content\/uploads\/2024\/05\/3.png 940w\" sizes=\"(max-width: 768px) 100vw, 768px\" \/>\t\t\t\t\t\t\t\t\t\t\t\t\t\t\t<\/div>\n\t\t\t\t<\/div>\n\t\t\t\t\t<\/div>\n\t\t<\/div>\n\t\t\t\t<div class=\"elementor-column elementor-col-50 elementor-inner-column elementor-element elementor-element-3f063aa\" data-id=\"3f063aa\" data-element_type=\"column\" data-e-type=\"column\">\n\t\t\t<div class=\"elementor-widget-wrap elementor-element-populated\">\n\t\t\t\t\t\t<div class=\"elementor-element elementor-element-17980aa elementor-widget elementor-widget-text-editor\" data-id=\"17980aa\" data-element_type=\"widget\" data-e-type=\"widget\" data-widget_type=\"text-editor.default\">\n\t\t\t\t<div class=\"elementor-widget-container\">\n\t\t\t\t\t\t\t\t\t<p>Sprache und diagnostische Bezeichnungen sind historisch bedingt, und es kann schwierig sein, \u00fcber diese Themen zu sprechen.  Wir alle verstehen die Sprache manchmal falsch und haben nur ein begrenztes Verst\u00e4ndnis f\u00fcr die Welt anderer Menschen.  Die Teilnehmer sind eingeladen, sich an der Schaffung und Aufrechterhaltung von R\u00e4umen f\u00fcr Erkundung und Lernen f\u00fcr alle zu beteiligen.\u00a0<\/p><p>Ans\u00e4tze, die in multikulturellen Vereinbarungen festgelegt sind, sind relevant f\u00fcr die Unterst\u00fctzung von neurodivergenten-bejahenden R\u00e4umen und erkennen die Intersektionalit\u00e4t an, z. B. die <a href=\"https:\/\/eastbaymeditation.org\/2022\/03\/agreements-for-multicultural-interactions\/\">Vereinbarung mit dem East Bay Meditation Center<\/a> umfasst:<\/p><p>\u00a0<\/p><p>\u00a0<\/p>\t\t\t\t\t\t\t\t<\/div>\n\t\t\t\t<\/div>\n\t\t\t\t\t<\/div>\n\t\t<\/div>\n\t\t\t\t\t<\/div>\n\t\t<\/section>\n\t\t\t\t<div class=\"elementor-element elementor-element-2768f73 elementor-widget elementor-widget-text-editor\" data-id=\"2768f73\" data-element_type=\"widget\" data-e-type=\"widget\" data-widget_type=\"text-editor.default\">\n\t\t\t\t<div class=\"elementor-widget-container\">\n\t\t\t\t\t\t\t\t\t<ul><li><strong><em>Probieren Sie es an. <\/em><\/strong>Seien Sie bereit, neue Ideen oder Vorgehensweisen auszuprobieren, die Sie vielleicht nicht bevorzugen oder mit denen Sie nicht vertraut sind.<\/li><li><strong><em>\u00dcben Sie Selbstfokus. <\/em><\/strong>Achten Sie auf Ihre eigenen Erfahrungen und Reaktionen und sprechen Sie dar\u00fcber. Sprechen Sie nicht f\u00fcr eine ganze Gruppe und \u00e4u\u00dfern Sie keine Vermutungen \u00fcber die Erfahrungen anderer.<\/li><li><em><strong>Verstehen Sie den Unterschied zwischen Absicht und Wirkung.<\/strong> <\/em>Versuchen Sie, die Auswirkungen zu verstehen und anzuerkennen. Wenn man die Auswirkungen von etwas Gesagtem leugnet, indem man sich auf die Absicht konzentriert, ist das oft destruktiver als die urspr\u00fcngliche Interaktion.<\/li><li><strong><em>\u00dcben Sie \"Sowohl als auch\". <\/em><\/strong>Wenn Sie sprechen, ersetzen Sie \"und\" durch \"sowohl als auch\". Mit dieser Praxis werden mehrere Realit\u00e4ten anerkannt und gew\u00fcrdigt.<\/li><\/ul><p><em>Wir laden alle ICM:2024-Teilnehmer ein, diesen Ansatz f\u00fcr sich selbst zu reflektieren und ihn bei der Teilnahme zu ber\u00fccksichtigen, sowohl pers\u00f6nlich als auch virtuell. Die Philosophie der Achtsamkeit kann bei der Schaffung eines neurodivergenten-bejahenden Umfelds sehr hilfreich sein: Neugier, Freundlichkeit, Erfahrungsorientierung und Nicht-Beurteilung bieten den Raum, in dem Unterschiede willkommen gehei\u00dfen und gefeiert werden k\u00f6nnen.<\/em><\/p>\t\t\t\t\t\t\t\t<\/div>\n\t\t\t\t<\/div>\n\t\t\t\t\t<\/div>\n\t\t<\/div>\n\t\t\t\t\t<\/div>\n\t\t<\/section>\n\t\t\t\t<section class=\"elementor-section elementor-top-section elementor-element elementor-element-760e091 elementor-section-boxed elementor-section-height-default elementor-section-height-default\" data-id=\"760e091\" data-element_type=\"section\" data-e-type=\"section\">\n\t\t\t\t\t\t<div class=\"elementor-container elementor-column-gap-default\">\n\t\t\t\t\t<div class=\"elementor-column elementor-col-100 elementor-top-column elementor-element elementor-element-8523d8c\" data-id=\"8523d8c\" data-element_type=\"column\" data-e-type=\"column\">\n\t\t\t<div class=\"elementor-widget-wrap elementor-element-populated\">\n\t\t\t\t\t\t<div class=\"elementor-element elementor-element-a85e69a elementor-widget elementor-widget-button\" data-id=\"a85e69a\" data-element_type=\"widget\" data-e-type=\"widget\" data-widget_type=\"button.default\">\n\t\t\t\t<div class=\"elementor-widget-container\">\n\t\t\t\t\t\t\t\t\t<div class=\"elementor-button-wrapper\">\n\t\t\t\t\t<a class=\"elementor-button elementor-button-link elementor-size-sm\" href=\"https:\/\/www.internationalmindfulnessconference.com\/de\/tickets-kaufen\/\">\n\t\t\t\t\t\t<span class=\"elementor-button-content-wrapper\">\n\t\t\t\t\t\t\t\t\t<span class=\"elementor-button-text\">Sind Sie bereit, sich f\u00fcr Ihren Konferenzpass zu registrieren?<\/span>\n\t\t\t\t\t<\/span>\n\t\t\t\t\t<\/a>\n\t\t\t\t<\/div>\n\t\t\t\t\t\t\t\t<\/div>\n\t\t\t\t<\/div>\n\t\t\t\t\t<\/div>\n\t\t<\/div>\n\t\t\t\t\t<\/div>\n\t\t<\/section>\n\t\t\t\t<\/div>","protected":false},"excerpt":{"rendered":"<p>Teil 5 der Serie enth\u00e4lt Vorschl\u00e4ge, wie alle Teilnehmer der ICM:2024-Konferenz dazu beitragen k\u00f6nnen, ein neurodivergent-bejahendes Umfeld zu schaffen?<\/p>","protected":false},"author":3,"featured_media":37269,"comment_status":"closed","ping_status":"closed","sticky":false,"template":"","format":"standard","meta":{"_view_id":"","site-sidebar-layout":"default","site-content-layout":"","ast-site-content-layout":"default","site-content-style":"default","site-sidebar-style":"default","ast-global-header-display":"","ast-banner-title-visibility":"","ast-main-header-display":"","ast-hfb-above-header-display":"","ast-hfb-below-header-display":"","ast-hfb-mobile-header-display":"","site-post-title":"","ast-breadcrumbs-content":"","ast-featured-img":"","footer-sml-layout":"","ast-disable-related-posts":"","theme-transparent-header-meta":"","adv-header-id-meta":"","stick-header-meta":"","header-above-stick-meta":"","header-main-stick-meta":"","header-below-stick-meta":"","astra-migrate-meta-layouts":"set","ast-page-background-enabled":"default","ast-page-background-meta":{"desktop":{"background-color":"","background-image":"","background-repeat":"repeat","background-position":"center center","background-size":"auto","background-attachment":"scroll","background-type":"","background-media":"","overlay-type":"","overlay-color":"","overlay-opacity":"","overlay-gradient":""},"tablet":{"background-color":"","background-image":"","background-repeat":"repeat","background-position":"center center","background-size":"auto","background-attachment":"scroll","background-type":"","background-media":"","overlay-type":"","overlay-color":"","overlay-opacity":"","overlay-gradient":""},"mobile":{"background-color":"","background-image":"","background-repeat":"repeat","background-position":"center center","background-size":"auto","background-attachment":"scroll","background-type":"","background-media":"","overlay-type":"","overlay-color":"","overlay-opacity":"","overlay-gradient":""}},"ast-content-background-meta":{"desktop":{"background-color":"var(--ast-global-color-5)","background-image":"","background-repeat":"repeat","background-position":"center center","background-size":"auto","background-attachment":"scroll","background-type":"","background-media":"","overlay-type":"","overlay-color":"","overlay-opacity":"","overlay-gradient":""},"tablet":{"background-color":"var(--ast-global-color-5)","background-image":"","background-repeat":"repeat","background-position":"center center","background-size":"auto","background-attachment":"scroll","background-type":"","background-media":"","overlay-type":"","overlay-color":"","overlay-opacity":"","overlay-gradient":""},"mobile":{"background-color":"var(--ast-global-color-5)","background-image":"","background-repeat":"repeat","background-position":"center center","background-size":"auto","background-attachment":"scroll","background-type":"","background-media":"","overlay-type":"","overlay-color":"","overlay-opacity":"","overlay-gradient":""}},"_jetpack_memberships_contains_paid_content":false,"wds_primary_category":119,"footnotes":""},"categories":[119],"tags":[124,122,101,120],"class_list":["post-38118","post","type-post","status-publish","format-standard","has-post-thumbnail","hentry","category-conference-insights","tag-accessibility","tag-conference-insights","tag-icm2024","tag-neurodiversity"],"yoast_head":"<!-- This site is optimized with the Yoast SEO plugin v27.5 - https:\/\/yoast.com\/product\/yoast-seo-wordpress\/ -->\n<title>ICM:2024 INSIGHTS \u2013 NAVIGATING NEURODIVERSITY PT.5 - International Conference on Mindfulness 2024<\/title>\n<meta name=\"description\" content=\"Conference Insights\" \/>\n<meta name=\"robots\" content=\"index, follow, max-snippet:-1, max-image-preview:large, max-video-preview:-1\" \/>\n<link rel=\"canonical\" href=\"https:\/\/www.internationalmindfulnessconference.com\/de\/2024\/05\/02\/icm2024-einblicke-in-die-neurodiversitat-pt-5\/\" \/>\n<meta property=\"og:locale\" content=\"de_DE\" \/>\n<meta property=\"og:type\" content=\"article\" \/>\n<meta property=\"og:title\" content=\"ICM:2024 INSIGHTS \u2013 NAVIGATING NEURODIVERSITY PT.5 - International Conference on Mindfulness 2024\" \/>\n<meta property=\"og:description\" content=\"Conference Insights\" \/>\n<meta property=\"og:url\" content=\"https:\/\/www.internationalmindfulnessconference.com\/de\/2024\/05\/02\/icm2024-einblicke-in-die-neurodiversitat-pt-5\/\" \/>\n<meta property=\"og:site_name\" content=\"International Conference on Mindfulness 2024\" \/>\n<meta property=\"article:publisher\" content=\"https:\/\/www.facebook.com\/MindfulnessNetworkUK\/\" \/>\n<meta property=\"article:published_time\" content=\"2024-05-02T08:55:04+00:00\" \/>\n<meta property=\"article:modified_time\" content=\"2024-05-02T10:15:45+00:00\" \/>\n<meta property=\"og:image\" content=\"https:\/\/www.internationalmindfulnessconference.com\/wp-content\/uploads\/2024\/04\/insight_.png\" \/>\n\t<meta property=\"og:image:width\" content=\"1500\" \/>\n\t<meta property=\"og:image:height\" content=\"500\" \/>\n\t<meta property=\"og:image:type\" content=\"image\/png\" \/>\n<meta name=\"author\" content=\"Madeleine Hynes\" \/>\n<meta name=\"twitter:card\" content=\"summary_large_image\" \/>\n<meta name=\"twitter:creator\" content=\"@MindfulnessN\" \/>\n<meta name=\"twitter:site\" content=\"@MindfulnessN\" \/>\n<meta name=\"twitter:label1\" content=\"Verfasst von\" \/>\n\t<meta name=\"twitter:data1\" content=\"Madeleine Hynes\" \/>\n\t<meta name=\"twitter:label2\" content=\"Gesch\u00e4tzte Lesezeit\" \/>\n\t<meta name=\"twitter:data2\" content=\"3\u00a0Minuten\" \/>\n<script type=\"application\/ld+json\" class=\"yoast-schema-graph\">{\"@context\":\"https:\\\/\\\/schema.org\",\"@graph\":[{\"@type\":\"Article\",\"@id\":\"https:\\\/\\\/www.internationalmindfulnessconference.com\\\/2024\\\/05\\\/02\\\/icm2024-insights-navigating-neurodiversity-pt-5\\\/#article\",\"isPartOf\":{\"@id\":\"https:\\\/\\\/www.internationalmindfulnessconference.com\\\/2024\\\/05\\\/02\\\/icm2024-insights-navigating-neurodiversity-pt-5\\\/\"},\"author\":{\"name\":\"Madeleine Hynes\",\"@id\":\"https:\\\/\\\/www.internationalmindfulnessconference.com\\\/#\\\/schema\\\/person\\\/cfeb3e23341dd4fad358eae1d7744eac\"},\"headline\":\"ICM:2024 INSIGHTS \u2013 NAVIGATING NEURODIVERSITY PT.5\",\"datePublished\":\"2024-05-02T08:55:04+00:00\",\"dateModified\":\"2024-05-02T10:15:45+00:00\",\"mainEntityOfPage\":{\"@id\":\"https:\\\/\\\/www.internationalmindfulnessconference.com\\\/2024\\\/05\\\/02\\\/icm2024-insights-navigating-neurodiversity-pt-5\\\/\"},\"wordCount\":467,\"publisher\":{\"@id\":\"https:\\\/\\\/www.internationalmindfulnessconference.com\\\/#organization\"},\"image\":{\"@id\":\"https:\\\/\\\/www.internationalmindfulnessconference.com\\\/2024\\\/05\\\/02\\\/icm2024-insights-navigating-neurodiversity-pt-5\\\/#primaryimage\"},\"thumbnailUrl\":\"https:\\\/\\\/www.internationalmindfulnessconference.com\\\/wp-content\\\/uploads\\\/2024\\\/04\\\/insight_.png\",\"keywords\":[\"accessibility\",\"conference insights\",\"ICM:2024\",\"neurodiversity\"],\"articleSection\":[\"Conference Insights\"],\"inLanguage\":\"de\"},{\"@type\":\"WebPage\",\"@id\":\"https:\\\/\\\/www.internationalmindfulnessconference.com\\\/2024\\\/05\\\/02\\\/icm2024-insights-navigating-neurodiversity-pt-5\\\/\",\"url\":\"https:\\\/\\\/www.internationalmindfulnessconference.com\\\/2024\\\/05\\\/02\\\/icm2024-insights-navigating-neurodiversity-pt-5\\\/\",\"name\":\"ICM:2024 INSIGHTS \u2013 NAVIGATING NEURODIVERSITY PT.5 - International Conference on Mindfulness 2024\",\"isPartOf\":{\"@id\":\"https:\\\/\\\/www.internationalmindfulnessconference.com\\\/#website\"},\"primaryImageOfPage\":{\"@id\":\"https:\\\/\\\/www.internationalmindfulnessconference.com\\\/2024\\\/05\\\/02\\\/icm2024-insights-navigating-neurodiversity-pt-5\\\/#primaryimage\"},\"image\":{\"@id\":\"https:\\\/\\\/www.internationalmindfulnessconference.com\\\/2024\\\/05\\\/02\\\/icm2024-insights-navigating-neurodiversity-pt-5\\\/#primaryimage\"},\"thumbnailUrl\":\"https:\\\/\\\/www.internationalmindfulnessconference.com\\\/wp-content\\\/uploads\\\/2024\\\/04\\\/insight_.png\",\"datePublished\":\"2024-05-02T08:55:04+00:00\",\"dateModified\":\"2024-05-02T10:15:45+00:00\",\"description\":\"Conference Insights\",\"breadcrumb\":{\"@id\":\"https:\\\/\\\/www.internationalmindfulnessconference.com\\\/2024\\\/05\\\/02\\\/icm2024-insights-navigating-neurodiversity-pt-5\\\/#breadcrumb\"},\"inLanguage\":\"de\",\"potentialAction\":[{\"@type\":\"ReadAction\",\"target\":[\"https:\\\/\\\/www.internationalmindfulnessconference.com\\\/2024\\\/05\\\/02\\\/icm2024-insights-navigating-neurodiversity-pt-5\\\/\"]}]},{\"@type\":\"ImageObject\",\"inLanguage\":\"de\",\"@id\":\"https:\\\/\\\/www.internationalmindfulnessconference.com\\\/2024\\\/05\\\/02\\\/icm2024-insights-navigating-neurodiversity-pt-5\\\/#primaryimage\",\"url\":\"https:\\\/\\\/www.internationalmindfulnessconference.com\\\/wp-content\\\/uploads\\\/2024\\\/04\\\/insight_.png\",\"contentUrl\":\"https:\\\/\\\/www.internationalmindfulnessconference.com\\\/wp-content\\\/uploads\\\/2024\\\/04\\\/insight_.png\",\"width\":1500,\"height\":500},{\"@type\":\"BreadcrumbList\",\"@id\":\"https:\\\/\\\/www.internationalmindfulnessconference.com\\\/2024\\\/05\\\/02\\\/icm2024-insights-navigating-neurodiversity-pt-5\\\/#breadcrumb\",\"itemListElement\":[{\"@type\":\"ListItem\",\"position\":1,\"name\":\"Home\",\"item\":\"https:\\\/\\\/www.internationalmindfulnessconference.com\\\/\"},{\"@type\":\"ListItem\",\"position\":2,\"name\":\"ICM:2024 INSIGHTS \u2013 NAVIGATING NEURODIVERSITY PT.5\"}]},{\"@type\":\"WebSite\",\"@id\":\"https:\\\/\\\/www.internationalmindfulnessconference.com\\\/#website\",\"url\":\"https:\\\/\\\/www.internationalmindfulnessconference.com\\\/\",\"name\":\"International Conference on Mindfulness 2024\",\"description\":\"ICM 2024: Mindfulness in a Changing World\",\"publisher\":{\"@id\":\"https:\\\/\\\/www.internationalmindfulnessconference.com\\\/#organization\"},\"alternateName\":\"ICM 2024\",\"potentialAction\":[{\"@type\":\"SearchAction\",\"target\":{\"@type\":\"EntryPoint\",\"urlTemplate\":\"https:\\\/\\\/www.internationalmindfulnessconference.com\\\/?s={search_term_string}\"},\"query-input\":{\"@type\":\"PropertyValueSpecification\",\"valueRequired\":true,\"valueName\":\"search_term_string\"}}],\"inLanguage\":\"de\"},{\"@type\":\"Organization\",\"@id\":\"https:\\\/\\\/www.internationalmindfulnessconference.com\\\/#organization\",\"name\":\"The Mindfulness Network\",\"alternateName\":\"Mindfulness Network\",\"url\":\"https:\\\/\\\/www.internationalmindfulnessconference.com\\\/\",\"logo\":{\"@type\":\"ImageObject\",\"inLanguage\":\"de\",\"@id\":\"https:\\\/\\\/www.internationalmindfulnessconference.com\\\/#\\\/schema\\\/logo\\\/image\\\/\",\"url\":\"https:\\\/\\\/www.internationalmindfulnessconference.com\\\/wp-content\\\/uploads\\\/2023\\\/01\\\/MNLogo-300x300-1.jpg\",\"contentUrl\":\"https:\\\/\\\/www.internationalmindfulnessconference.com\\\/wp-content\\\/uploads\\\/2023\\\/01\\\/MNLogo-300x300-1.jpg\",\"width\":300,\"height\":300,\"caption\":\"The Mindfulness Network\"},\"image\":{\"@id\":\"https:\\\/\\\/www.internationalmindfulnessconference.com\\\/#\\\/schema\\\/logo\\\/image\\\/\"},\"sameAs\":[\"https:\\\/\\\/www.facebook.com\\\/MindfulnessNetworkUK\\\/\",\"https:\\\/\\\/x.com\\\/MindfulnessN\"]},{\"@type\":\"Person\",\"@id\":\"https:\\\/\\\/www.internationalmindfulnessconference.com\\\/#\\\/schema\\\/person\\\/cfeb3e23341dd4fad358eae1d7744eac\",\"name\":\"Madeleine Hynes\",\"image\":{\"@type\":\"ImageObject\",\"inLanguage\":\"de\",\"@id\":\"https:\\\/\\\/www.internationalmindfulnessconference.com\\\/wp-content\\\/wphb-cache\\\/gravatar\\\/d20\\\/d204c6c9e5fdaaac6fb784dfcbf0793ex96.jpg\",\"url\":\"https:\\\/\\\/www.internationalmindfulnessconference.com\\\/wp-content\\\/wphb-cache\\\/gravatar\\\/d20\\\/d204c6c9e5fdaaac6fb784dfcbf0793ex96.jpg\",\"contentUrl\":\"https:\\\/\\\/www.internationalmindfulnessconference.com\\\/wp-content\\\/wphb-cache\\\/gravatar\\\/d20\\\/d204c6c9e5fdaaac6fb784dfcbf0793ex96.jpg\",\"caption\":\"Madeleine Hynes\"},\"url\":\"https:\\\/\\\/www.internationalmindfulnessconference.com\\\/de\\\/author\\\/madeleinemindfulness-network-org\\\/\"}]}<\/script>\n<!-- \/ Yoast SEO plugin. -->","yoast_head_json":{"title":"ICM:2024 INSIGHTS - NAVIGATING NEURODIVERSITY PT.5 - Internationale Konferenz \u00fcber Achtsamkeit 2024","description":"Konferenz-Einblicke","robots":{"index":"index","follow":"follow","max-snippet":"max-snippet:-1","max-image-preview":"max-image-preview:large","max-video-preview":"max-video-preview:-1"},"canonical":"https:\/\/www.internationalmindfulnessconference.com\/de\/2024\/05\/02\/icm2024-einblicke-in-die-neurodiversitat-pt-5\/","og_locale":"de_DE","og_type":"article","og_title":"ICM:2024 INSIGHTS \u2013 NAVIGATING NEURODIVERSITY PT.5 - International Conference on Mindfulness 2024","og_description":"Conference Insights","og_url":"https:\/\/www.internationalmindfulnessconference.com\/de\/2024\/05\/02\/icm2024-einblicke-in-die-neurodiversitat-pt-5\/","og_site_name":"International Conference on Mindfulness 2024","article_publisher":"https:\/\/www.facebook.com\/MindfulnessNetworkUK\/","article_published_time":"2024-05-02T08:55:04+00:00","article_modified_time":"2024-05-02T10:15:45+00:00","og_image":[{"width":1500,"height":500,"url":"https:\/\/www.internationalmindfulnessconference.com\/wp-content\/uploads\/2024\/04\/insight_.png","type":"image\/png"}],"author":"Madeleine Hynes","twitter_card":"summary_large_image","twitter_creator":"@MindfulnessN","twitter_site":"@MindfulnessN","twitter_misc":{"Verfasst von":"Madeleine Hynes","Gesch\u00e4tzte Lesezeit":"3\u00a0Minuten"},"schema":{"@context":"https:\/\/schema.org","@graph":[{"@type":"Article","@id":"https:\/\/www.internationalmindfulnessconference.com\/2024\/05\/02\/icm2024-insights-navigating-neurodiversity-pt-5\/#article","isPartOf":{"@id":"https:\/\/www.internationalmindfulnessconference.com\/2024\/05\/02\/icm2024-insights-navigating-neurodiversity-pt-5\/"},"author":{"name":"Madeleine Hynes","@id":"https:\/\/www.internationalmindfulnessconference.com\/#\/schema\/person\/cfeb3e23341dd4fad358eae1d7744eac"},"headline":"ICM:2024 INSIGHTS \u2013 NAVIGATING NEURODIVERSITY PT.5","datePublished":"2024-05-02T08:55:04+00:00","dateModified":"2024-05-02T10:15:45+00:00","mainEntityOfPage":{"@id":"https:\/\/www.internationalmindfulnessconference.com\/2024\/05\/02\/icm2024-insights-navigating-neurodiversity-pt-5\/"},"wordCount":467,"publisher":{"@id":"https:\/\/www.internationalmindfulnessconference.com\/#organization"},"image":{"@id":"https:\/\/www.internationalmindfulnessconference.com\/2024\/05\/02\/icm2024-insights-navigating-neurodiversity-pt-5\/#primaryimage"},"thumbnailUrl":"https:\/\/www.internationalmindfulnessconference.com\/wp-content\/uploads\/2024\/04\/insight_.png","keywords":["accessibility","conference insights","ICM:2024","neurodiversity"],"articleSection":["Conference Insights"],"inLanguage":"de"},{"@type":"WebPage","@id":"https:\/\/www.internationalmindfulnessconference.com\/2024\/05\/02\/icm2024-insights-navigating-neurodiversity-pt-5\/","url":"https:\/\/www.internationalmindfulnessconference.com\/2024\/05\/02\/icm2024-insights-navigating-neurodiversity-pt-5\/","name":"ICM:2024 INSIGHTS - NAVIGATING NEURODIVERSITY PT.5 - Internationale Konferenz \u00fcber Achtsamkeit 2024","isPartOf":{"@id":"https:\/\/www.internationalmindfulnessconference.com\/#website"},"primaryImageOfPage":{"@id":"https:\/\/www.internationalmindfulnessconference.com\/2024\/05\/02\/icm2024-insights-navigating-neurodiversity-pt-5\/#primaryimage"},"image":{"@id":"https:\/\/www.internationalmindfulnessconference.com\/2024\/05\/02\/icm2024-insights-navigating-neurodiversity-pt-5\/#primaryimage"},"thumbnailUrl":"https:\/\/www.internationalmindfulnessconference.com\/wp-content\/uploads\/2024\/04\/insight_.png","datePublished":"2024-05-02T08:55:04+00:00","dateModified":"2024-05-02T10:15:45+00:00","description":"Konferenz-Einblicke","breadcrumb":{"@id":"https:\/\/www.internationalmindfulnessconference.com\/2024\/05\/02\/icm2024-insights-navigating-neurodiversity-pt-5\/#breadcrumb"},"inLanguage":"de","potentialAction":[{"@type":"ReadAction","target":["https:\/\/www.internationalmindfulnessconference.com\/2024\/05\/02\/icm2024-insights-navigating-neurodiversity-pt-5\/"]}]},{"@type":"ImageObject","inLanguage":"de","@id":"https:\/\/www.internationalmindfulnessconference.com\/2024\/05\/02\/icm2024-insights-navigating-neurodiversity-pt-5\/#primaryimage","url":"https:\/\/www.internationalmindfulnessconference.com\/wp-content\/uploads\/2024\/04\/insight_.png","contentUrl":"https:\/\/www.internationalmindfulnessconference.com\/wp-content\/uploads\/2024\/04\/insight_.png","width":1500,"height":500},{"@type":"BreadcrumbList","@id":"https:\/\/www.internationalmindfulnessconference.com\/2024\/05\/02\/icm2024-insights-navigating-neurodiversity-pt-5\/#breadcrumb","itemListElement":[{"@type":"ListItem","position":1,"name":"Home","item":"https:\/\/www.internationalmindfulnessconference.com\/"},{"@type":"ListItem","position":2,"name":"ICM:2024 INSIGHTS \u2013 NAVIGATING NEURODIVERSITY PT.5"}]},{"@type":"WebSite","@id":"https:\/\/www.internationalmindfulnessconference.com\/#website","url":"https:\/\/www.internationalmindfulnessconference.com\/","name":"Internationale Konferenz \u00fcber Achtsamkeit 2024","description":"ICM 2024: Achtsamkeit in einer sich ver\u00e4ndernden Welt","publisher":{"@id":"https:\/\/www.internationalmindfulnessconference.com\/#organization"},"alternateName":"ICM 2024","potentialAction":[{"@type":"SearchAction","target":{"@type":"EntryPoint","urlTemplate":"https:\/\/www.internationalmindfulnessconference.com\/?s={search_term_string}"},"query-input":{"@type":"PropertyValueSpecification","valueRequired":true,"valueName":"search_term_string"}}],"inLanguage":"de"},{"@type":"Organization","@id":"https:\/\/www.internationalmindfulnessconference.com\/#organization","name":"Das Netzwerk f\u00fcr Achtsamkeit","alternateName":"Mindfulness Network","url":"https:\/\/www.internationalmindfulnessconference.com\/","logo":{"@type":"ImageObject","inLanguage":"de","@id":"https:\/\/www.internationalmindfulnessconference.com\/#\/schema\/logo\/image\/","url":"https:\/\/www.internationalmindfulnessconference.com\/wp-content\/uploads\/2023\/01\/MNLogo-300x300-1.jpg","contentUrl":"https:\/\/www.internationalmindfulnessconference.com\/wp-content\/uploads\/2023\/01\/MNLogo-300x300-1.jpg","width":300,"height":300,"caption":"The Mindfulness Network"},"image":{"@id":"https:\/\/www.internationalmindfulnessconference.com\/#\/schema\/logo\/image\/"},"sameAs":["https:\/\/www.facebook.com\/MindfulnessNetworkUK\/","https:\/\/x.com\/MindfulnessN"]},{"@type":"Person","@id":"https:\/\/www.internationalmindfulnessconference.com\/#\/schema\/person\/cfeb3e23341dd4fad358eae1d7744eac","name":"Madeleine Hynes","image":{"@type":"ImageObject","inLanguage":"de","@id":"https:\/\/www.internationalmindfulnessconference.com\/wp-content\/wphb-cache\/gravatar\/d20\/d204c6c9e5fdaaac6fb784dfcbf0793ex96.jpg","url":"https:\/\/www.internationalmindfulnessconference.com\/wp-content\/wphb-cache\/gravatar\/d20\/d204c6c9e5fdaaac6fb784dfcbf0793ex96.jpg","contentUrl":"https:\/\/www.internationalmindfulnessconference.com\/wp-content\/wphb-cache\/gravatar\/d20\/d204c6c9e5fdaaac6fb784dfcbf0793ex96.jpg","caption":"Madeleine Hynes"},"url":"https:\/\/www.internationalmindfulnessconference.com\/de\/author\/madeleinemindfulness-network-org\/"}]}},"jetpack_featured_media_url":"https:\/\/www.internationalmindfulnessconference.com\/wp-content\/uploads\/2024\/04\/insight_.png","jetpack_sharing_enabled":true,"_links":{"self":[{"href":"https:\/\/www.internationalmindfulnessconference.com\/de\/wp-json\/wp\/v2\/posts\/38118","targetHints":{"allow":["GET"]}}],"collection":[{"href":"https:\/\/www.internationalmindfulnessconference.com\/de\/wp-json\/wp\/v2\/posts"}],"about":[{"href":"https:\/\/www.internationalmindfulnessconference.com\/de\/wp-json\/wp\/v2\/types\/post"}],"author":[{"embeddable":true,"href":"https:\/\/www.internationalmindfulnessconference.com\/de\/wp-json\/wp\/v2\/users\/3"}],"replies":[{"embeddable":true,"href":"https:\/\/www.internationalmindfulnessconference.com\/de\/wp-json\/wp\/v2\/comments?post=38118"}],"version-history":[{"count":0,"href":"https:\/\/www.internationalmindfulnessconference.com\/de\/wp-json\/wp\/v2\/posts\/38118\/revisions"}],"wp:featuredmedia":[{"embeddable":true,"href":"https:\/\/www.internationalmindfulnessconference.com\/de\/wp-json\/wp\/v2\/media\/37269"}],"wp:attachment":[{"href":"https:\/\/www.internationalmindfulnessconference.com\/de\/wp-json\/wp\/v2\/media?parent=38118"}],"wp:term":[{"taxonomy":"category","embeddable":true,"href":"https:\/\/www.internationalmindfulnessconference.com\/de\/wp-json\/wp\/v2\/categories?post=38118"},{"taxonomy":"post_tag","embeddable":true,"href":"https:\/\/www.internationalmindfulnessconference.com\/de\/wp-json\/wp\/v2\/tags?post=38118"}],"curies":[{"name":"wp","href":"https:\/\/api.w.org\/{rel}","templated":true}]}}