{"id":51973,"date":"2024-06-21T00:16:58","date_gmt":"2024-06-21T00:16:58","guid":{"rendered":"https:\/\/www.internationalmindfulnessconference.com\/?p=51973"},"modified":"2024-06-25T10:58:20","modified_gmt":"2024-06-25T10:58:20","slug":"achtsamkeit-fur-kunftige-generationen","status":"publish","type":"post","link":"https:\/\/www.internationalmindfulnessconference.com\/de\/2024\/06\/21\/achtsamkeit-fur-kunftige-generationen\/","title":{"rendered":"Achtsamkeit f\u00fcr k\u00fcnftige Generationen"},"content":{"rendered":"<div data-elementor-type=\"wp-post\" data-elementor-id=\"51973\" class=\"elementor elementor-51973\" data-elementor-post-type=\"post\">\n\t\t\t\t\t\t<section class=\"elementor-section elementor-top-section elementor-element elementor-element-c2d43dd elementor-section-boxed elementor-section-height-default elementor-section-height-default\" data-id=\"c2d43dd\" data-element_type=\"section\" data-e-type=\"section\">\n\t\t\t\t\t\t<div class=\"elementor-container elementor-column-gap-default\">\n\t\t\t\t\t<div class=\"elementor-column elementor-col-100 elementor-top-column elementor-element elementor-element-f0ff013\" data-id=\"f0ff013\" data-element_type=\"column\" data-e-type=\"column\">\n\t\t\t<div class=\"elementor-widget-wrap elementor-element-populated\">\n\t\t\t\t\t\t<div class=\"elementor-element elementor-element-7cfe6a2 elementor-widget elementor-widget-heading\" data-id=\"7cfe6a2\" data-element_type=\"widget\" data-e-type=\"widget\" data-widget_type=\"heading.default\">\n\t\t\t\t<div class=\"elementor-widget-container\">\n\t\t\t\t\t<h2 class=\"elementor-heading-title elementor-size-default\"> ICM:2024 Post-Konferenz 1 TAG WORKSHOP, 6. AUGUST\n<\/h2>\t\t\t\t<\/div>\n\t\t\t\t<\/div>\n\t\t\t\t<div class=\"elementor-element elementor-element-50fcb8b elementor-widget elementor-widget-image\" data-id=\"50fcb8b\" data-element_type=\"widget\" data-e-type=\"widget\" data-widget_type=\"image.default\">\n\t\t\t\t<div class=\"elementor-widget-container\">\n\t\t\t\t\t\t\t\t\t\t\t\t\t\t\t<img fetchpriority=\"high\" decoding=\"async\" width=\"940\" height=\"788\" src=\"https:\/\/www.internationalmindfulnessconference.com\/wp-content\/uploads\/2024\/06\/Post-conference-Future-Generations-.png\" class=\"attachment-large size-large wp-image-51991\" alt=\"\" srcset=\"https:\/\/www.internationalmindfulnessconference.com\/wp-content\/uploads\/2024\/06\/Post-conference-Future-Generations-.png 940w, https:\/\/www.internationalmindfulnessconference.com\/wp-content\/uploads\/2024\/06\/Post-conference-Future-Generations--300x251.png 300w, https:\/\/www.internationalmindfulnessconference.com\/wp-content\/uploads\/2024\/06\/Post-conference-Future-Generations--768x644.png 768w, https:\/\/www.internationalmindfulnessconference.com\/wp-content\/uploads\/2024\/06\/Post-conference-Future-Generations--14x12.png 14w, https:\/\/www.internationalmindfulnessconference.com\/wp-content\/uploads\/2024\/06\/Post-conference-Future-Generations--600x503.png 600w\" sizes=\"(max-width: 940px) 100vw, 940px\" \/>\t\t\t\t\t\t\t\t\t\t\t\t\t\t\t<\/div>\n\t\t\t\t<\/div>\n\t\t\t\t<div class=\"elementor-element elementor-element-e7410e4 elementor-widget-divider--view-line elementor-widget elementor-widget-divider\" data-id=\"e7410e4\" data-element_type=\"widget\" data-e-type=\"widget\" data-widget_type=\"divider.default\">\n\t\t\t\t<div class=\"elementor-widget-container\">\n\t\t\t\t\t\t\t<div class=\"elementor-divider\">\n\t\t\t<span class=\"elementor-divider-separator\">\n\t\t\t\t\t\t<\/span>\n\t\t<\/div>\n\t\t\t\t\t\t<\/div>\n\t\t\t\t<\/div>\n\t\t\t\t<div class=\"elementor-element elementor-element-6661c9d elementor-widget elementor-widget-heading\" data-id=\"6661c9d\" data-element_type=\"widget\" data-e-type=\"widget\" data-widget_type=\"heading.default\">\n\t\t\t\t<div class=\"elementor-widget-container\">\n\t\t\t\t\t<h2 class=\"elementor-heading-title elementor-size-default\"><a href=\"https:\/\/www.internationalmindfulnessconference.com\/de\/tickets-kaufen\/\">Online oder pers\u00f6nlich teilnehmen<\/a><\/h2>\t\t\t\t<\/div>\n\t\t\t\t<\/div>\n\t\t\t\t<div class=\"elementor-element elementor-element-f3f40e5 elementor-widget elementor-widget-text-editor\" data-id=\"f3f40e5\" data-element_type=\"widget\" data-e-type=\"widget\" data-widget_type=\"text-editor.default\">\n\t\t\t\t<div class=\"elementor-widget-container\">\n\t\t\t\t\t\t\t\t\t<p>Im Rahmen der Internationalen Konferenz \u00fcber Achtsamkeit (ICM:2024) an der Universit\u00e4t Bangor findet ein ganzt\u00e4giger Workshop statt, der von <em><strong>Projekt Achtsamkeit in Schulen (MiSP)<\/strong><\/em>:<\/p><div id=\"responding-to-the-climate-crisis\" class=\"elementor-element elementor-element-1b121ed elementor-widget elementor-widget-uael-infobox\" data-id=\"1b121ed\" data-element_type=\"widget\" data-widget_type=\"uael-infobox.default\"><div class=\"elementor-widget-container\"><div class=\"uael-module-content uael-infobox uael-imgicon-style-normal uael-infobox-left infobox-has-icon uael-infobox-icon-left uael-infobox-image-valign-top uael-infobox-stacked-tablet uael-infobox-link-type-link\"><div class=\"uael-infobox-left-right-wrap\"><div class=\"uael-infobox-content\"><div class=\"uael-infobox-text-wrap\"><div class=\"uael-infobox-text elementor-inline-editing\" data-elementor-setting-key=\"infobox_description\" data-elementor-inline-editing-toolbar=\"advanced\"><p><b>Achtsamkeit f\u00fcr zuk\u00fcnftige Generationen mit\u00a0<a href=\"http:\/\/&quot;https\/\/www.internationalmindfulnessconference.com\/speakers\/\">Emily Slater, Esther Ghey, Katherine Weare, Sarah Silverton, Ben Chalwin, Faiy Rushton, Richard Burnett,<\/a>\u00a0und\u00a0<a href=\"http:\/\/&quot;https\/\/www.internationalmindfulnessconference.com\/speakers\/\">Jason Steele<\/a><\/b><\/p><p>Es gibt drei M\u00f6glichkeiten, auf diese Sitzung zuzugreifen. W\u00e4hlen Sie aus:<\/p><h5 style=\"text-align: center;\"><strong><a href=\"https:\/\/www.internationalmindfulnessconference.com\/de\/tickets-kaufen\/\">Ein 5-Tage-Personen-Konferenzpass - \u00a3700<\/a><\/strong><\/h5><h5 style=\"text-align: center;\"><strong><a href=\"https:\/\/www.internationalmindfulnessconference.com\/de\/tickets-kaufen\/\">Ein pers\u00f6nlicher 1-Tages-Workshop-Pass - \u00a3100<\/a><\/strong><\/h5><h5 style=\"text-align: center;\"><strong><a href=\"https:\/\/www.internationalmindfulnessconference.com\/de\/tickets-kaufen\/\">Ein Online-Pass f\u00fcr einen 1-Tages-Workshop - \u00a350<\/a><\/strong><\/h5><p style=\"text-align: center;\"><em><br \/>Suchen Sie einen Rabatt? Wir begr\u00fc\u00dfen alle <a href=\"https:\/\/www.internationalmindfulnessconference.com\/de\/unsere-stipendien\/\">Stipendienantr\u00e4ge<\/a> vor dem 15. Juli.<\/em><\/p><p>Achtsamkeit ist heute in vielen Bereichen der Gesellschaft anzutreffen, doch welches Potenzial birgt sie f\u00fcr k\u00fcnftige Generationen? Kommen Sie zu uns, um die M\u00f6glichkeiten und Herausforderungen der Achtsamkeit f\u00fcr k\u00fcnftige Generationen zu er\u00f6rtern. Wir werden auch untersuchen, wie Bildungs- und Jugendeinrichtungen und die Menschen darin auf ihrem Weg zur Einf\u00fchrung gut konzipierter und nachhaltiger achtsamkeitsbasierter Initiativen unterst\u00fctzt werden k\u00f6nnen; was die Forschung, die Erfahrungen und das Feedback uns \u00fcber die besten Wege, dies erfolgreich zu tun, sagen; und wie P\u00e4dagogen, Aktivisten, Eltern und andere in der Lage sein k\u00f6nnten, das Interesse und die Unterst\u00fctzung f\u00fcr Achtsamkeit zum Nutzen k\u00fcnftiger Generationen zu f\u00f6rdern und einen gleichberechtigten Zugang zu Achtsamkeitsans\u00e4tzen f\u00fcr alle zu einer Zeit zu gew\u00e4hrleisten, in der dies am meisten ben\u00f6tigt wird.<\/p><p><span style=\"font-size: 16px; text-decoration-line: initial;\">Dieser Workshop wird vom Mindfulness in Schools Project (MiSP) geleitet und st\u00fctzt sich auf dessen reiche Erfahrung (seit 2009) sowie auf die Erfahrungen anderer Akteure in diesem Bereich. Wir hoffen, einen Dialog zu er\u00f6ffnen, in dem wir uns gegenseitig befragen, voneinander h\u00f6ren und lernen und gemeinsam erkunden, wie Achtsamkeit in k\u00fcnftigen Generationen aussehen k\u00f6nnte. Es wird die M\u00f6glichkeit geben, den neuesten Forschungs\u00fcberblick zu h\u00f6ren von\u00a0<\/span><strong style=\"font-size: 16px; text-decoration-line: initial;\">Professorin Katherine Weare<\/strong><span style=\"font-size: 16px; text-decoration-line: initial;\">Einblicke von Kindern und Jugendlichen selbst; ein \u00dcberblick \u00fcber die Erfahrungen bei der Entwicklung von Achtsamkeit in Schulen; Einf\u00fchrung eines Rahmens, der verschiedene Einstiegspunkte und eine Reihe von Wegen zur Einf\u00fchrung und Aufrechterhaltung von Achtsamkeit in und f\u00fcr Bildungsgemeinschaften bietet, darunter: ein achtsamer Ansatz f\u00fcr jede Rolle in einer Schule; achtsamer Fachunterricht; diskrete Vermittlung von Achtsamkeit an Sch\u00fcler; Unterst\u00fctzung von Achtsamkeits-Lehrergemeinschaften in Schulen und die bewusste Entwicklung einer gesamten Schulkultur, die die Werte, Qualit\u00e4ten und Einstellungen der Achtsamkeit verk\u00f6rpert.<\/span><\/p><\/div><\/div><\/div><\/div><\/div><\/div><div class=\"elementor-widget-container\"><div class=\"elementor-toggle\"><div class=\"elementor-toggle-item\"><p>In diesem Workshop werden auch \u00dcberlegungen zu der j\u00fcngsten inspirierenden Arbeit von\u00a0<strong>Esther Ghey<\/strong>\u00a0(Mutter des ermordeten britischen Teenagers Brianna), um die Achtsamkeitsausbildung eines Lehrers in jeder Schule in Briannas Heimatstadt Warrington zu finanzieren und das Bewusstsein f\u00fcr Achtsamkeit bei Medien und Entscheidungstr\u00e4gern zu sch\u00e4rfen. Wir freuen uns, dass Esther an der Veranstaltung teilnehmen kann, um ihre Sichtweise als Elternteil, Achtsamkeitspraktikerin und Direktorin der neuen CIC Peace and Mind UK mitzuteilen, und dass\u00a0<strong>Emily Slater (Gesch\u00e4ftsf\u00fchrerin von MiSP)<\/strong>\u00a0wird sich ihr dabei anschlie\u00dfen.<\/p><p>Dieser Workshop ist f\u00fcr seine altersspezifischen Lehrpl\u00e4ne bekannt und wird mit Sicherheit auch eine Kostprobe des neuesten MiSP-Lehrplans enthalten, der auf unsere j\u00fcngsten Lernenden, die 3-6-J\u00e4hrigen, zugeschnitten ist, sowie des Lehrplans von The Present f\u00fcr Schulen, mit der M\u00f6glichkeit, direkt vom The Present-Direktor und Lehrplanautor zu h\u00f6ren,\u00a0<strong>Sarah Silverton<\/strong>im Rahmen einer neuen offiziellen Zusammenarbeit zwischen den beiden Organisationen.\u00a0\u00a0<\/p><p>Dieser Workshop steht allen offen und bietet auch P\u00e4dagogen und allen, die sich beruflich oder privat um Kinder und Jugendliche k\u00fcmmern oder sich aus anderen Gr\u00fcnden f\u00fcr Achtsamkeit engagieren, die M\u00f6glichkeit, sich zu treffen und zu vernetzen. Wenn Ihnen die zuk\u00fcnftigen Generationen am Herzen liegen und Sie daf\u00fcr sorgen m\u00f6chten, dass so viele Menschen wie m\u00f6glich Zugang zu Achtsamkeit in ihrem Leben finden? Wir hoffen, dass dieser Workshop Ihnen praktische Werkzeuge und Inspiration bietet.\u00a0<\/p><h5 style=\"text-align: center;\"><span style=\"text-decoration: underline;\"><a href=\"https:\/\/www.internationalmindfulnessconference.com\/de\/tickets-kaufen\/\"><strong>Buchen Sie jetzt Ihren Platz!<\/strong><\/a><\/span><\/h5><div id=\"elementor-tab-content-3151\" class=\"elementor-tab-content elementor-clearfix elementor-active\" role=\"region\" data-tab=\"1\" aria-labelledby=\"elementor-tab-title-3151\">\u00a0<\/div><\/div><\/div><\/div><\/div>\t\t\t\t\t\t\t\t<\/div>\n\t\t\t\t<\/div>\n\t\t\t\t<div class=\"elementor-element elementor-element-491308c elementor-widget-divider--view-line elementor-widget elementor-widget-divider\" data-id=\"491308c\" data-element_type=\"widget\" data-e-type=\"widget\" data-widget_type=\"divider.default\">\n\t\t\t\t<div class=\"elementor-widget-container\">\n\t\t\t\t\t\t\t<div class=\"elementor-divider\">\n\t\t\t<span class=\"elementor-divider-separator\">\n\t\t\t\t\t\t<\/span>\n\t\t<\/div>\n\t\t\t\t\t\t<\/div>\n\t\t\t\t<\/div>\n\t\t\t\t\t<\/div>\n\t\t<\/div>\n\t\t\t\t\t<\/div>\n\t\t<\/section>\n\t\t\t\t<\/div>","protected":false},"excerpt":{"rendered":"<p>ICM:2024 Post-Conference 1 DAY WORKSHOP, 6 AUGUST Join Online or In-Person As part of the International Conference on Mindfulness (ICM:2024) at Bangor University there will be a full day workshop led by Mindfulness in Schools Project (MiSP): Mindfulness for Future Generations with\u00a0Emily Slater, Esther Ghey, Katherine Weare, Sarah Silverton, Ben Chalwin, Faiy Rushton, Richard Burnett,\u00a0and\u00a0Jason [&hellip;]<\/p>\n","protected":false},"author":4,"featured_media":51975,"comment_status":"closed","ping_status":"closed","sticky":false,"template":"","format":"standard","meta":{"_view_id":"","site-sidebar-layout":"default","site-content-layout":"","ast-site-content-layout":"default","site-content-style":"default","site-sidebar-style":"default","ast-global-header-display":"","ast-banner-title-visibility":"","ast-main-header-display":"","ast-hfb-above-header-display":"","ast-hfb-below-header-display":"","ast-hfb-mobile-header-display":"","site-post-title":"","ast-breadcrumbs-content":"","ast-featured-img":"disabled","footer-sml-layout":"","ast-disable-related-posts":"","theme-transparent-header-meta":"","adv-header-id-meta":"","stick-header-meta":"","header-above-stick-meta":"","header-main-stick-meta":"","header-below-stick-meta":"","astra-migrate-meta-layouts":"set","ast-page-background-enabled":"default","ast-page-background-meta":{"desktop":{"background-color":"","background-image":"","background-repeat":"repeat","background-position":"center center","background-size":"auto","background-attachment":"scroll","background-type":"","background-media":"","overlay-type":"","overlay-color":"","overlay-opacity":"","overlay-gradient":""},"tablet":{"background-color":"","background-image":"","background-repeat":"repeat","background-position":"center center","background-size":"auto","background-attachment":"scroll","background-type":"","background-media":"","overlay-type":"","overlay-color":"","overlay-opacity":"","overlay-gradient":""},"mobile":{"background-color":"","background-image":"","background-repeat":"repeat","background-position":"center center","background-size":"auto","background-attachment":"scroll","background-type":"","background-media":"","overlay-type":"","overlay-color":"","overlay-opacity":"","overlay-gradient":""}},"ast-content-background-meta":{"desktop":{"background-color":"var(--ast-global-color-5)","background-image":"","background-repeat":"repeat","background-position":"center center","background-size":"auto","background-attachment":"scroll","background-type":"","background-media":"","overlay-type":"","overlay-color":"","overlay-opacity":"","overlay-gradient":""},"tablet":{"background-color":"var(--ast-global-color-5)","background-image":"","background-repeat":"repeat","background-position":"center center","background-size":"auto","background-attachment":"scroll","background-type":"","background-media":"","overlay-type":"","overlay-color":"","overlay-opacity":"","overlay-gradient":""},"mobile":{"background-color":"var(--ast-global-color-5)","background-image":"","background-repeat":"repeat","background-position":"center center","background-size":"auto","background-attachment":"scroll","background-type":"","background-media":"","overlay-type":"","overlay-color":"","overlay-opacity":"","overlay-gradient":""}},"_jetpack_memberships_contains_paid_content":false,"wds_primary_category":115,"footnotes":""},"categories":[82,115],"tags":[],"class_list":["post-51973","post","type-post","status-publish","format-standard","has-post-thumbnail","hentry","category-five-strands","category-workshops-retreat-training"],"yoast_head":"<!-- This site is optimized with the Yoast SEO plugin v27.5 - https:\/\/yoast.com\/product\/yoast-seo-wordpress\/ -->\n<title>Mindfulness for Future Generations - International Conference on Mindfulness 2024<\/title>\n<meta name=\"description\" content=\"Five Strands\" \/>\n<meta name=\"robots\" content=\"index, follow, max-snippet:-1, max-image-preview:large, max-video-preview:-1\" \/>\n<link rel=\"canonical\" href=\"https:\/\/www.internationalmindfulnessconference.com\/de\/2024\/06\/21\/achtsamkeit-fur-kunftige-generationen\/\" \/>\n<meta property=\"og:locale\" content=\"de_DE\" \/>\n<meta property=\"og:type\" content=\"article\" \/>\n<meta property=\"og:title\" content=\"Mindfulness for Future Generations - International Conference on Mindfulness 2024\" \/>\n<meta property=\"og:description\" content=\"Five Strands\" \/>\n<meta property=\"og:url\" content=\"https:\/\/www.internationalmindfulnessconference.com\/de\/2024\/06\/21\/achtsamkeit-fur-kunftige-generationen\/\" \/>\n<meta property=\"og:site_name\" content=\"International Conference on Mindfulness 2024\" \/>\n<meta property=\"article:publisher\" content=\"https:\/\/www.facebook.com\/MindfulnessNetworkUK\/\" \/>\n<meta property=\"article:published_time\" content=\"2024-06-21T00:16:58+00:00\" \/>\n<meta property=\"article:modified_time\" content=\"2024-06-25T10:58:20+00:00\" \/>\n<meta property=\"og:image\" content=\"https:\/\/www.internationalmindfulnessconference.com\/wp-content\/uploads\/2024\/06\/post-conference-workshop-pass.png\" \/>\n\t<meta property=\"og:image:width\" content=\"1375\" \/>\n\t<meta property=\"og:image:height\" content=\"1375\" \/>\n\t<meta property=\"og:image:type\" content=\"image\/png\" \/>\n<meta name=\"author\" content=\"Joelle\" \/>\n<meta name=\"twitter:card\" content=\"summary_large_image\" \/>\n<meta name=\"twitter:creator\" content=\"@MindfulnessN\" \/>\n<meta name=\"twitter:site\" content=\"@MindfulnessN\" \/>\n<meta name=\"twitter:label1\" content=\"Verfasst von\" \/>\n\t<meta name=\"twitter:data1\" content=\"Joelle\" \/>\n\t<meta name=\"twitter:label2\" content=\"Gesch\u00e4tzte Lesezeit\" \/>\n\t<meta name=\"twitter:data2\" content=\"6\u00a0Minuten\" \/>\n<script type=\"application\/ld+json\" class=\"yoast-schema-graph\">{\"@context\":\"https:\\\/\\\/schema.org\",\"@graph\":[{\"@type\":\"Article\",\"@id\":\"https:\\\/\\\/www.internationalmindfulnessconference.com\\\/2024\\\/06\\\/21\\\/mindfulness-for-future-generations\\\/#article\",\"isPartOf\":{\"@id\":\"https:\\\/\\\/www.internationalmindfulnessconference.com\\\/2024\\\/06\\\/21\\\/mindfulness-for-future-generations\\\/\"},\"author\":{\"name\":\"Joelle\",\"@id\":\"https:\\\/\\\/www.internationalmindfulnessconference.com\\\/#\\\/schema\\\/person\\\/8c7c27f8bbd1139766ae25513970a4af\"},\"headline\":\"Mindfulness for Future Generations\",\"datePublished\":\"2024-06-21T00:16:58+00:00\",\"dateModified\":\"2024-06-25T10:58:20+00:00\",\"mainEntityOfPage\":{\"@id\":\"https:\\\/\\\/www.internationalmindfulnessconference.com\\\/2024\\\/06\\\/21\\\/mindfulness-for-future-generations\\\/\"},\"wordCount\":597,\"publisher\":{\"@id\":\"https:\\\/\\\/www.internationalmindfulnessconference.com\\\/#organization\"},\"image\":{\"@id\":\"https:\\\/\\\/www.internationalmindfulnessconference.com\\\/2024\\\/06\\\/21\\\/mindfulness-for-future-generations\\\/#primaryimage\"},\"thumbnailUrl\":\"https:\\\/\\\/www.internationalmindfulnessconference.com\\\/wp-content\\\/uploads\\\/2024\\\/06\\\/post-conference-workshop-pass.png\",\"articleSection\":[\"Five Strands\",\"workshops, retreat, training\"],\"inLanguage\":\"de\"},{\"@type\":\"WebPage\",\"@id\":\"https:\\\/\\\/www.internationalmindfulnessconference.com\\\/2024\\\/06\\\/21\\\/mindfulness-for-future-generations\\\/\",\"url\":\"https:\\\/\\\/www.internationalmindfulnessconference.com\\\/2024\\\/06\\\/21\\\/mindfulness-for-future-generations\\\/\",\"name\":\"Mindfulness for Future Generations - International Conference on Mindfulness 2024\",\"isPartOf\":{\"@id\":\"https:\\\/\\\/www.internationalmindfulnessconference.com\\\/#website\"},\"primaryImageOfPage\":{\"@id\":\"https:\\\/\\\/www.internationalmindfulnessconference.com\\\/2024\\\/06\\\/21\\\/mindfulness-for-future-generations\\\/#primaryimage\"},\"image\":{\"@id\":\"https:\\\/\\\/www.internationalmindfulnessconference.com\\\/2024\\\/06\\\/21\\\/mindfulness-for-future-generations\\\/#primaryimage\"},\"thumbnailUrl\":\"https:\\\/\\\/www.internationalmindfulnessconference.com\\\/wp-content\\\/uploads\\\/2024\\\/06\\\/post-conference-workshop-pass.png\",\"datePublished\":\"2024-06-21T00:16:58+00:00\",\"dateModified\":\"2024-06-25T10:58:20+00:00\",\"description\":\"Five Strands\",\"breadcrumb\":{\"@id\":\"https:\\\/\\\/www.internationalmindfulnessconference.com\\\/2024\\\/06\\\/21\\\/mindfulness-for-future-generations\\\/#breadcrumb\"},\"inLanguage\":\"de\",\"potentialAction\":[{\"@type\":\"ReadAction\",\"target\":[\"https:\\\/\\\/www.internationalmindfulnessconference.com\\\/2024\\\/06\\\/21\\\/mindfulness-for-future-generations\\\/\"]}]},{\"@type\":\"ImageObject\",\"inLanguage\":\"de\",\"@id\":\"https:\\\/\\\/www.internationalmindfulnessconference.com\\\/2024\\\/06\\\/21\\\/mindfulness-for-future-generations\\\/#primaryimage\",\"url\":\"https:\\\/\\\/www.internationalmindfulnessconference.com\\\/wp-content\\\/uploads\\\/2024\\\/06\\\/post-conference-workshop-pass.png\",\"contentUrl\":\"https:\\\/\\\/www.internationalmindfulnessconference.com\\\/wp-content\\\/uploads\\\/2024\\\/06\\\/post-conference-workshop-pass.png\",\"width\":1375,\"height\":1375},{\"@type\":\"BreadcrumbList\",\"@id\":\"https:\\\/\\\/www.internationalmindfulnessconference.com\\\/2024\\\/06\\\/21\\\/mindfulness-for-future-generations\\\/#breadcrumb\",\"itemListElement\":[{\"@type\":\"ListItem\",\"position\":1,\"name\":\"Home\",\"item\":\"https:\\\/\\\/www.internationalmindfulnessconference.com\\\/\"},{\"@type\":\"ListItem\",\"position\":2,\"name\":\"Mindfulness for Future Generations\"}]},{\"@type\":\"WebSite\",\"@id\":\"https:\\\/\\\/www.internationalmindfulnessconference.com\\\/#website\",\"url\":\"https:\\\/\\\/www.internationalmindfulnessconference.com\\\/\",\"name\":\"International Conference on Mindfulness 2024\",\"description\":\"ICM 2024: Mindfulness in a Changing World\",\"publisher\":{\"@id\":\"https:\\\/\\\/www.internationalmindfulnessconference.com\\\/#organization\"},\"alternateName\":\"ICM 2024\",\"potentialAction\":[{\"@type\":\"SearchAction\",\"target\":{\"@type\":\"EntryPoint\",\"urlTemplate\":\"https:\\\/\\\/www.internationalmindfulnessconference.com\\\/?s={search_term_string}\"},\"query-input\":{\"@type\":\"PropertyValueSpecification\",\"valueRequired\":true,\"valueName\":\"search_term_string\"}}],\"inLanguage\":\"de\"},{\"@type\":\"Organization\",\"@id\":\"https:\\\/\\\/www.internationalmindfulnessconference.com\\\/#organization\",\"name\":\"The Mindfulness Network\",\"alternateName\":\"Mindfulness Network\",\"url\":\"https:\\\/\\\/www.internationalmindfulnessconference.com\\\/\",\"logo\":{\"@type\":\"ImageObject\",\"inLanguage\":\"de\",\"@id\":\"https:\\\/\\\/www.internationalmindfulnessconference.com\\\/#\\\/schema\\\/logo\\\/image\\\/\",\"url\":\"https:\\\/\\\/www.internationalmindfulnessconference.com\\\/wp-content\\\/uploads\\\/2023\\\/01\\\/MNLogo-300x300-1.jpg\",\"contentUrl\":\"https:\\\/\\\/www.internationalmindfulnessconference.com\\\/wp-content\\\/uploads\\\/2023\\\/01\\\/MNLogo-300x300-1.jpg\",\"width\":300,\"height\":300,\"caption\":\"The Mindfulness Network\"},\"image\":{\"@id\":\"https:\\\/\\\/www.internationalmindfulnessconference.com\\\/#\\\/schema\\\/logo\\\/image\\\/\"},\"sameAs\":[\"https:\\\/\\\/www.facebook.com\\\/MindfulnessNetworkUK\\\/\",\"https:\\\/\\\/x.com\\\/MindfulnessN\"]},{\"@type\":\"Person\",\"@id\":\"https:\\\/\\\/www.internationalmindfulnessconference.com\\\/#\\\/schema\\\/person\\\/8c7c27f8bbd1139766ae25513970a4af\",\"name\":\"Joelle\",\"image\":{\"@type\":\"ImageObject\",\"inLanguage\":\"de\",\"@id\":\"https:\\\/\\\/www.internationalmindfulnessconference.com\\\/wp-content\\\/wphb-cache\\\/gravatar\\\/732\\\/732517fb250b638fc69f7bdc6e0c5120x96.jpg\",\"url\":\"https:\\\/\\\/www.internationalmindfulnessconference.com\\\/wp-content\\\/wphb-cache\\\/gravatar\\\/732\\\/732517fb250b638fc69f7bdc6e0c5120x96.jpg\",\"contentUrl\":\"https:\\\/\\\/www.internationalmindfulnessconference.com\\\/wp-content\\\/wphb-cache\\\/gravatar\\\/732\\\/732517fb250b638fc69f7bdc6e0c5120x96.jpg\",\"caption\":\"Joelle\"},\"url\":\"https:\\\/\\\/www.internationalmindfulnessconference.com\\\/de\\\/author\\\/joellemindfulness-network-org\\\/\"}]}<\/script>\n<!-- \/ Yoast SEO plugin. -->","yoast_head_json":{"title":"Achtsamkeit f\u00fcr zuk\u00fcnftige Generationen - Internationale Konferenz \u00fcber Achtsamkeit 2024","description":"F\u00fcnf Str\u00e4nge","robots":{"index":"index","follow":"follow","max-snippet":"max-snippet:-1","max-image-preview":"max-image-preview:large","max-video-preview":"max-video-preview:-1"},"canonical":"https:\/\/www.internationalmindfulnessconference.com\/de\/2024\/06\/21\/achtsamkeit-fur-kunftige-generationen\/","og_locale":"de_DE","og_type":"article","og_title":"Mindfulness for Future Generations - International Conference on Mindfulness 2024","og_description":"Five Strands","og_url":"https:\/\/www.internationalmindfulnessconference.com\/de\/2024\/06\/21\/achtsamkeit-fur-kunftige-generationen\/","og_site_name":"International Conference on Mindfulness 2024","article_publisher":"https:\/\/www.facebook.com\/MindfulnessNetworkUK\/","article_published_time":"2024-06-21T00:16:58+00:00","article_modified_time":"2024-06-25T10:58:20+00:00","og_image":[{"width":1375,"height":1375,"url":"https:\/\/www.internationalmindfulnessconference.com\/wp-content\/uploads\/2024\/06\/post-conference-workshop-pass.png","type":"image\/png"}],"author":"Joelle","twitter_card":"summary_large_image","twitter_creator":"@MindfulnessN","twitter_site":"@MindfulnessN","twitter_misc":{"Verfasst von":"Joelle","Gesch\u00e4tzte Lesezeit":"6\u00a0Minuten"},"schema":{"@context":"https:\/\/schema.org","@graph":[{"@type":"Article","@id":"https:\/\/www.internationalmindfulnessconference.com\/2024\/06\/21\/mindfulness-for-future-generations\/#article","isPartOf":{"@id":"https:\/\/www.internationalmindfulnessconference.com\/2024\/06\/21\/mindfulness-for-future-generations\/"},"author":{"name":"Joelle","@id":"https:\/\/www.internationalmindfulnessconference.com\/#\/schema\/person\/8c7c27f8bbd1139766ae25513970a4af"},"headline":"Mindfulness for Future Generations","datePublished":"2024-06-21T00:16:58+00:00","dateModified":"2024-06-25T10:58:20+00:00","mainEntityOfPage":{"@id":"https:\/\/www.internationalmindfulnessconference.com\/2024\/06\/21\/mindfulness-for-future-generations\/"},"wordCount":597,"publisher":{"@id":"https:\/\/www.internationalmindfulnessconference.com\/#organization"},"image":{"@id":"https:\/\/www.internationalmindfulnessconference.com\/2024\/06\/21\/mindfulness-for-future-generations\/#primaryimage"},"thumbnailUrl":"https:\/\/www.internationalmindfulnessconference.com\/wp-content\/uploads\/2024\/06\/post-conference-workshop-pass.png","articleSection":["Five Strands","workshops, retreat, training"],"inLanguage":"de"},{"@type":"WebPage","@id":"https:\/\/www.internationalmindfulnessconference.com\/2024\/06\/21\/mindfulness-for-future-generations\/","url":"https:\/\/www.internationalmindfulnessconference.com\/2024\/06\/21\/mindfulness-for-future-generations\/","name":"Achtsamkeit f\u00fcr zuk\u00fcnftige Generationen - Internationale Konferenz \u00fcber Achtsamkeit 2024","isPartOf":{"@id":"https:\/\/www.internationalmindfulnessconference.com\/#website"},"primaryImageOfPage":{"@id":"https:\/\/www.internationalmindfulnessconference.com\/2024\/06\/21\/mindfulness-for-future-generations\/#primaryimage"},"image":{"@id":"https:\/\/www.internationalmindfulnessconference.com\/2024\/06\/21\/mindfulness-for-future-generations\/#primaryimage"},"thumbnailUrl":"https:\/\/www.internationalmindfulnessconference.com\/wp-content\/uploads\/2024\/06\/post-conference-workshop-pass.png","datePublished":"2024-06-21T00:16:58+00:00","dateModified":"2024-06-25T10:58:20+00:00","description":"F\u00fcnf Str\u00e4nge","breadcrumb":{"@id":"https:\/\/www.internationalmindfulnessconference.com\/2024\/06\/21\/mindfulness-for-future-generations\/#breadcrumb"},"inLanguage":"de","potentialAction":[{"@type":"ReadAction","target":["https:\/\/www.internationalmindfulnessconference.com\/2024\/06\/21\/mindfulness-for-future-generations\/"]}]},{"@type":"ImageObject","inLanguage":"de","@id":"https:\/\/www.internationalmindfulnessconference.com\/2024\/06\/21\/mindfulness-for-future-generations\/#primaryimage","url":"https:\/\/www.internationalmindfulnessconference.com\/wp-content\/uploads\/2024\/06\/post-conference-workshop-pass.png","contentUrl":"https:\/\/www.internationalmindfulnessconference.com\/wp-content\/uploads\/2024\/06\/post-conference-workshop-pass.png","width":1375,"height":1375},{"@type":"BreadcrumbList","@id":"https:\/\/www.internationalmindfulnessconference.com\/2024\/06\/21\/mindfulness-for-future-generations\/#breadcrumb","itemListElement":[{"@type":"ListItem","position":1,"name":"Home","item":"https:\/\/www.internationalmindfulnessconference.com\/"},{"@type":"ListItem","position":2,"name":"Mindfulness for Future Generations"}]},{"@type":"WebSite","@id":"https:\/\/www.internationalmindfulnessconference.com\/#website","url":"https:\/\/www.internationalmindfulnessconference.com\/","name":"Internationale Konferenz \u00fcber Achtsamkeit 2024","description":"ICM 2024: Achtsamkeit in einer sich ver\u00e4ndernden Welt","publisher":{"@id":"https:\/\/www.internationalmindfulnessconference.com\/#organization"},"alternateName":"ICM 2024","potentialAction":[{"@type":"SearchAction","target":{"@type":"EntryPoint","urlTemplate":"https:\/\/www.internationalmindfulnessconference.com\/?s={search_term_string}"},"query-input":{"@type":"PropertyValueSpecification","valueRequired":true,"valueName":"search_term_string"}}],"inLanguage":"de"},{"@type":"Organization","@id":"https:\/\/www.internationalmindfulnessconference.com\/#organization","name":"Das Netzwerk f\u00fcr Achtsamkeit","alternateName":"Mindfulness Network","url":"https:\/\/www.internationalmindfulnessconference.com\/","logo":{"@type":"ImageObject","inLanguage":"de","@id":"https:\/\/www.internationalmindfulnessconference.com\/#\/schema\/logo\/image\/","url":"https:\/\/www.internationalmindfulnessconference.com\/wp-content\/uploads\/2023\/01\/MNLogo-300x300-1.jpg","contentUrl":"https:\/\/www.internationalmindfulnessconference.com\/wp-content\/uploads\/2023\/01\/MNLogo-300x300-1.jpg","width":300,"height":300,"caption":"The Mindfulness Network"},"image":{"@id":"https:\/\/www.internationalmindfulnessconference.com\/#\/schema\/logo\/image\/"},"sameAs":["https:\/\/www.facebook.com\/MindfulnessNetworkUK\/","https:\/\/x.com\/MindfulnessN"]},{"@type":"Person","@id":"https:\/\/www.internationalmindfulnessconference.com\/#\/schema\/person\/8c7c27f8bbd1139766ae25513970a4af","name":"Joelle","image":{"@type":"ImageObject","inLanguage":"de","@id":"https:\/\/www.internationalmindfulnessconference.com\/wp-content\/wphb-cache\/gravatar\/732\/732517fb250b638fc69f7bdc6e0c5120x96.jpg","url":"https:\/\/www.internationalmindfulnessconference.com\/wp-content\/wphb-cache\/gravatar\/732\/732517fb250b638fc69f7bdc6e0c5120x96.jpg","contentUrl":"https:\/\/www.internationalmindfulnessconference.com\/wp-content\/wphb-cache\/gravatar\/732\/732517fb250b638fc69f7bdc6e0c5120x96.jpg","caption":"Joelle"},"url":"https:\/\/www.internationalmindfulnessconference.com\/de\/author\/joellemindfulness-network-org\/"}]}},"jetpack_featured_media_url":"https:\/\/www.internationalmindfulnessconference.com\/wp-content\/uploads\/2024\/06\/post-conference-workshop-pass.png","jetpack_sharing_enabled":true,"_links":{"self":[{"href":"https:\/\/www.internationalmindfulnessconference.com\/de\/wp-json\/wp\/v2\/posts\/51973","targetHints":{"allow":["GET"]}}],"collection":[{"href":"https:\/\/www.internationalmindfulnessconference.com\/de\/wp-json\/wp\/v2\/posts"}],"about":[{"href":"https:\/\/www.internationalmindfulnessconference.com\/de\/wp-json\/wp\/v2\/types\/post"}],"author":[{"embeddable":true,"href":"https:\/\/www.internationalmindfulnessconference.com\/de\/wp-json\/wp\/v2\/users\/4"}],"replies":[{"embeddable":true,"href":"https:\/\/www.internationalmindfulnessconference.com\/de\/wp-json\/wp\/v2\/comments?post=51973"}],"version-history":[{"count":0,"href":"https:\/\/www.internationalmindfulnessconference.com\/de\/wp-json\/wp\/v2\/posts\/51973\/revisions"}],"wp:featuredmedia":[{"embeddable":true,"href":"https:\/\/www.internationalmindfulnessconference.com\/de\/wp-json\/wp\/v2\/media\/51975"}],"wp:attachment":[{"href":"https:\/\/www.internationalmindfulnessconference.com\/de\/wp-json\/wp\/v2\/media?parent=51973"}],"wp:term":[{"taxonomy":"category","embeddable":true,"href":"https:\/\/www.internationalmindfulnessconference.com\/de\/wp-json\/wp\/v2\/categories?post=51973"},{"taxonomy":"post_tag","embeddable":true,"href":"https:\/\/www.internationalmindfulnessconference.com\/de\/wp-json\/wp\/v2\/tags?post=51973"}],"curies":[{"name":"wp","href":"https:\/\/api.w.org\/{rel}","templated":true}]}}