{"id":53708,"date":"2024-06-27T15:03:55","date_gmt":"2024-06-27T15:03:55","guid":{"rendered":"https:\/\/www.internationalmindfulnessconference.com\/?p=53708"},"modified":"2024-07-10T19:50:59","modified_gmt":"2024-07-10T19:50:59","slug":"die-macht-der-verbindung-warum-es-wichtig-ist-online-an-der-konferenz-teilzunehmen","status":"publish","type":"post","link":"https:\/\/www.internationalmindfulnessconference.com\/de\/2024\/06\/27\/die-macht-der-verbindung-warum-es-wichtig-ist-online-an-der-konferenz-teilzunehmen\/","title":{"rendered":"DIE MACHT DER VERBINDUNG: WARUM ES WICHTIG IST, ONLINE AN DER KONFERENZ TEILZUNEHMEN"},"content":{"rendered":"<h4 class=\"wp-block-heading\"><em>F\u00dcNF GR\u00dcNDE, ONLINE AM ICM:2024 IN BANGOR TEILZUNEHMEN<\/em><\/h4>\n\n\n\n<h4 class=\"wp-block-heading\"><br><\/h4>\n\n\n\n<p>Die Konferenz wird eine \u00e4u\u00dferst wertvolle Ressource f\u00fcr alle sein, die sich f\u00fcr Achtsamkeit interessieren und wissen wollen, wie sie mit den Herausforderungen unserer Zeit zusammenh\u00e4ngt. Wir verstehen, dass die Teilnahme an der Konferenz in Bangor f\u00fcr viele aus Kosten-, Zeit- und Reisegr\u00fcnden schwierig sein k\u00f6nnte. Vielleicht ziehen Sie es aber auch vor, virtuell teilzunehmen - in einer Welt, in der Achtsamkeit heute jederzeit und von \u00fcberall aus online zug\u00e4nglich ist. Aus diesem Grund werden wir die Veranstaltung auch streamen und aufzeichnen und international zug\u00e4nglich machen.<\/p>\n\n\n\n<p>Wenn Sie nicht zu uns nach Bangor kommen k\u00f6nnen, finden Sie hier f\u00fcnf Gr\u00fcnde, warum Sie die Internationale Achtsamkeitskonferenz zu sich kommen lassen sollten:<\/p>\n\n\n\n<ol class=\"wp-block-list\">\n<li><strong>Vielf\u00e4ltige Angebote:<\/strong> Freuen Sie sich auf ein umfangreiches Angebot an Vortr\u00e4gen, Online-Workshops und Diskussionsrunden mit f\u00fchrenden Lehrern und Forschern aus der ganzen Welt.<br><\/li>\n\n\n\n<li><strong>Interaktive Erfahrung<\/strong>: Hauptvortr\u00e4ge, Podiumsdiskussionen und einige Forschungspr\u00e4sentationen werden live gestreamt, und es besteht die M\u00f6glichkeit, Fragen zu stellen.<br><\/li>\n\n\n\n<li><strong>On-Demand-Zugang<\/strong>: Sie erhalten Zugang zu den Aufzeichnungen der Hauptvortr\u00e4ge, der Podiumsdiskussionen und aller Forschungspr\u00e4sentationen nach Abschluss der Konferenz. Die Aufzeichnungen werden mindestens sechs Monate nach Ende der Konferenz verf\u00fcgbar sein.<br><\/li>\n\n\n\n<li><strong>Gemeinschaftliche Verbindungen<\/strong>: Schlie\u00dfen Sie sich mit Gruppen zusammen, die Ihre Interessen und Anliegen teilen.<br><\/li>\n\n\n\n<li><strong>Flexible Optionen<\/strong>: Gestalten Sie Ihren Online-Konferenzpass so, dass er verschiedene Elemente wie die virtuelle Hauptkonferenz, den Klausurtag oder den Workshoptag nach der Konferenz in jeder beliebigen Kombination enth\u00e4lt, die Ihren Bed\u00fcrfnissen entspricht.<br><\/li>\n<\/ol>\n\n\n\n<p>Wenn Sie pers\u00f6nlich an der Konferenz teilnehmen k\u00f6nnen, erhalten Sie nat\u00fcrlich alle oben genannten Informationen und <a href=\"https:\/\/www.internationalmindfulnessconference.com\/de\/2024\/02\/08\/die-macht-der-prasenz-warum-es-wichtig-ist-personlich-an-der-konferenz-teilzunehmen\/\">viel mehr<\/a>Unsere Online-Option stellt jedoch sicher, dass Sie den Kern der Erfahrung nicht verpassen. Sie k\u00f6nnen sich auch f\u00fcr einen gemischten Ansatz entscheiden, indem Sie einige Teile pers\u00f6nlich und andere online absolvieren und so Ihre Erfahrungen je nach Ihren Vorlieben und Ihrem Zeitplan optimieren.<\/p>\n\n\n\n<p>Wir haben den Preis f\u00fcr die Online-Konferenz so niedrig wie m\u00f6glich gehalten, um ein gutes Preis-Leistungs-Verh\u00e4ltnis zu bieten. Wenn die Kosten jedoch immer noch ein Hindernis darstellen, sollten Sie <a href=\"https:\/\/www.internationalmindfulnessconference.com\/de\/unsere-stipendien\/\">Bewerbung um ein Stipendium<\/a> - Bewerbungsschluss ist der 29. Juli.<\/p>\n\n\n\n<p>Seien Sie online dabei und nehmen Sie an der ICM:2024 teil! <a href=\"https:\/\/www.internationalmindfulnessconference.com\/de\/tickets-kaufen\/\">JETZT BUCHEN!<\/a><\/p>\n\n\n\n<figure class=\"wp-block-image size-full\"><a href=\"https:\/\/www.internationalmindfulnessconference.com\/de\/tickets-kaufen\/\"><img fetchpriority=\"high\" decoding=\"async\" width=\"940\" height=\"788\" src=\"https:\/\/www.internationalmindfulnessconference.com\/wp-content\/uploads\/2024\/06\/ICM2024-Ticket-FULL-ONLINE-ACCESS.jpg\" alt=\"\" class=\"wp-image-53710\" srcset=\"https:\/\/www.internationalmindfulnessconference.com\/wp-content\/uploads\/2024\/06\/ICM2024-Ticket-FULL-ONLINE-ACCESS.jpg 940w, https:\/\/www.internationalmindfulnessconference.com\/wp-content\/uploads\/2024\/06\/ICM2024-Ticket-FULL-ONLINE-ACCESS-300x251.jpg 300w, https:\/\/www.internationalmindfulnessconference.com\/wp-content\/uploads\/2024\/06\/ICM2024-Ticket-FULL-ONLINE-ACCESS-768x644.jpg 768w, https:\/\/www.internationalmindfulnessconference.com\/wp-content\/uploads\/2024\/06\/ICM2024-Ticket-FULL-ONLINE-ACCESS-14x12.jpg 14w, https:\/\/www.internationalmindfulnessconference.com\/wp-content\/uploads\/2024\/06\/ICM2024-Ticket-FULL-ONLINE-ACCESS-600x503.jpg 600w\" sizes=\"(max-width: 940px) 100vw, 940px\" \/><\/a><\/figure>","protected":false},"excerpt":{"rendered":"<p>FIVE REASONS TO JOIN US ONLINE FOR ICM:2024, BANGOR The conference will be a tremendously valuable resource for anyone interested in mindfulness and how it relates to the challenges we face today. We understand that attending the conference in Bangor might be difficult for many due to cost, timing, and travel constraints. Or perhaps you [&hellip;]<\/p>\n","protected":false},"author":4,"featured_media":3613,"comment_status":"closed","ping_status":"closed","sticky":false,"template":"","format":"standard","meta":{"_view_id":"","site-sidebar-layout":"default","site-content-layout":"","ast-site-content-layout":"default","site-content-style":"default","site-sidebar-style":"default","ast-global-header-display":"","ast-banner-title-visibility":"","ast-main-header-display":"","ast-hfb-above-header-display":"","ast-hfb-below-header-display":"","ast-hfb-mobile-header-display":"","site-post-title":"","ast-breadcrumbs-content":"","ast-featured-img":"","footer-sml-layout":"","ast-disable-related-posts":"","theme-transparent-header-meta":"","adv-header-id-meta":"","stick-header-meta":"","header-above-stick-meta":"","header-main-stick-meta":"","header-below-stick-meta":"","astra-migrate-meta-layouts":"set","ast-page-background-enabled":"default","ast-page-background-meta":{"desktop":{"background-color":"","background-image":"","background-repeat":"repeat","background-position":"center center","background-size":"auto","background-attachment":"scroll","background-type":"","background-media":"","overlay-type":"","overlay-color":"","overlay-opacity":"","overlay-gradient":""},"tablet":{"background-color":"","background-image":"","background-repeat":"repeat","background-position":"center center","background-size":"auto","background-attachment":"scroll","background-type":"","background-media":"","overlay-type":"","overlay-color":"","overlay-opacity":"","overlay-gradient":""},"mobile":{"background-color":"","background-image":"","background-repeat":"repeat","background-position":"center center","background-size":"auto","background-attachment":"scroll","background-type":"","background-media":"","overlay-type":"","overlay-color":"","overlay-opacity":"","overlay-gradient":""}},"ast-content-background-meta":{"desktop":{"background-color":"var(--ast-global-color-5)","background-image":"","background-repeat":"repeat","background-position":"center center","background-size":"auto","background-attachment":"scroll","background-type":"","background-media":"","overlay-type":"","overlay-color":"","overlay-opacity":"","overlay-gradient":""},"tablet":{"background-color":"var(--ast-global-color-5)","background-image":"","background-repeat":"repeat","background-position":"center center","background-size":"auto","background-attachment":"scroll","background-type":"","background-media":"","overlay-type":"","overlay-color":"","overlay-opacity":"","overlay-gradient":""},"mobile":{"background-color":"var(--ast-global-color-5)","background-image":"","background-repeat":"repeat","background-position":"center center","background-size":"auto","background-attachment":"scroll","background-type":"","background-media":"","overlay-type":"","overlay-color":"","overlay-opacity":"","overlay-gradient":""}},"_jetpack_memberships_contains_paid_content":false,"wds_primary_category":105,"footnotes":""},"categories":[105],"tags":[],"class_list":["post-53708","post","type-post","status-publish","format-standard","has-post-thumbnail","hentry","category-news"],"yoast_head":"<!-- This site is optimized with the Yoast SEO plugin v27.5 - https:\/\/yoast.com\/product\/yoast-seo-wordpress\/ -->\n<title>THE POWER OF CONNECTION: WHY JOINING THE CONFERENCE ONLINE MATTERS - International Conference on Mindfulness 2024<\/title>\n<meta name=\"description\" content=\"News\" \/>\n<meta name=\"robots\" content=\"index, follow, max-snippet:-1, max-image-preview:large, max-video-preview:-1\" \/>\n<link rel=\"canonical\" href=\"https:\/\/www.internationalmindfulnessconference.com\/de\/2024\/06\/27\/die-macht-der-verbindung-warum-es-wichtig-ist-online-an-der-konferenz-teilzunehmen\/\" \/>\n<meta property=\"og:locale\" content=\"de_DE\" \/>\n<meta property=\"og:type\" content=\"article\" \/>\n<meta property=\"og:title\" content=\"THE POWER OF CONNECTION: WHY JOINING THE CONFERENCE ONLINE MATTERS - International Conference on Mindfulness 2024\" \/>\n<meta property=\"og:description\" content=\"News\" \/>\n<meta property=\"og:url\" content=\"https:\/\/www.internationalmindfulnessconference.com\/de\/2024\/06\/27\/die-macht-der-verbindung-warum-es-wichtig-ist-online-an-der-konferenz-teilzunehmen\/\" \/>\n<meta property=\"og:site_name\" content=\"International Conference on Mindfulness 2024\" \/>\n<meta property=\"article:publisher\" content=\"https:\/\/www.facebook.com\/MindfulnessNetworkUK\/\" \/>\n<meta property=\"article:published_time\" content=\"2024-06-27T15:03:55+00:00\" \/>\n<meta property=\"article:modified_time\" content=\"2024-07-10T19:50:59+00:00\" \/>\n<meta property=\"og:image\" content=\"https:\/\/www.internationalmindfulnessconference.com\/wp-content\/uploads\/2023\/10\/jamie-street-OAKFk5_pVWY-unsplash-1-scaled.jpg\" \/>\n\t<meta property=\"og:image:width\" content=\"2560\" \/>\n\t<meta property=\"og:image:height\" content=\"1809\" \/>\n\t<meta property=\"og:image:type\" content=\"image\/jpeg\" \/>\n<meta name=\"author\" content=\"Joelle\" \/>\n<meta name=\"twitter:card\" content=\"summary_large_image\" \/>\n<meta name=\"twitter:creator\" content=\"@MindfulnessN\" \/>\n<meta name=\"twitter:site\" content=\"@MindfulnessN\" \/>\n<meta name=\"twitter:label1\" content=\"Verfasst von\" \/>\n\t<meta name=\"twitter:data1\" content=\"Joelle\" \/>\n\t<meta name=\"twitter:label2\" content=\"Gesch\u00e4tzte Lesezeit\" \/>\n\t<meta name=\"twitter:data2\" content=\"2\u00a0Minuten\" \/>\n<script type=\"application\/ld+json\" class=\"yoast-schema-graph\">{\"@context\":\"https:\\\/\\\/schema.org\",\"@graph\":[{\"@type\":\"Article\",\"@id\":\"https:\\\/\\\/www.internationalmindfulnessconference.com\\\/2024\\\/06\\\/27\\\/the-power-of-connection-why-joining-the-conference-online-matters\\\/#article\",\"isPartOf\":{\"@id\":\"https:\\\/\\\/www.internationalmindfulnessconference.com\\\/2024\\\/06\\\/27\\\/the-power-of-connection-why-joining-the-conference-online-matters\\\/\"},\"author\":{\"name\":\"Joelle\",\"@id\":\"https:\\\/\\\/www.internationalmindfulnessconference.com\\\/#\\\/schema\\\/person\\\/8c7c27f8bbd1139766ae25513970a4af\"},\"headline\":\"THE POWER OF CONNECTION: WHY JOINING THE CONFERENCE ONLINE MATTERS\",\"datePublished\":\"2024-06-27T15:03:55+00:00\",\"dateModified\":\"2024-07-10T19:50:59+00:00\",\"mainEntityOfPage\":{\"@id\":\"https:\\\/\\\/www.internationalmindfulnessconference.com\\\/2024\\\/06\\\/27\\\/the-power-of-connection-why-joining-the-conference-online-matters\\\/\"},\"wordCount\":344,\"publisher\":{\"@id\":\"https:\\\/\\\/www.internationalmindfulnessconference.com\\\/#organization\"},\"image\":{\"@id\":\"https:\\\/\\\/www.internationalmindfulnessconference.com\\\/2024\\\/06\\\/27\\\/the-power-of-connection-why-joining-the-conference-online-matters\\\/#primaryimage\"},\"thumbnailUrl\":\"https:\\\/\\\/www.internationalmindfulnessconference.com\\\/wp-content\\\/uploads\\\/2023\\\/10\\\/jamie-street-OAKFk5_pVWY-unsplash-1-scaled.jpg\",\"articleSection\":[\"News\"],\"inLanguage\":\"de\"},{\"@type\":\"WebPage\",\"@id\":\"https:\\\/\\\/www.internationalmindfulnessconference.com\\\/2024\\\/06\\\/27\\\/the-power-of-connection-why-joining-the-conference-online-matters\\\/\",\"url\":\"https:\\\/\\\/www.internationalmindfulnessconference.com\\\/2024\\\/06\\\/27\\\/the-power-of-connection-why-joining-the-conference-online-matters\\\/\",\"name\":\"THE POWER OF CONNECTION: WHY JOINING THE CONFERENCE ONLINE MATTERS - International Conference on Mindfulness 2024\",\"isPartOf\":{\"@id\":\"https:\\\/\\\/www.internationalmindfulnessconference.com\\\/#website\"},\"primaryImageOfPage\":{\"@id\":\"https:\\\/\\\/www.internationalmindfulnessconference.com\\\/2024\\\/06\\\/27\\\/the-power-of-connection-why-joining-the-conference-online-matters\\\/#primaryimage\"},\"image\":{\"@id\":\"https:\\\/\\\/www.internationalmindfulnessconference.com\\\/2024\\\/06\\\/27\\\/the-power-of-connection-why-joining-the-conference-online-matters\\\/#primaryimage\"},\"thumbnailUrl\":\"https:\\\/\\\/www.internationalmindfulnessconference.com\\\/wp-content\\\/uploads\\\/2023\\\/10\\\/jamie-street-OAKFk5_pVWY-unsplash-1-scaled.jpg\",\"datePublished\":\"2024-06-27T15:03:55+00:00\",\"dateModified\":\"2024-07-10T19:50:59+00:00\",\"description\":\"News\",\"breadcrumb\":{\"@id\":\"https:\\\/\\\/www.internationalmindfulnessconference.com\\\/2024\\\/06\\\/27\\\/the-power-of-connection-why-joining-the-conference-online-matters\\\/#breadcrumb\"},\"inLanguage\":\"de\",\"potentialAction\":[{\"@type\":\"ReadAction\",\"target\":[\"https:\\\/\\\/www.internationalmindfulnessconference.com\\\/2024\\\/06\\\/27\\\/the-power-of-connection-why-joining-the-conference-online-matters\\\/\"]}]},{\"@type\":\"ImageObject\",\"inLanguage\":\"de\",\"@id\":\"https:\\\/\\\/www.internationalmindfulnessconference.com\\\/2024\\\/06\\\/27\\\/the-power-of-connection-why-joining-the-conference-online-matters\\\/#primaryimage\",\"url\":\"https:\\\/\\\/www.internationalmindfulnessconference.com\\\/wp-content\\\/uploads\\\/2023\\\/10\\\/jamie-street-OAKFk5_pVWY-unsplash-1-scaled.jpg\",\"contentUrl\":\"https:\\\/\\\/www.internationalmindfulnessconference.com\\\/wp-content\\\/uploads\\\/2023\\\/10\\\/jamie-street-OAKFk5_pVWY-unsplash-1-scaled.jpg\",\"width\":2560,\"height\":1809},{\"@type\":\"BreadcrumbList\",\"@id\":\"https:\\\/\\\/www.internationalmindfulnessconference.com\\\/2024\\\/06\\\/27\\\/the-power-of-connection-why-joining-the-conference-online-matters\\\/#breadcrumb\",\"itemListElement\":[{\"@type\":\"ListItem\",\"position\":1,\"name\":\"Home\",\"item\":\"https:\\\/\\\/www.internationalmindfulnessconference.com\\\/\"},{\"@type\":\"ListItem\",\"position\":2,\"name\":\"THE POWER OF CONNECTION: WHY JOINING THE CONFERENCE ONLINE MATTERS\"}]},{\"@type\":\"WebSite\",\"@id\":\"https:\\\/\\\/www.internationalmindfulnessconference.com\\\/#website\",\"url\":\"https:\\\/\\\/www.internationalmindfulnessconference.com\\\/\",\"name\":\"International Conference on Mindfulness 2024\",\"description\":\"ICM 2024: Mindfulness in a Changing World\",\"publisher\":{\"@id\":\"https:\\\/\\\/www.internationalmindfulnessconference.com\\\/#organization\"},\"alternateName\":\"ICM 2024\",\"potentialAction\":[{\"@type\":\"SearchAction\",\"target\":{\"@type\":\"EntryPoint\",\"urlTemplate\":\"https:\\\/\\\/www.internationalmindfulnessconference.com\\\/?s={search_term_string}\"},\"query-input\":{\"@type\":\"PropertyValueSpecification\",\"valueRequired\":true,\"valueName\":\"search_term_string\"}}],\"inLanguage\":\"de\"},{\"@type\":\"Organization\",\"@id\":\"https:\\\/\\\/www.internationalmindfulnessconference.com\\\/#organization\",\"name\":\"The Mindfulness Network\",\"alternateName\":\"Mindfulness Network\",\"url\":\"https:\\\/\\\/www.internationalmindfulnessconference.com\\\/\",\"logo\":{\"@type\":\"ImageObject\",\"inLanguage\":\"de\",\"@id\":\"https:\\\/\\\/www.internationalmindfulnessconference.com\\\/#\\\/schema\\\/logo\\\/image\\\/\",\"url\":\"https:\\\/\\\/www.internationalmindfulnessconference.com\\\/wp-content\\\/uploads\\\/2023\\\/01\\\/MNLogo-300x300-1.jpg\",\"contentUrl\":\"https:\\\/\\\/www.internationalmindfulnessconference.com\\\/wp-content\\\/uploads\\\/2023\\\/01\\\/MNLogo-300x300-1.jpg\",\"width\":300,\"height\":300,\"caption\":\"The Mindfulness Network\"},\"image\":{\"@id\":\"https:\\\/\\\/www.internationalmindfulnessconference.com\\\/#\\\/schema\\\/logo\\\/image\\\/\"},\"sameAs\":[\"https:\\\/\\\/www.facebook.com\\\/MindfulnessNetworkUK\\\/\",\"https:\\\/\\\/x.com\\\/MindfulnessN\"]},{\"@type\":\"Person\",\"@id\":\"https:\\\/\\\/www.internationalmindfulnessconference.com\\\/#\\\/schema\\\/person\\\/8c7c27f8bbd1139766ae25513970a4af\",\"name\":\"Joelle\",\"image\":{\"@type\":\"ImageObject\",\"inLanguage\":\"de\",\"@id\":\"https:\\\/\\\/www.internationalmindfulnessconference.com\\\/wp-content\\\/wphb-cache\\\/gravatar\\\/732\\\/732517fb250b638fc69f7bdc6e0c5120x96.jpg\",\"url\":\"https:\\\/\\\/www.internationalmindfulnessconference.com\\\/wp-content\\\/wphb-cache\\\/gravatar\\\/732\\\/732517fb250b638fc69f7bdc6e0c5120x96.jpg\",\"contentUrl\":\"https:\\\/\\\/www.internationalmindfulnessconference.com\\\/wp-content\\\/wphb-cache\\\/gravatar\\\/732\\\/732517fb250b638fc69f7bdc6e0c5120x96.jpg\",\"caption\":\"Joelle\"},\"url\":\"https:\\\/\\\/www.internationalmindfulnessconference.com\\\/de\\\/author\\\/joellemindfulness-network-org\\\/\"}]}<\/script>\n<!-- \/ Yoast SEO plugin. -->","yoast_head_json":{"title":"DIE KRAFT DER VERBINDUNG: WARUM DIE ONLINE-Teilnahme an der KONFERENZ ZWINGEND IST - Internationale Konferenz \u00fcber Achtsamkeit 2024","description":"Nachrichten","robots":{"index":"index","follow":"follow","max-snippet":"max-snippet:-1","max-image-preview":"max-image-preview:large","max-video-preview":"max-video-preview:-1"},"canonical":"https:\/\/www.internationalmindfulnessconference.com\/de\/2024\/06\/27\/die-macht-der-verbindung-warum-es-wichtig-ist-online-an-der-konferenz-teilzunehmen\/","og_locale":"de_DE","og_type":"article","og_title":"THE POWER OF CONNECTION: WHY JOINING THE CONFERENCE ONLINE MATTERS - International Conference on Mindfulness 2024","og_description":"News","og_url":"https:\/\/www.internationalmindfulnessconference.com\/de\/2024\/06\/27\/die-macht-der-verbindung-warum-es-wichtig-ist-online-an-der-konferenz-teilzunehmen\/","og_site_name":"International Conference on Mindfulness 2024","article_publisher":"https:\/\/www.facebook.com\/MindfulnessNetworkUK\/","article_published_time":"2024-06-27T15:03:55+00:00","article_modified_time":"2024-07-10T19:50:59+00:00","og_image":[{"width":2560,"height":1809,"url":"https:\/\/www.internationalmindfulnessconference.com\/wp-content\/uploads\/2023\/10\/jamie-street-OAKFk5_pVWY-unsplash-1-scaled.jpg","type":"image\/jpeg"}],"author":"Joelle","twitter_card":"summary_large_image","twitter_creator":"@MindfulnessN","twitter_site":"@MindfulnessN","twitter_misc":{"Verfasst von":"Joelle","Gesch\u00e4tzte Lesezeit":"2\u00a0Minuten"},"schema":{"@context":"https:\/\/schema.org","@graph":[{"@type":"Article","@id":"https:\/\/www.internationalmindfulnessconference.com\/2024\/06\/27\/the-power-of-connection-why-joining-the-conference-online-matters\/#article","isPartOf":{"@id":"https:\/\/www.internationalmindfulnessconference.com\/2024\/06\/27\/the-power-of-connection-why-joining-the-conference-online-matters\/"},"author":{"name":"Joelle","@id":"https:\/\/www.internationalmindfulnessconference.com\/#\/schema\/person\/8c7c27f8bbd1139766ae25513970a4af"},"headline":"THE POWER OF CONNECTION: WHY JOINING THE CONFERENCE ONLINE MATTERS","datePublished":"2024-06-27T15:03:55+00:00","dateModified":"2024-07-10T19:50:59+00:00","mainEntityOfPage":{"@id":"https:\/\/www.internationalmindfulnessconference.com\/2024\/06\/27\/the-power-of-connection-why-joining-the-conference-online-matters\/"},"wordCount":344,"publisher":{"@id":"https:\/\/www.internationalmindfulnessconference.com\/#organization"},"image":{"@id":"https:\/\/www.internationalmindfulnessconference.com\/2024\/06\/27\/the-power-of-connection-why-joining-the-conference-online-matters\/#primaryimage"},"thumbnailUrl":"https:\/\/www.internationalmindfulnessconference.com\/wp-content\/uploads\/2023\/10\/jamie-street-OAKFk5_pVWY-unsplash-1-scaled.jpg","articleSection":["News"],"inLanguage":"de"},{"@type":"WebPage","@id":"https:\/\/www.internationalmindfulnessconference.com\/2024\/06\/27\/the-power-of-connection-why-joining-the-conference-online-matters\/","url":"https:\/\/www.internationalmindfulnessconference.com\/2024\/06\/27\/the-power-of-connection-why-joining-the-conference-online-matters\/","name":"DIE KRAFT DER VERBINDUNG: WARUM DIE ONLINE-Teilnahme an der KONFERENZ ZWINGEND IST - Internationale Konferenz \u00fcber Achtsamkeit 2024","isPartOf":{"@id":"https:\/\/www.internationalmindfulnessconference.com\/#website"},"primaryImageOfPage":{"@id":"https:\/\/www.internationalmindfulnessconference.com\/2024\/06\/27\/the-power-of-connection-why-joining-the-conference-online-matters\/#primaryimage"},"image":{"@id":"https:\/\/www.internationalmindfulnessconference.com\/2024\/06\/27\/the-power-of-connection-why-joining-the-conference-online-matters\/#primaryimage"},"thumbnailUrl":"https:\/\/www.internationalmindfulnessconference.com\/wp-content\/uploads\/2023\/10\/jamie-street-OAKFk5_pVWY-unsplash-1-scaled.jpg","datePublished":"2024-06-27T15:03:55+00:00","dateModified":"2024-07-10T19:50:59+00:00","description":"Nachrichten","breadcrumb":{"@id":"https:\/\/www.internationalmindfulnessconference.com\/2024\/06\/27\/the-power-of-connection-why-joining-the-conference-online-matters\/#breadcrumb"},"inLanguage":"de","potentialAction":[{"@type":"ReadAction","target":["https:\/\/www.internationalmindfulnessconference.com\/2024\/06\/27\/the-power-of-connection-why-joining-the-conference-online-matters\/"]}]},{"@type":"ImageObject","inLanguage":"de","@id":"https:\/\/www.internationalmindfulnessconference.com\/2024\/06\/27\/the-power-of-connection-why-joining-the-conference-online-matters\/#primaryimage","url":"https:\/\/www.internationalmindfulnessconference.com\/wp-content\/uploads\/2023\/10\/jamie-street-OAKFk5_pVWY-unsplash-1-scaled.jpg","contentUrl":"https:\/\/www.internationalmindfulnessconference.com\/wp-content\/uploads\/2023\/10\/jamie-street-OAKFk5_pVWY-unsplash-1-scaled.jpg","width":2560,"height":1809},{"@type":"BreadcrumbList","@id":"https:\/\/www.internationalmindfulnessconference.com\/2024\/06\/27\/the-power-of-connection-why-joining-the-conference-online-matters\/#breadcrumb","itemListElement":[{"@type":"ListItem","position":1,"name":"Home","item":"https:\/\/www.internationalmindfulnessconference.com\/"},{"@type":"ListItem","position":2,"name":"THE POWER OF CONNECTION: WHY JOINING THE CONFERENCE ONLINE MATTERS"}]},{"@type":"WebSite","@id":"https:\/\/www.internationalmindfulnessconference.com\/#website","url":"https:\/\/www.internationalmindfulnessconference.com\/","name":"Internationale Konferenz \u00fcber Achtsamkeit 2024","description":"ICM 2024: Achtsamkeit in einer sich ver\u00e4ndernden Welt","publisher":{"@id":"https:\/\/www.internationalmindfulnessconference.com\/#organization"},"alternateName":"ICM 2024","potentialAction":[{"@type":"SearchAction","target":{"@type":"EntryPoint","urlTemplate":"https:\/\/www.internationalmindfulnessconference.com\/?s={search_term_string}"},"query-input":{"@type":"PropertyValueSpecification","valueRequired":true,"valueName":"search_term_string"}}],"inLanguage":"de"},{"@type":"Organization","@id":"https:\/\/www.internationalmindfulnessconference.com\/#organization","name":"Das Netzwerk f\u00fcr Achtsamkeit","alternateName":"Mindfulness Network","url":"https:\/\/www.internationalmindfulnessconference.com\/","logo":{"@type":"ImageObject","inLanguage":"de","@id":"https:\/\/www.internationalmindfulnessconference.com\/#\/schema\/logo\/image\/","url":"https:\/\/www.internationalmindfulnessconference.com\/wp-content\/uploads\/2023\/01\/MNLogo-300x300-1.jpg","contentUrl":"https:\/\/www.internationalmindfulnessconference.com\/wp-content\/uploads\/2023\/01\/MNLogo-300x300-1.jpg","width":300,"height":300,"caption":"The Mindfulness Network"},"image":{"@id":"https:\/\/www.internationalmindfulnessconference.com\/#\/schema\/logo\/image\/"},"sameAs":["https:\/\/www.facebook.com\/MindfulnessNetworkUK\/","https:\/\/x.com\/MindfulnessN"]},{"@type":"Person","@id":"https:\/\/www.internationalmindfulnessconference.com\/#\/schema\/person\/8c7c27f8bbd1139766ae25513970a4af","name":"Joelle","image":{"@type":"ImageObject","inLanguage":"de","@id":"https:\/\/www.internationalmindfulnessconference.com\/wp-content\/wphb-cache\/gravatar\/732\/732517fb250b638fc69f7bdc6e0c5120x96.jpg","url":"https:\/\/www.internationalmindfulnessconference.com\/wp-content\/wphb-cache\/gravatar\/732\/732517fb250b638fc69f7bdc6e0c5120x96.jpg","contentUrl":"https:\/\/www.internationalmindfulnessconference.com\/wp-content\/wphb-cache\/gravatar\/732\/732517fb250b638fc69f7bdc6e0c5120x96.jpg","caption":"Joelle"},"url":"https:\/\/www.internationalmindfulnessconference.com\/de\/author\/joellemindfulness-network-org\/"}]}},"jetpack_featured_media_url":"https:\/\/www.internationalmindfulnessconference.com\/wp-content\/uploads\/2023\/10\/jamie-street-OAKFk5_pVWY-unsplash-1-scaled.jpg","jetpack_sharing_enabled":true,"_links":{"self":[{"href":"https:\/\/www.internationalmindfulnessconference.com\/de\/wp-json\/wp\/v2\/posts\/53708","targetHints":{"allow":["GET"]}}],"collection":[{"href":"https:\/\/www.internationalmindfulnessconference.com\/de\/wp-json\/wp\/v2\/posts"}],"about":[{"href":"https:\/\/www.internationalmindfulnessconference.com\/de\/wp-json\/wp\/v2\/types\/post"}],"author":[{"embeddable":true,"href":"https:\/\/www.internationalmindfulnessconference.com\/de\/wp-json\/wp\/v2\/users\/4"}],"replies":[{"embeddable":true,"href":"https:\/\/www.internationalmindfulnessconference.com\/de\/wp-json\/wp\/v2\/comments?post=53708"}],"version-history":[{"count":0,"href":"https:\/\/www.internationalmindfulnessconference.com\/de\/wp-json\/wp\/v2\/posts\/53708\/revisions"}],"wp:featuredmedia":[{"embeddable":true,"href":"https:\/\/www.internationalmindfulnessconference.com\/de\/wp-json\/wp\/v2\/media\/3613"}],"wp:attachment":[{"href":"https:\/\/www.internationalmindfulnessconference.com\/de\/wp-json\/wp\/v2\/media?parent=53708"}],"wp:term":[{"taxonomy":"category","embeddable":true,"href":"https:\/\/www.internationalmindfulnessconference.com\/de\/wp-json\/wp\/v2\/categories?post=53708"},{"taxonomy":"post_tag","embeddable":true,"href":"https:\/\/www.internationalmindfulnessconference.com\/de\/wp-json\/wp\/v2\/tags?post=53708"}],"curies":[{"name":"wp","href":"https:\/\/api.w.org\/{rel}","templated":true}]}}