{"id":62705,"date":"2024-07-25T12:47:54","date_gmt":"2024-07-25T12:47:54","guid":{"rendered":"https:\/\/www.internationalmindfulnessconference.com\/?p=62705"},"modified":"2024-07-25T12:54:08","modified_gmt":"2024-07-25T12:54:08","slug":"ein-uberblick-uber-die-icm2024-forschungsgesprache","status":"publish","type":"post","link":"https:\/\/www.internationalmindfulnessconference.com\/de\/2024\/07\/25\/ein-uberblick-uber-die-icm2024-forschungsgesprache\/","title":{"rendered":"Ein \u00dcberblick \u00fcber die ICM:2024 Forschungsgespr\u00e4che"},"content":{"rendered":"<p>Zus\u00e4tzlich zu den Hauptsitzungen der Konferenz werden die <a href=\"ICM:2024 programme\">ICM:2024 Programm<\/a><a href=\"https:\/\/www.internationalmindfulnessconference.com\/de\/programm\/\">e<\/a> - unter dem Motto \"Achtsamkeit in einer sich ver\u00e4ndernden Welt\" - verspricht eine aufschlussreiche Erkundung der Achtsamkeit durch eine Vielzahl von <a href=\"https:\/\/www.internationalmindfulnessconference.com\/de\/abstrakte-leitlinien\/\">Forschungspr\u00e4sentationen<\/a>.  Dieses Thema wird in f\u00fcnf Schl\u00fcsselbereiche unterteilt, von denen jeder eine einzigartige Perspektive auf die Achtsamkeit in der sich entwickelnden Landschaft von heute bietet. <\/p>\n\n\n\n<p><strong>Mit 100 Vortr\u00e4gen, die sich auf 22 Sitzungen verteilen, haben die Konferenzteilnehmer die M\u00f6glichkeit, in jeden dieser Bereiche einzutauchen.<\/strong> Alle Forschungssitzungen werden aufgezeichnet, und einige werden live gestreamt. Die Aufzeichnungen stehen den Inhabern des Hauptkonferenzpasses noch mehr als sechs Monate nach Ende der Konferenz zur Verf\u00fcgung. <a href=\"https:\/\/www.internationalmindfulnessconference.com\/de\/tickets-kaufen\/\">Kaufen Sie Ihren Pass jetzt, entweder pers\u00f6nlich oder online<\/a>.<\/p>\n\n\n\n<div class=\"wp-block-jetpack-slideshow aligncenter\" data-effect=\"slide\"><div class=\"wp-block-jetpack-slideshow_container swiper-container\"><ul class=\"wp-block-jetpack-slideshow_swiper-wrapper swiper-wrapper\"><li class=\"wp-block-jetpack-slideshow_slide swiper-slide\"><figure><img fetchpriority=\"high\" decoding=\"async\" width=\"940\" height=\"788\" alt=\"\" class=\"wp-block-jetpack-slideshow_image wp-image-62717\" data-id=\"62717\" src=\"https:\/\/www.internationalmindfulnessconference.com\/wp-content\/uploads\/2024\/07\/Strand-1.png\" srcset=\"https:\/\/www.internationalmindfulnessconference.com\/wp-content\/uploads\/2024\/07\/Strand-1.png 940w, https:\/\/www.internationalmindfulnessconference.com\/wp-content\/uploads\/2024\/07\/Strand-1-300x251.png 300w, https:\/\/www.internationalmindfulnessconference.com\/wp-content\/uploads\/2024\/07\/Strand-1-768x644.png 768w, https:\/\/www.internationalmindfulnessconference.com\/wp-content\/uploads\/2024\/07\/Strand-1-14x12.png 14w, https:\/\/www.internationalmindfulnessconference.com\/wp-content\/uploads\/2024\/07\/Strand-1-600x503.png 600w\" sizes=\"(max-width: 940px) 100vw, 940px\" \/><\/figure><\/li><li class=\"wp-block-jetpack-slideshow_slide swiper-slide\"><figure><img decoding=\"async\" width=\"940\" height=\"788\" alt=\"\" class=\"wp-block-jetpack-slideshow_image wp-image-62718\" data-id=\"62718\" src=\"https:\/\/www.internationalmindfulnessconference.com\/wp-content\/uploads\/2024\/07\/Strand-2.png\" srcset=\"https:\/\/www.internationalmindfulnessconference.com\/wp-content\/uploads\/2024\/07\/Strand-2.png 940w, https:\/\/www.internationalmindfulnessconference.com\/wp-content\/uploads\/2024\/07\/Strand-2-300x251.png 300w, https:\/\/www.internationalmindfulnessconference.com\/wp-content\/uploads\/2024\/07\/Strand-2-768x644.png 768w, https:\/\/www.internationalmindfulnessconference.com\/wp-content\/uploads\/2024\/07\/Strand-2-14x12.png 14w, https:\/\/www.internationalmindfulnessconference.com\/wp-content\/uploads\/2024\/07\/Strand-2-600x503.png 600w\" sizes=\"(max-width: 940px) 100vw, 940px\" \/><\/figure><\/li><li class=\"wp-block-jetpack-slideshow_slide swiper-slide\"><figure><img decoding=\"async\" width=\"940\" height=\"788\" alt=\"\" class=\"wp-block-jetpack-slideshow_image wp-image-62719\" data-id=\"62719\" src=\"https:\/\/www.internationalmindfulnessconference.com\/wp-content\/uploads\/2024\/07\/Strand-3.png\" srcset=\"https:\/\/www.internationalmindfulnessconference.com\/wp-content\/uploads\/2024\/07\/Strand-3.png 940w, https:\/\/www.internationalmindfulnessconference.com\/wp-content\/uploads\/2024\/07\/Strand-3-300x251.png 300w, https:\/\/www.internationalmindfulnessconference.com\/wp-content\/uploads\/2024\/07\/Strand-3-768x644.png 768w, https:\/\/www.internationalmindfulnessconference.com\/wp-content\/uploads\/2024\/07\/Strand-3-14x12.png 14w, https:\/\/www.internationalmindfulnessconference.com\/wp-content\/uploads\/2024\/07\/Strand-3-600x503.png 600w\" sizes=\"(max-width: 940px) 100vw, 940px\" \/><\/figure><\/li><li class=\"wp-block-jetpack-slideshow_slide swiper-slide\"><figure><img loading=\"lazy\" decoding=\"async\" width=\"940\" height=\"788\" alt=\"\" class=\"wp-block-jetpack-slideshow_image wp-image-62721\" data-id=\"62721\" src=\"https:\/\/www.internationalmindfulnessconference.com\/wp-content\/uploads\/2024\/07\/Strand-4.png\" srcset=\"https:\/\/www.internationalmindfulnessconference.com\/wp-content\/uploads\/2024\/07\/Strand-4.png 940w, https:\/\/www.internationalmindfulnessconference.com\/wp-content\/uploads\/2024\/07\/Strand-4-300x251.png 300w, https:\/\/www.internationalmindfulnessconference.com\/wp-content\/uploads\/2024\/07\/Strand-4-768x644.png 768w, https:\/\/www.internationalmindfulnessconference.com\/wp-content\/uploads\/2024\/07\/Strand-4-14x12.png 14w, https:\/\/www.internationalmindfulnessconference.com\/wp-content\/uploads\/2024\/07\/Strand-4-600x503.png 600w\" sizes=\"(max-width: 940px) 100vw, 940px\" \/><\/figure><\/li><li class=\"wp-block-jetpack-slideshow_slide swiper-slide\"><figure><img loading=\"lazy\" decoding=\"async\" width=\"940\" height=\"788\" alt=\"\" class=\"wp-block-jetpack-slideshow_image wp-image-62722\" data-id=\"62722\" src=\"https:\/\/www.internationalmindfulnessconference.com\/wp-content\/uploads\/2024\/07\/Strand-5.png\" srcset=\"https:\/\/www.internationalmindfulnessconference.com\/wp-content\/uploads\/2024\/07\/Strand-5.png 940w, https:\/\/www.internationalmindfulnessconference.com\/wp-content\/uploads\/2024\/07\/Strand-5-300x251.png 300w, https:\/\/www.internationalmindfulnessconference.com\/wp-content\/uploads\/2024\/07\/Strand-5-768x644.png 768w, https:\/\/www.internationalmindfulnessconference.com\/wp-content\/uploads\/2024\/07\/Strand-5-14x12.png 14w, https:\/\/www.internationalmindfulnessconference.com\/wp-content\/uploads\/2024\/07\/Strand-5-600x503.png 600w\" sizes=\"(max-width: 940px) 100vw, 940px\" \/><\/figure><\/li><\/ul><a class=\"wp-block-jetpack-slideshow_button-prev swiper-button-prev swiper-button-white\" role=\"button\"><\/a><a class=\"wp-block-jetpack-slideshow_button-next swiper-button-next swiper-button-white\" role=\"button\"><\/a><a aria-label=\"Diashow anhalten\" class=\"wp-block-jetpack-slideshow_button-pause\" role=\"button\"><\/a><div class=\"wp-block-jetpack-slideshow_pagination swiper-pagination swiper-pagination-white\"><\/div><\/div><\/div>\n\n\n\n<p>Um alle Sitzungen und die vorgestellten Forschungsarbeiten zu sehen, besuchen Sie die Seiten der einzelnen Themenbereiche. Die Themenbereiche sind:\u00a0<\/p>\n\n\n\n<ul class=\"wp-block-list\">\n<li><a href=\"https:\/\/www.internationalmindfulnessconference.com\/de\/2023\/10\/18\/aktionsbereich-1-wissenschaftliche-forschungstheorie-und-padagogik\/\">Bereich 1: Wissenschaftliche Forschung, Theorie und P\u00e4dagogik<\/a><\/li>\n\n\n\n<li><a href=\"https:\/\/www.internationalmindfulnessconference.com\/de\/2023\/10\/18\/aktionsbereich-2-kontemplative-philosophie-und-spiritualitat\/\">Bereich 2: Kontemplativ, philosophisch und spirituell<\/a><\/li>\n\n\n\n<li><a href=\"https:\/\/www.internationalmindfulnessconference.com\/de\/2023\/10\/18\/aktionsbereich-3-soziokulturelle-und-systemische-ansatze\/\">Bereich 3: Soziale, kulturelle und systemische Ans\u00e4tze<\/a><\/li>\n\n\n\n<li><a href=\"https:\/\/www.internationalmindfulnessconference.com\/de\/2023\/12\/01\/aktionsbereich-4-reale-anwendung-und-innovation-an-der-basis\/\" target=\"_blank\" rel=\"noreferrer noopener\">Aktionsbereich 4: Basisarbeit, praktische Anwendung und Innovation<\/a><\/li>\n\n\n\n<li><a href=\"https:\/\/www.internationalmindfulnessconference.com\/de\/2023\/10\/17\/aktionsbereich-5-politische-okologische-und-globale-initiativen\/\">Bereich 5: Politische, \u00f6kologische und globale Initiativen<\/a><\/li>\n<\/ul>\n\n\n\n<p>Dar\u00fcber hinaus findet die Posterpr\u00e4sentation zur Forschung am <strong><em>Freitagabend, 2. August, von 18:45 bis 21:00 Uhr in der PJ Hall im Main Arts Building der Universit\u00e4t Bangor<\/em><\/strong>. Diese Veranstaltung ist Teil einer <a href=\"https:\/\/www.internationalmindfulnessconference.com\/de\/2024\/02\/19\/verbindungsereignisse\/\">Konferenz Verbindung Veranstaltung<\/a>Dort k\u00f6nnen die Teilnehmer Poster ansehen, kleine Snacks genie\u00dfen und an einem Autorengespr\u00e4ch oder einem Vortrag \u00fcber achtsame Kunst teilnehmen.<\/p>\n\n\n\n<p>Schlie\u00dflich haben alle Konferenzteilnehmer Zugang zum Online <a href=\"https:\/\/community.mindfulness-network.org\/course\/view.php?id=357\">ICM:2024 Gemeinschaftsportal<\/a>.  Hier finden Sie eine umfassende Liste aller Sitzungen, Forschungstitel, Vortragende, ihre Zugeh\u00f6rigkeit und vollst\u00e4ndige Zusammenfassungen. Der Zugang zum Portal ist inbegriffen mit <a href=\"https:\/\/www.internationalmindfulnessconference.com\/de\/tickets-kaufen\/\">Konferenzkarten vom 2. bis 4. August<\/a>Dort werden auch alle Aufzeichnungen nach der Konferenz verf\u00fcgbar sein.<\/p>\n\n\n\n<p>Ein gro\u00dfer Teil der Konferenz ist der akademischen Forschung gewidmet und wird von der Bangor University's <a href=\"https:\/\/www.bangor.ac.uk\/centre-for-mindfulness\">Zentrum f\u00fcr Achtsamkeitsforschung und -praxis (CMRP)<\/a>Die Konferenz ist ein echtes Beispiel f\u00fcr das Engagement in der Achtsamkeitsforschung auf dem neuesten Stand.<\/p>\n\n\n\n<p>Ein herzliches Dankesch\u00f6n an alle Forscher und Vortragenden, die zum Reichtum der ICM:2024 'Mindfulness in a Changing World' beitragen werden.<\/p>","protected":false},"excerpt":{"rendered":"<p>In addition to the main conference sessions, the ICM:2024 programme &#8211; themed &#8220;Mindfulness in a Changing World,&#8221; &#8211; promises an insightful exploration of mindfulness through a diverse array of research presentations. This theme is distilled into five key strands, each offering a unique perspective on mindfulness in today&#8217;s evolving landscape. With 100 talks spread over [&hellip;]<\/p>\n","protected":false},"author":4,"featured_media":62712,"comment_status":"closed","ping_status":"closed","sticky":false,"template":"","format":"standard","meta":{"_view_id":"","site-sidebar-layout":"default","site-content-layout":"","ast-site-content-layout":"default","site-content-style":"default","site-sidebar-style":"default","ast-global-header-display":"","ast-banner-title-visibility":"","ast-main-header-display":"","ast-hfb-above-header-display":"","ast-hfb-below-header-display":"","ast-hfb-mobile-header-display":"","site-post-title":"","ast-breadcrumbs-content":"","ast-featured-img":"","footer-sml-layout":"","ast-disable-related-posts":"","theme-transparent-header-meta":"","adv-header-id-meta":"","stick-header-meta":"","header-above-stick-meta":"","header-main-stick-meta":"","header-below-stick-meta":"","astra-migrate-meta-layouts":"set","ast-page-background-enabled":"default","ast-page-background-meta":{"desktop":{"background-color":"","background-image":"","background-repeat":"repeat","background-position":"center center","background-size":"auto","background-attachment":"scroll","background-type":"","background-media":"","overlay-type":"","overlay-color":"","overlay-opacity":"","overlay-gradient":""},"tablet":{"background-color":"","background-image":"","background-repeat":"repeat","background-position":"center center","background-size":"auto","background-attachment":"scroll","background-type":"","background-media":"","overlay-type":"","overlay-color":"","overlay-opacity":"","overlay-gradient":""},"mobile":{"background-color":"","background-image":"","background-repeat":"repeat","background-position":"center center","background-size":"auto","background-attachment":"scroll","background-type":"","background-media":"","overlay-type":"","overlay-color":"","overlay-opacity":"","overlay-gradient":""}},"ast-content-background-meta":{"desktop":{"background-color":"var(--ast-global-color-5)","background-image":"","background-repeat":"repeat","background-position":"center center","background-size":"auto","background-attachment":"scroll","background-type":"","background-media":"","overlay-type":"","overlay-color":"","overlay-opacity":"","overlay-gradient":""},"tablet":{"background-color":"var(--ast-global-color-5)","background-image":"","background-repeat":"repeat","background-position":"center center","background-size":"auto","background-attachment":"scroll","background-type":"","background-media":"","overlay-type":"","overlay-color":"","overlay-opacity":"","overlay-gradient":""},"mobile":{"background-color":"var(--ast-global-color-5)","background-image":"","background-repeat":"repeat","background-position":"center center","background-size":"auto","background-attachment":"scroll","background-type":"","background-media":"","overlay-type":"","overlay-color":"","overlay-opacity":"","overlay-gradient":""}},"_jetpack_memberships_contains_paid_content":false,"wds_primary_category":119,"footnotes":""},"categories":[119,105],"tags":[],"class_list":["post-62705","post","type-post","status-publish","format-standard","has-post-thumbnail","hentry","category-conference-insights","category-news"],"yoast_head":"<!-- This site is optimized with the Yoast SEO plugin v27.5 - https:\/\/yoast.com\/product\/yoast-seo-wordpress\/ -->\n<title>An Overview of ICM:2024 Research talks - International Conference on Mindfulness 2024<\/title>\n<meta name=\"description\" content=\"Conference Insights\" \/>\n<meta name=\"robots\" content=\"index, follow, max-snippet:-1, max-image-preview:large, max-video-preview:-1\" \/>\n<link rel=\"canonical\" href=\"https:\/\/www.internationalmindfulnessconference.com\/de\/2024\/07\/25\/ein-uberblick-uber-die-icm2024-forschungsgesprache\/\" \/>\n<meta property=\"og:locale\" content=\"de_DE\" \/>\n<meta property=\"og:type\" content=\"article\" \/>\n<meta property=\"og:title\" content=\"An Overview of ICM:2024 Research talks - International Conference on Mindfulness 2024\" \/>\n<meta property=\"og:description\" content=\"Conference Insights\" \/>\n<meta property=\"og:url\" content=\"https:\/\/www.internationalmindfulnessconference.com\/de\/2024\/07\/25\/ein-uberblick-uber-die-icm2024-forschungsgesprache\/\" \/>\n<meta property=\"og:site_name\" content=\"International Conference on Mindfulness 2024\" \/>\n<meta property=\"article:publisher\" content=\"https:\/\/www.facebook.com\/MindfulnessNetworkUK\/\" \/>\n<meta property=\"article:published_time\" content=\"2024-07-25T12:47:54+00:00\" \/>\n<meta property=\"article:modified_time\" content=\"2024-07-25T12:54:08+00:00\" \/>\n<meta property=\"og:image\" content=\"https:\/\/www.internationalmindfulnessconference.com\/wp-content\/uploads\/2024\/07\/Conference-research.png\" \/>\n\t<meta property=\"og:image:width\" content=\"600\" \/>\n\t<meta property=\"og:image:height\" content=\"300\" \/>\n\t<meta property=\"og:image:type\" content=\"image\/png\" \/>\n<meta name=\"author\" content=\"Joelle\" \/>\n<meta name=\"twitter:card\" content=\"summary_large_image\" \/>\n<meta name=\"twitter:creator\" content=\"@MindfulnessN\" \/>\n<meta name=\"twitter:site\" content=\"@MindfulnessN\" \/>\n<meta name=\"twitter:label1\" content=\"Verfasst von\" \/>\n\t<meta name=\"twitter:data1\" content=\"Joelle\" \/>\n\t<meta name=\"twitter:label2\" content=\"Gesch\u00e4tzte Lesezeit\" \/>\n\t<meta name=\"twitter:data2\" content=\"3\u00a0Minuten\" \/>\n<script type=\"application\/ld+json\" class=\"yoast-schema-graph\">{\"@context\":\"https:\\\/\\\/schema.org\",\"@graph\":[{\"@type\":\"Article\",\"@id\":\"https:\\\/\\\/www.internationalmindfulnessconference.com\\\/2024\\\/07\\\/25\\\/an-overview-of-icm2024-research-talks\\\/#article\",\"isPartOf\":{\"@id\":\"https:\\\/\\\/www.internationalmindfulnessconference.com\\\/2024\\\/07\\\/25\\\/an-overview-of-icm2024-research-talks\\\/\"},\"author\":{\"name\":\"Joelle\",\"@id\":\"https:\\\/\\\/www.internationalmindfulnessconference.com\\\/#\\\/schema\\\/person\\\/8c7c27f8bbd1139766ae25513970a4af\"},\"headline\":\"An Overview of ICM:2024 Research talks\",\"datePublished\":\"2024-07-25T12:47:54+00:00\",\"dateModified\":\"2024-07-25T12:54:08+00:00\",\"mainEntityOfPage\":{\"@id\":\"https:\\\/\\\/www.internationalmindfulnessconference.com\\\/2024\\\/07\\\/25\\\/an-overview-of-icm2024-research-talks\\\/\"},\"wordCount\":327,\"publisher\":{\"@id\":\"https:\\\/\\\/www.internationalmindfulnessconference.com\\\/#organization\"},\"image\":{\"@id\":\"https:\\\/\\\/www.internationalmindfulnessconference.com\\\/2024\\\/07\\\/25\\\/an-overview-of-icm2024-research-talks\\\/#primaryimage\"},\"thumbnailUrl\":\"https:\\\/\\\/www.internationalmindfulnessconference.com\\\/wp-content\\\/uploads\\\/2024\\\/07\\\/Conference-research.png\",\"articleSection\":[\"Conference Insights\",\"News\"],\"inLanguage\":\"de\"},{\"@type\":\"WebPage\",\"@id\":\"https:\\\/\\\/www.internationalmindfulnessconference.com\\\/2024\\\/07\\\/25\\\/an-overview-of-icm2024-research-talks\\\/\",\"url\":\"https:\\\/\\\/www.internationalmindfulnessconference.com\\\/2024\\\/07\\\/25\\\/an-overview-of-icm2024-research-talks\\\/\",\"name\":\"An Overview of ICM:2024 Research talks - International Conference on Mindfulness 2024\",\"isPartOf\":{\"@id\":\"https:\\\/\\\/www.internationalmindfulnessconference.com\\\/#website\"},\"primaryImageOfPage\":{\"@id\":\"https:\\\/\\\/www.internationalmindfulnessconference.com\\\/2024\\\/07\\\/25\\\/an-overview-of-icm2024-research-talks\\\/#primaryimage\"},\"image\":{\"@id\":\"https:\\\/\\\/www.internationalmindfulnessconference.com\\\/2024\\\/07\\\/25\\\/an-overview-of-icm2024-research-talks\\\/#primaryimage\"},\"thumbnailUrl\":\"https:\\\/\\\/www.internationalmindfulnessconference.com\\\/wp-content\\\/uploads\\\/2024\\\/07\\\/Conference-research.png\",\"datePublished\":\"2024-07-25T12:47:54+00:00\",\"dateModified\":\"2024-07-25T12:54:08+00:00\",\"description\":\"Conference Insights\",\"breadcrumb\":{\"@id\":\"https:\\\/\\\/www.internationalmindfulnessconference.com\\\/2024\\\/07\\\/25\\\/an-overview-of-icm2024-research-talks\\\/#breadcrumb\"},\"inLanguage\":\"de\",\"potentialAction\":[{\"@type\":\"ReadAction\",\"target\":[\"https:\\\/\\\/www.internationalmindfulnessconference.com\\\/2024\\\/07\\\/25\\\/an-overview-of-icm2024-research-talks\\\/\"]}]},{\"@type\":\"ImageObject\",\"inLanguage\":\"de\",\"@id\":\"https:\\\/\\\/www.internationalmindfulnessconference.com\\\/2024\\\/07\\\/25\\\/an-overview-of-icm2024-research-talks\\\/#primaryimage\",\"url\":\"https:\\\/\\\/www.internationalmindfulnessconference.com\\\/wp-content\\\/uploads\\\/2024\\\/07\\\/Conference-research.png\",\"contentUrl\":\"https:\\\/\\\/www.internationalmindfulnessconference.com\\\/wp-content\\\/uploads\\\/2024\\\/07\\\/Conference-research.png\",\"width\":600,\"height\":300},{\"@type\":\"BreadcrumbList\",\"@id\":\"https:\\\/\\\/www.internationalmindfulnessconference.com\\\/2024\\\/07\\\/25\\\/an-overview-of-icm2024-research-talks\\\/#breadcrumb\",\"itemListElement\":[{\"@type\":\"ListItem\",\"position\":1,\"name\":\"Home\",\"item\":\"https:\\\/\\\/www.internationalmindfulnessconference.com\\\/\"},{\"@type\":\"ListItem\",\"position\":2,\"name\":\"An Overview of ICM:2024 Research talks\"}]},{\"@type\":\"WebSite\",\"@id\":\"https:\\\/\\\/www.internationalmindfulnessconference.com\\\/#website\",\"url\":\"https:\\\/\\\/www.internationalmindfulnessconference.com\\\/\",\"name\":\"International Conference on Mindfulness 2024\",\"description\":\"ICM 2024: Mindfulness in a Changing World\",\"publisher\":{\"@id\":\"https:\\\/\\\/www.internationalmindfulnessconference.com\\\/#organization\"},\"alternateName\":\"ICM 2024\",\"potentialAction\":[{\"@type\":\"SearchAction\",\"target\":{\"@type\":\"EntryPoint\",\"urlTemplate\":\"https:\\\/\\\/www.internationalmindfulnessconference.com\\\/?s={search_term_string}\"},\"query-input\":{\"@type\":\"PropertyValueSpecification\",\"valueRequired\":true,\"valueName\":\"search_term_string\"}}],\"inLanguage\":\"de\"},{\"@type\":\"Organization\",\"@id\":\"https:\\\/\\\/www.internationalmindfulnessconference.com\\\/#organization\",\"name\":\"The Mindfulness Network\",\"alternateName\":\"Mindfulness Network\",\"url\":\"https:\\\/\\\/www.internationalmindfulnessconference.com\\\/\",\"logo\":{\"@type\":\"ImageObject\",\"inLanguage\":\"de\",\"@id\":\"https:\\\/\\\/www.internationalmindfulnessconference.com\\\/#\\\/schema\\\/logo\\\/image\\\/\",\"url\":\"https:\\\/\\\/www.internationalmindfulnessconference.com\\\/wp-content\\\/uploads\\\/2023\\\/01\\\/MNLogo-300x300-1.jpg\",\"contentUrl\":\"https:\\\/\\\/www.internationalmindfulnessconference.com\\\/wp-content\\\/uploads\\\/2023\\\/01\\\/MNLogo-300x300-1.jpg\",\"width\":300,\"height\":300,\"caption\":\"The Mindfulness Network\"},\"image\":{\"@id\":\"https:\\\/\\\/www.internationalmindfulnessconference.com\\\/#\\\/schema\\\/logo\\\/image\\\/\"},\"sameAs\":[\"https:\\\/\\\/www.facebook.com\\\/MindfulnessNetworkUK\\\/\",\"https:\\\/\\\/x.com\\\/MindfulnessN\"]},{\"@type\":\"Person\",\"@id\":\"https:\\\/\\\/www.internationalmindfulnessconference.com\\\/#\\\/schema\\\/person\\\/8c7c27f8bbd1139766ae25513970a4af\",\"name\":\"Joelle\",\"image\":{\"@type\":\"ImageObject\",\"inLanguage\":\"de\",\"@id\":\"https:\\\/\\\/www.internationalmindfulnessconference.com\\\/wp-content\\\/wphb-cache\\\/gravatar\\\/732\\\/732517fb250b638fc69f7bdc6e0c5120x96.jpg\",\"url\":\"https:\\\/\\\/www.internationalmindfulnessconference.com\\\/wp-content\\\/wphb-cache\\\/gravatar\\\/732\\\/732517fb250b638fc69f7bdc6e0c5120x96.jpg\",\"contentUrl\":\"https:\\\/\\\/www.internationalmindfulnessconference.com\\\/wp-content\\\/wphb-cache\\\/gravatar\\\/732\\\/732517fb250b638fc69f7bdc6e0c5120x96.jpg\",\"caption\":\"Joelle\"},\"url\":\"https:\\\/\\\/www.internationalmindfulnessconference.com\\\/de\\\/author\\\/joellemindfulness-network-org\\\/\"}]}<\/script>\n<!-- \/ Yoast SEO plugin. -->","yoast_head_json":{"title":"Ein \u00dcberblick \u00fcber die Forschungsgespr\u00e4che der ICM:2024 - Internationale Konferenz f\u00fcr Achtsamkeit 2024","description":"Konferenz-Einblicke","robots":{"index":"index","follow":"follow","max-snippet":"max-snippet:-1","max-image-preview":"max-image-preview:large","max-video-preview":"max-video-preview:-1"},"canonical":"https:\/\/www.internationalmindfulnessconference.com\/de\/2024\/07\/25\/ein-uberblick-uber-die-icm2024-forschungsgesprache\/","og_locale":"de_DE","og_type":"article","og_title":"An Overview of ICM:2024 Research talks - International Conference on Mindfulness 2024","og_description":"Conference Insights","og_url":"https:\/\/www.internationalmindfulnessconference.com\/de\/2024\/07\/25\/ein-uberblick-uber-die-icm2024-forschungsgesprache\/","og_site_name":"International Conference on Mindfulness 2024","article_publisher":"https:\/\/www.facebook.com\/MindfulnessNetworkUK\/","article_published_time":"2024-07-25T12:47:54+00:00","article_modified_time":"2024-07-25T12:54:08+00:00","og_image":[{"width":600,"height":300,"url":"https:\/\/www.internationalmindfulnessconference.com\/wp-content\/uploads\/2024\/07\/Conference-research.png","type":"image\/png"}],"author":"Joelle","twitter_card":"summary_large_image","twitter_creator":"@MindfulnessN","twitter_site":"@MindfulnessN","twitter_misc":{"Verfasst von":"Joelle","Gesch\u00e4tzte Lesezeit":"3\u00a0Minuten"},"schema":{"@context":"https:\/\/schema.org","@graph":[{"@type":"Article","@id":"https:\/\/www.internationalmindfulnessconference.com\/2024\/07\/25\/an-overview-of-icm2024-research-talks\/#article","isPartOf":{"@id":"https:\/\/www.internationalmindfulnessconference.com\/2024\/07\/25\/an-overview-of-icm2024-research-talks\/"},"author":{"name":"Joelle","@id":"https:\/\/www.internationalmindfulnessconference.com\/#\/schema\/person\/8c7c27f8bbd1139766ae25513970a4af"},"headline":"An Overview of ICM:2024 Research talks","datePublished":"2024-07-25T12:47:54+00:00","dateModified":"2024-07-25T12:54:08+00:00","mainEntityOfPage":{"@id":"https:\/\/www.internationalmindfulnessconference.com\/2024\/07\/25\/an-overview-of-icm2024-research-talks\/"},"wordCount":327,"publisher":{"@id":"https:\/\/www.internationalmindfulnessconference.com\/#organization"},"image":{"@id":"https:\/\/www.internationalmindfulnessconference.com\/2024\/07\/25\/an-overview-of-icm2024-research-talks\/#primaryimage"},"thumbnailUrl":"https:\/\/www.internationalmindfulnessconference.com\/wp-content\/uploads\/2024\/07\/Conference-research.png","articleSection":["Conference Insights","News"],"inLanguage":"de"},{"@type":"WebPage","@id":"https:\/\/www.internationalmindfulnessconference.com\/2024\/07\/25\/an-overview-of-icm2024-research-talks\/","url":"https:\/\/www.internationalmindfulnessconference.com\/2024\/07\/25\/an-overview-of-icm2024-research-talks\/","name":"Ein \u00dcberblick \u00fcber die Forschungsgespr\u00e4che der ICM:2024 - Internationale Konferenz f\u00fcr Achtsamkeit 2024","isPartOf":{"@id":"https:\/\/www.internationalmindfulnessconference.com\/#website"},"primaryImageOfPage":{"@id":"https:\/\/www.internationalmindfulnessconference.com\/2024\/07\/25\/an-overview-of-icm2024-research-talks\/#primaryimage"},"image":{"@id":"https:\/\/www.internationalmindfulnessconference.com\/2024\/07\/25\/an-overview-of-icm2024-research-talks\/#primaryimage"},"thumbnailUrl":"https:\/\/www.internationalmindfulnessconference.com\/wp-content\/uploads\/2024\/07\/Conference-research.png","datePublished":"2024-07-25T12:47:54+00:00","dateModified":"2024-07-25T12:54:08+00:00","description":"Konferenz-Einblicke","breadcrumb":{"@id":"https:\/\/www.internationalmindfulnessconference.com\/2024\/07\/25\/an-overview-of-icm2024-research-talks\/#breadcrumb"},"inLanguage":"de","potentialAction":[{"@type":"ReadAction","target":["https:\/\/www.internationalmindfulnessconference.com\/2024\/07\/25\/an-overview-of-icm2024-research-talks\/"]}]},{"@type":"ImageObject","inLanguage":"de","@id":"https:\/\/www.internationalmindfulnessconference.com\/2024\/07\/25\/an-overview-of-icm2024-research-talks\/#primaryimage","url":"https:\/\/www.internationalmindfulnessconference.com\/wp-content\/uploads\/2024\/07\/Conference-research.png","contentUrl":"https:\/\/www.internationalmindfulnessconference.com\/wp-content\/uploads\/2024\/07\/Conference-research.png","width":600,"height":300},{"@type":"BreadcrumbList","@id":"https:\/\/www.internationalmindfulnessconference.com\/2024\/07\/25\/an-overview-of-icm2024-research-talks\/#breadcrumb","itemListElement":[{"@type":"ListItem","position":1,"name":"Home","item":"https:\/\/www.internationalmindfulnessconference.com\/"},{"@type":"ListItem","position":2,"name":"An Overview of ICM:2024 Research talks"}]},{"@type":"WebSite","@id":"https:\/\/www.internationalmindfulnessconference.com\/#website","url":"https:\/\/www.internationalmindfulnessconference.com\/","name":"Internationale Konferenz \u00fcber Achtsamkeit 2024","description":"ICM 2024: Achtsamkeit in einer sich ver\u00e4ndernden Welt","publisher":{"@id":"https:\/\/www.internationalmindfulnessconference.com\/#organization"},"alternateName":"ICM 2024","potentialAction":[{"@type":"SearchAction","target":{"@type":"EntryPoint","urlTemplate":"https:\/\/www.internationalmindfulnessconference.com\/?s={search_term_string}"},"query-input":{"@type":"PropertyValueSpecification","valueRequired":true,"valueName":"search_term_string"}}],"inLanguage":"de"},{"@type":"Organization","@id":"https:\/\/www.internationalmindfulnessconference.com\/#organization","name":"Das Netzwerk f\u00fcr Achtsamkeit","alternateName":"Mindfulness Network","url":"https:\/\/www.internationalmindfulnessconference.com\/","logo":{"@type":"ImageObject","inLanguage":"de","@id":"https:\/\/www.internationalmindfulnessconference.com\/#\/schema\/logo\/image\/","url":"https:\/\/www.internationalmindfulnessconference.com\/wp-content\/uploads\/2023\/01\/MNLogo-300x300-1.jpg","contentUrl":"https:\/\/www.internationalmindfulnessconference.com\/wp-content\/uploads\/2023\/01\/MNLogo-300x300-1.jpg","width":300,"height":300,"caption":"The Mindfulness Network"},"image":{"@id":"https:\/\/www.internationalmindfulnessconference.com\/#\/schema\/logo\/image\/"},"sameAs":["https:\/\/www.facebook.com\/MindfulnessNetworkUK\/","https:\/\/x.com\/MindfulnessN"]},{"@type":"Person","@id":"https:\/\/www.internationalmindfulnessconference.com\/#\/schema\/person\/8c7c27f8bbd1139766ae25513970a4af","name":"Joelle","image":{"@type":"ImageObject","inLanguage":"de","@id":"https:\/\/www.internationalmindfulnessconference.com\/wp-content\/wphb-cache\/gravatar\/732\/732517fb250b638fc69f7bdc6e0c5120x96.jpg","url":"https:\/\/www.internationalmindfulnessconference.com\/wp-content\/wphb-cache\/gravatar\/732\/732517fb250b638fc69f7bdc6e0c5120x96.jpg","contentUrl":"https:\/\/www.internationalmindfulnessconference.com\/wp-content\/wphb-cache\/gravatar\/732\/732517fb250b638fc69f7bdc6e0c5120x96.jpg","caption":"Joelle"},"url":"https:\/\/www.internationalmindfulnessconference.com\/de\/author\/joellemindfulness-network-org\/"}]}},"jetpack_featured_media_url":"https:\/\/www.internationalmindfulnessconference.com\/wp-content\/uploads\/2024\/07\/Conference-research.png","jetpack_sharing_enabled":true,"_links":{"self":[{"href":"https:\/\/www.internationalmindfulnessconference.com\/de\/wp-json\/wp\/v2\/posts\/62705","targetHints":{"allow":["GET"]}}],"collection":[{"href":"https:\/\/www.internationalmindfulnessconference.com\/de\/wp-json\/wp\/v2\/posts"}],"about":[{"href":"https:\/\/www.internationalmindfulnessconference.com\/de\/wp-json\/wp\/v2\/types\/post"}],"author":[{"embeddable":true,"href":"https:\/\/www.internationalmindfulnessconference.com\/de\/wp-json\/wp\/v2\/users\/4"}],"replies":[{"embeddable":true,"href":"https:\/\/www.internationalmindfulnessconference.com\/de\/wp-json\/wp\/v2\/comments?post=62705"}],"version-history":[{"count":0,"href":"https:\/\/www.internationalmindfulnessconference.com\/de\/wp-json\/wp\/v2\/posts\/62705\/revisions"}],"wp:featuredmedia":[{"embeddable":true,"href":"https:\/\/www.internationalmindfulnessconference.com\/de\/wp-json\/wp\/v2\/media\/62712"}],"wp:attachment":[{"href":"https:\/\/www.internationalmindfulnessconference.com\/de\/wp-json\/wp\/v2\/media?parent=62705"}],"wp:term":[{"taxonomy":"category","embeddable":true,"href":"https:\/\/www.internationalmindfulnessconference.com\/de\/wp-json\/wp\/v2\/categories?post=62705"},{"taxonomy":"post_tag","embeddable":true,"href":"https:\/\/www.internationalmindfulnessconference.com\/de\/wp-json\/wp\/v2\/tags?post=62705"}],"curies":[{"name":"wp","href":"https:\/\/api.w.org\/{rel}","templated":true}]}}