{"id":38118,"date":"2024-05-02T08:55:04","date_gmt":"2024-05-02T08:55:04","guid":{"rendered":"https:\/\/www.internationalmindfulnessconference.com\/?p=38118"},"modified":"2024-05-02T10:15:45","modified_gmt":"2024-05-02T10:15:45","slug":"icm2024-percepciones-sobre-la-neurodiversidad-pt-5","status":"publish","type":"post","link":"https:\/\/www.internationalmindfulnessconference.com\/es\/2024\/05\/02\/icm2024-percepciones-sobre-la-neurodiversidad-pt-5\/","title":{"rendered":"ICM:2024 INSIGHTS - NAVEGAR POR LA NEURODIVERSIDAD PT.5"},"content":{"rendered":"<div data-elementor-type=\"wp-post\" data-elementor-id=\"38118\" class=\"elementor elementor-38118\" data-elementor-post-type=\"post\">\n\t\t\t\t\t\t<section class=\"elementor-section elementor-top-section elementor-element elementor-element-6c9aaa7f elementor-section-boxed elementor-section-height-default elementor-section-height-default\" data-id=\"6c9aaa7f\" data-element_type=\"section\" data-e-type=\"section\">\n\t\t\t\t\t\t<div class=\"elementor-container elementor-column-gap-default\">\n\t\t\t\t\t<div class=\"elementor-column elementor-col-100 elementor-top-column elementor-element elementor-element-6b4885bc\" data-id=\"6b4885bc\" data-element_type=\"column\" data-e-type=\"column\">\n\t\t\t<div class=\"elementor-widget-wrap elementor-element-populated\">\n\t\t\t\t\t\t<div class=\"elementor-element elementor-element-a0a05f1 elementor-widget elementor-widget-text-editor\" data-id=\"a0a05f1\" data-element_type=\"widget\" data-e-type=\"widget\" data-widget_type=\"text-editor.default\">\n\t\t\t\t<div class=\"elementor-widget-container\">\n\t\t\t\t\t\t\t\t\t<p>Nuestro objetivo es que la Conferencia Internacional de Mindfulness 2024 sea lo m\u00e1s amplia y f\u00e1cilmente accesible posible, incluyendo la bienvenida a meditadores neurodivergentes. Explorar la neurodiversidad aporta nuevas perspectivas para la pr\u00e1ctica, la ense\u00f1anza y la investigaci\u00f3n de mindfulness. En este blog, un miembro neurodivergente de nuestro grupo asesor EDI responde a preguntas sobre neurodiversidad y explica nuestros esfuerzos por crear una conferencia que incluya a neurodivergentes.<\/p>\t\t\t\t\t\t\t\t<\/div>\n\t\t\t\t<\/div>\n\t\t\t\t<div class=\"elementor-element elementor-element-0d3e46f elementor-widget-divider--view-line elementor-widget elementor-widget-divider\" data-id=\"0d3e46f\" data-element_type=\"widget\" data-e-type=\"widget\" data-widget_type=\"divider.default\">\n\t\t\t\t<div class=\"elementor-widget-container\">\n\t\t\t\t\t\t\t<div class=\"elementor-divider\">\n\t\t\t<span class=\"elementor-divider-separator\">\n\t\t\t\t\t\t<\/span>\n\t\t<\/div>\n\t\t\t\t\t\t<\/div>\n\t\t\t\t<\/div>\n\t\t\t\t<div class=\"elementor-element elementor-element-3d6c23c1 elementor-widget elementor-widget-text-editor\" data-id=\"3d6c23c1\" data-element_type=\"widget\" data-e-type=\"widget\" data-widget_type=\"text-editor.default\">\n\t\t\t\t<div class=\"elementor-widget-container\">\n\t\t\t\t\t\t\t\t\t<h6><strong>\u00bfC\u00f3mo pueden contribuir todos los asistentes a la conferencia ICM:2024 a crear un entorno favorable a los neurodivergentes?<\/strong><\/h6><p>Los asistentes podr\u00e1n informarse sobre los enfoques neurodivergentes afirmativos (por ejemplo. <a href=\"https:\/\/www.bps.org.uk\/psychologist\/what-does-it-mean-be-neurodiversity-affirmative\">Hartman y otros, 2024<\/a>; <a href=\"https:\/\/eprints.nottingham.ac.uk\/76179\/1\/CN%20thesis%20FOR%20FINAL%20UPLOAD%20Sept%202023.pdf?fbclid=IwAR1E2ODdRtocL96qAwvMFMOYhgcNDYDwkp9n3d8zLNeQ0TUBjdx7xG5VSD8_aem_AUMpL7zumyV6HzUKhccTltZH7vclVbB1YbQ1pGiJFVnwU3-07v-hfvSMUq0vYaNEA6c\">Naylor, 2023<\/a>) y mostrar respeto por las distintas formas de participar, por ejemplo<\/p><ul><li><em><strong>Experiencias sensoriales<\/strong>.<\/em> Los espacios concurridos, llenos de gente y con mucha luz pueden resultar abrumadores y afectar a la capacidad de participaci\u00f3n de una persona.  Algunos participantes pueden necesitar gafas de sol o protectores auditivos para controlar sus est\u00edmulos sensoriales y hacer pausas tranquilas para autorregularse.<\/li><li><strong><em>Plazos de tramitaci\u00f3n. <\/em><\/strong>Cada persona tarda un tiempo diferente en procesar la informaci\u00f3n y responder.  Un tiempo de procesamiento m\u00e1s largo puede significar simplemente que est\u00e1n trabajando con m\u00e1s informaci\u00f3n; no significa que no est\u00e9n prestando atenci\u00f3n o que no sean capaces de implicarse.<\/li><li><em><strong>Movimiento y quietud<\/strong>. <\/em>Algunas personas pueden necesitar movimiento durante las pr\u00e1cticas de meditaci\u00f3n.  Esto puede ser una ayuda para el enfoque o la concentraci\u00f3n m\u00e1s que una indicaci\u00f3n de que est\u00e1n distra\u00eddos y no se concentran.<\/li><li><em><strong>Pilas sociales<\/strong>. <\/em>Conocer gente nueva puede resultar especialmente agotador para algunas personas.  Asistir de forma selectiva y permanecer fuera de la pantalla durante los eventos virtuales son importantes herramientas de gesti\u00f3n de la energ\u00eda, no signos de falta de compromiso.<\/li><\/ul>\t\t\t\t\t\t\t\t<\/div>\n\t\t\t\t<\/div>\n\t\t\t\t<section class=\"elementor-section elementor-inner-section elementor-element elementor-element-1a238f5 elementor-section-boxed elementor-section-height-default elementor-section-height-default\" data-id=\"1a238f5\" data-element_type=\"section\" data-e-type=\"section\">\n\t\t\t\t\t\t<div class=\"elementor-container elementor-column-gap-default\">\n\t\t\t\t\t<div class=\"elementor-column elementor-col-50 elementor-inner-column elementor-element elementor-element-0ed9f03\" data-id=\"0ed9f03\" data-element_type=\"column\" data-e-type=\"column\">\n\t\t\t<div class=\"elementor-widget-wrap elementor-element-populated\">\n\t\t\t\t\t\t<div class=\"elementor-element elementor-element-441bd9f elementor-widget elementor-widget-image\" data-id=\"441bd9f\" data-element_type=\"widget\" data-e-type=\"widget\" data-widget_type=\"image.default\">\n\t\t\t\t<div class=\"elementor-widget-container\">\n\t\t\t\t\t\t\t\t\t\t\t\t\t\t\t<img fetchpriority=\"high\" decoding=\"async\" width=\"768\" height=\"644\" src=\"https:\/\/www.internationalmindfulnessconference.com\/wp-content\/uploads\/2024\/05\/3-768x644.png\" class=\"attachment-medium_large size-medium_large wp-image-38128\" alt=\"\" srcset=\"https:\/\/www.internationalmindfulnessconference.com\/wp-content\/uploads\/2024\/05\/3-768x644.png 768w, https:\/\/www.internationalmindfulnessconference.com\/wp-content\/uploads\/2024\/05\/3-300x251.png 300w, https:\/\/www.internationalmindfulnessconference.com\/wp-content\/uploads\/2024\/05\/3-14x12.png 14w, https:\/\/www.internationalmindfulnessconference.com\/wp-content\/uploads\/2024\/05\/3-600x503.png 600w, https:\/\/www.internationalmindfulnessconference.com\/wp-content\/uploads\/2024\/05\/3.png 940w\" sizes=\"(max-width: 768px) 100vw, 768px\" \/>\t\t\t\t\t\t\t\t\t\t\t\t\t\t\t<\/div>\n\t\t\t\t<\/div>\n\t\t\t\t\t<\/div>\n\t\t<\/div>\n\t\t\t\t<div class=\"elementor-column elementor-col-50 elementor-inner-column elementor-element elementor-element-3f063aa\" data-id=\"3f063aa\" data-element_type=\"column\" data-e-type=\"column\">\n\t\t\t<div class=\"elementor-widget-wrap elementor-element-populated\">\n\t\t\t\t\t\t<div class=\"elementor-element elementor-element-17980aa elementor-widget elementor-widget-text-editor\" data-id=\"17980aa\" data-element_type=\"widget\" data-e-type=\"widget\" data-widget_type=\"text-editor.default\">\n\t\t\t\t<div class=\"elementor-widget-container\">\n\t\t\t\t\t\t\t\t\t<p>El lenguaje y las etiquetas diagn\u00f3sticas son hist\u00f3ricamente contingentes, y hablar de estos temas puede ser todo un reto.  Todos nos equivocamos a veces de lenguaje y tenemos una comprensi\u00f3n limitada del mundo de los dem\u00e1s.  Se invita a los asistentes a participar en la creaci\u00f3n y mantenimiento de espacios de exploraci\u00f3n y aprendizaje para todos.\u00a0<\/p><p>Los enfoques establecidos en los acuerdos multiculturales son pertinentes para apoyar los espacios de afirmaci\u00f3n de los neurodivergentes y reconocen la interseccionalidad, por ejemplo, la <a href=\"https:\/\/eastbaymeditation.org\/2022\/03\/agreements-for-multicultural-interactions\/\">Acuerdo del Centro de Meditaci\u00f3n de East Bay<\/a> incluye:<\/p><p>\u00a0<\/p><p>\u00a0<\/p>\t\t\t\t\t\t\t\t<\/div>\n\t\t\t\t<\/div>\n\t\t\t\t\t<\/div>\n\t\t<\/div>\n\t\t\t\t\t<\/div>\n\t\t<\/section>\n\t\t\t\t<div class=\"elementor-element elementor-element-2768f73 elementor-widget elementor-widget-text-editor\" data-id=\"2768f73\" data-element_type=\"widget\" data-e-type=\"widget\" data-widget_type=\"text-editor.default\">\n\t\t\t\t<div class=\"elementor-widget-container\">\n\t\t\t\t\t\t\t\t\t<ul><li><strong><em>Pru\u00e9batelo. <\/em><\/strong>Est\u00e9 dispuesto a \"probar\" nuevas ideas o formas de hacer las cosas que quiz\u00e1 no sean las que usted prefiere o con las que est\u00e1 familiarizado.<\/li><li><strong><em>Practica la autoconcentraci\u00f3n. <\/em><\/strong>Atiende y habla de tus propias experiencias y respuestas. No hables en nombre de todo el grupo ni hagas suposiciones sobre la experiencia de los dem\u00e1s.<\/li><li><em><strong>Comprender la diferencia entre intenci\u00f3n e impacto.<\/strong> <\/em>Intente comprender y reconocer el impacto. Negar el impacto de algo dicho centr\u00e1ndose en la intenci\u00f3n suele ser m\u00e1s destructivo que la interacci\u00f3n inicial.<\/li><li><strong><em>Practica \"Ambos \/ Y\". <\/em><\/strong>Al hablar, sustituye \"y\" por \"ambos\". Esta pr\u00e1ctica reconoce y honra m\u00faltiples realidades.<\/li><\/ul><p><em>Invitamos a todos los asistentes a ICM:2024 a reflexionar sobre este enfoque y a tenerlo en cuenta a la hora de participar, tanto en persona como virtualmente. La filosof\u00eda de la atenci\u00f3n plena puede ser de gran ayuda para crear un entorno positivo para los neurodivergentes: la curiosidad, la amabilidad, la orientaci\u00f3n hacia la experiencia y la ausencia de prejuicios proporcionan el espacio necesario para acoger y celebrar las diferencias.<\/em><\/p>\t\t\t\t\t\t\t\t<\/div>\n\t\t\t\t<\/div>\n\t\t\t\t\t<\/div>\n\t\t<\/div>\n\t\t\t\t\t<\/div>\n\t\t<\/section>\n\t\t\t\t<section class=\"elementor-section elementor-top-section elementor-element elementor-element-760e091 elementor-section-boxed elementor-section-height-default elementor-section-height-default\" data-id=\"760e091\" data-element_type=\"section\" data-e-type=\"section\">\n\t\t\t\t\t\t<div class=\"elementor-container elementor-column-gap-default\">\n\t\t\t\t\t<div class=\"elementor-column elementor-col-100 elementor-top-column elementor-element elementor-element-8523d8c\" data-id=\"8523d8c\" data-element_type=\"column\" data-e-type=\"column\">\n\t\t\t<div class=\"elementor-widget-wrap elementor-element-populated\">\n\t\t\t\t\t\t<div class=\"elementor-element elementor-element-a85e69a elementor-widget elementor-widget-button\" data-id=\"a85e69a\" data-element_type=\"widget\" data-e-type=\"widget\" data-widget_type=\"button.default\">\n\t\t\t\t<div class=\"elementor-widget-container\">\n\t\t\t\t\t\t\t\t\t<div class=\"elementor-button-wrapper\">\n\t\t\t\t\t<a class=\"elementor-button elementor-button-link elementor-size-sm\" href=\"https:\/\/www.internationalmindfulnessconference.com\/es\/comprar-entradas\/\">\n\t\t\t\t\t\t<span class=\"elementor-button-content-wrapper\">\n\t\t\t\t\t\t\t\t\t<span class=\"elementor-button-text\">\u00bfEst\u00e1 listo para inscribirse en la conferencia?<\/span>\n\t\t\t\t\t<\/span>\n\t\t\t\t\t<\/a>\n\t\t\t\t<\/div>\n\t\t\t\t\t\t\t\t<\/div>\n\t\t\t\t<\/div>\n\t\t\t\t\t<\/div>\n\t\t<\/div>\n\t\t\t\t\t<\/div>\n\t\t<\/section>\n\t\t\t\t<\/div>","protected":false},"excerpt":{"rendered":"<p>En la quinta parte de la serie se sugieren formas de que todos los asistentes a la conferencia ICM:2024 contribuyan a crear un entorno favorable a los neurodivergentes?<\/p>","protected":false},"author":3,"featured_media":37269,"comment_status":"closed","ping_status":"closed","sticky":false,"template":"","format":"standard","meta":{"_view_id":"","site-sidebar-layout":"default","site-content-layout":"","ast-site-content-layout":"default","site-content-style":"default","site-sidebar-style":"default","ast-global-header-display":"","ast-banner-title-visibility":"","ast-main-header-display":"","ast-hfb-above-header-display":"","ast-hfb-below-header-display":"","ast-hfb-mobile-header-display":"","site-post-title":"","ast-breadcrumbs-content":"","ast-featured-img":"","footer-sml-layout":"","ast-disable-related-posts":"","theme-transparent-header-meta":"","adv-header-id-meta":"","stick-header-meta":"","header-above-stick-meta":"","header-main-stick-meta":"","header-below-stick-meta":"","astra-migrate-meta-layouts":"set","ast-page-background-enabled":"default","ast-page-background-meta":{"desktop":{"background-color":"","background-image":"","background-repeat":"repeat","background-position":"center center","background-size":"auto","background-attachment":"scroll","background-type":"","background-media":"","overlay-type":"","overlay-color":"","overlay-opacity":"","overlay-gradient":""},"tablet":{"background-color":"","background-image":"","background-repeat":"repeat","background-position":"center center","background-size":"auto","background-attachment":"scroll","background-type":"","background-media":"","overlay-type":"","overlay-color":"","overlay-opacity":"","overlay-gradient":""},"mobile":{"background-color":"","background-image":"","background-repeat":"repeat","background-position":"center center","background-size":"auto","background-attachment":"scroll","background-type":"","background-media":"","overlay-type":"","overlay-color":"","overlay-opacity":"","overlay-gradient":""}},"ast-content-background-meta":{"desktop":{"background-color":"var(--ast-global-color-5)","background-image":"","background-repeat":"repeat","background-position":"center center","background-size":"auto","background-attachment":"scroll","background-type":"","background-media":"","overlay-type":"","overlay-color":"","overlay-opacity":"","overlay-gradient":""},"tablet":{"background-color":"var(--ast-global-color-5)","background-image":"","background-repeat":"repeat","background-position":"center center","background-size":"auto","background-attachment":"scroll","background-type":"","background-media":"","overlay-type":"","overlay-color":"","overlay-opacity":"","overlay-gradient":""},"mobile":{"background-color":"var(--ast-global-color-5)","background-image":"","background-repeat":"repeat","background-position":"center center","background-size":"auto","background-attachment":"scroll","background-type":"","background-media":"","overlay-type":"","overlay-color":"","overlay-opacity":"","overlay-gradient":""}},"_jetpack_memberships_contains_paid_content":false,"wds_primary_category":119,"footnotes":""},"categories":[119],"tags":[124,122,101,120],"class_list":["post-38118","post","type-post","status-publish","format-standard","has-post-thumbnail","hentry","category-conference-insights","tag-accessibility","tag-conference-insights","tag-icm2024","tag-neurodiversity"],"yoast_head":"<!-- This site is optimized with the Yoast SEO plugin v27.5 - https:\/\/yoast.com\/product\/yoast-seo-wordpress\/ -->\n<title>ICM:2024 INSIGHTS \u2013 NAVIGATING NEURODIVERSITY PT.5 - International Conference on Mindfulness 2024<\/title>\n<meta name=\"description\" content=\"Conference Insights\" \/>\n<meta name=\"robots\" content=\"index, follow, max-snippet:-1, max-image-preview:large, max-video-preview:-1\" \/>\n<link rel=\"canonical\" href=\"https:\/\/www.internationalmindfulnessconference.com\/es\/2024\/05\/02\/icm2024-percepciones-sobre-la-neurodiversidad-pt-5\/\" \/>\n<meta property=\"og:locale\" content=\"es_ES\" \/>\n<meta property=\"og:type\" content=\"article\" \/>\n<meta property=\"og:title\" content=\"ICM:2024 INSIGHTS \u2013 NAVIGATING NEURODIVERSITY PT.5 - International Conference on Mindfulness 2024\" \/>\n<meta property=\"og:description\" content=\"Conference Insights\" \/>\n<meta property=\"og:url\" content=\"https:\/\/www.internationalmindfulnessconference.com\/es\/2024\/05\/02\/icm2024-percepciones-sobre-la-neurodiversidad-pt-5\/\" \/>\n<meta property=\"og:site_name\" content=\"International Conference on Mindfulness 2024\" \/>\n<meta property=\"article:publisher\" content=\"https:\/\/www.facebook.com\/MindfulnessNetworkUK\/\" \/>\n<meta property=\"article:published_time\" content=\"2024-05-02T08:55:04+00:00\" \/>\n<meta property=\"article:modified_time\" content=\"2024-05-02T10:15:45+00:00\" \/>\n<meta property=\"og:image\" content=\"https:\/\/www.internationalmindfulnessconference.com\/wp-content\/uploads\/2024\/04\/insight_.png\" \/>\n\t<meta property=\"og:image:width\" content=\"1500\" \/>\n\t<meta property=\"og:image:height\" content=\"500\" \/>\n\t<meta property=\"og:image:type\" content=\"image\/png\" \/>\n<meta name=\"author\" content=\"Madeleine Hynes\" \/>\n<meta name=\"twitter:card\" content=\"summary_large_image\" \/>\n<meta name=\"twitter:creator\" content=\"@MindfulnessN\" \/>\n<meta name=\"twitter:site\" content=\"@MindfulnessN\" \/>\n<meta name=\"twitter:label1\" content=\"Escrito por\" \/>\n\t<meta name=\"twitter:data1\" content=\"Madeleine Hynes\" \/>\n\t<meta name=\"twitter:label2\" content=\"Tiempo de lectura\" \/>\n\t<meta name=\"twitter:data2\" content=\"3 minutos\" \/>\n<script type=\"application\/ld+json\" class=\"yoast-schema-graph\">{\"@context\":\"https:\\\/\\\/schema.org\",\"@graph\":[{\"@type\":\"Article\",\"@id\":\"https:\\\/\\\/www.internationalmindfulnessconference.com\\\/2024\\\/05\\\/02\\\/icm2024-insights-navigating-neurodiversity-pt-5\\\/#article\",\"isPartOf\":{\"@id\":\"https:\\\/\\\/www.internationalmindfulnessconference.com\\\/2024\\\/05\\\/02\\\/icm2024-insights-navigating-neurodiversity-pt-5\\\/\"},\"author\":{\"name\":\"Madeleine Hynes\",\"@id\":\"https:\\\/\\\/www.internationalmindfulnessconference.com\\\/#\\\/schema\\\/person\\\/cfeb3e23341dd4fad358eae1d7744eac\"},\"headline\":\"ICM:2024 INSIGHTS \u2013 NAVIGATING NEURODIVERSITY PT.5\",\"datePublished\":\"2024-05-02T08:55:04+00:00\",\"dateModified\":\"2024-05-02T10:15:45+00:00\",\"mainEntityOfPage\":{\"@id\":\"https:\\\/\\\/www.internationalmindfulnessconference.com\\\/2024\\\/05\\\/02\\\/icm2024-insights-navigating-neurodiversity-pt-5\\\/\"},\"wordCount\":467,\"publisher\":{\"@id\":\"https:\\\/\\\/www.internationalmindfulnessconference.com\\\/#organization\"},\"image\":{\"@id\":\"https:\\\/\\\/www.internationalmindfulnessconference.com\\\/2024\\\/05\\\/02\\\/icm2024-insights-navigating-neurodiversity-pt-5\\\/#primaryimage\"},\"thumbnailUrl\":\"https:\\\/\\\/www.internationalmindfulnessconference.com\\\/wp-content\\\/uploads\\\/2024\\\/04\\\/insight_.png\",\"keywords\":[\"accessibility\",\"conference insights\",\"ICM:2024\",\"neurodiversity\"],\"articleSection\":[\"Conference Insights\"],\"inLanguage\":\"es\"},{\"@type\":\"WebPage\",\"@id\":\"https:\\\/\\\/www.internationalmindfulnessconference.com\\\/2024\\\/05\\\/02\\\/icm2024-insights-navigating-neurodiversity-pt-5\\\/\",\"url\":\"https:\\\/\\\/www.internationalmindfulnessconference.com\\\/2024\\\/05\\\/02\\\/icm2024-insights-navigating-neurodiversity-pt-5\\\/\",\"name\":\"ICM:2024 INSIGHTS \u2013 NAVIGATING NEURODIVERSITY PT.5 - International Conference on Mindfulness 2024\",\"isPartOf\":{\"@id\":\"https:\\\/\\\/www.internationalmindfulnessconference.com\\\/#website\"},\"primaryImageOfPage\":{\"@id\":\"https:\\\/\\\/www.internationalmindfulnessconference.com\\\/2024\\\/05\\\/02\\\/icm2024-insights-navigating-neurodiversity-pt-5\\\/#primaryimage\"},\"image\":{\"@id\":\"https:\\\/\\\/www.internationalmindfulnessconference.com\\\/2024\\\/05\\\/02\\\/icm2024-insights-navigating-neurodiversity-pt-5\\\/#primaryimage\"},\"thumbnailUrl\":\"https:\\\/\\\/www.internationalmindfulnessconference.com\\\/wp-content\\\/uploads\\\/2024\\\/04\\\/insight_.png\",\"datePublished\":\"2024-05-02T08:55:04+00:00\",\"dateModified\":\"2024-05-02T10:15:45+00:00\",\"description\":\"Conference Insights\",\"breadcrumb\":{\"@id\":\"https:\\\/\\\/www.internationalmindfulnessconference.com\\\/2024\\\/05\\\/02\\\/icm2024-insights-navigating-neurodiversity-pt-5\\\/#breadcrumb\"},\"inLanguage\":\"es\",\"potentialAction\":[{\"@type\":\"ReadAction\",\"target\":[\"https:\\\/\\\/www.internationalmindfulnessconference.com\\\/2024\\\/05\\\/02\\\/icm2024-insights-navigating-neurodiversity-pt-5\\\/\"]}]},{\"@type\":\"ImageObject\",\"inLanguage\":\"es\",\"@id\":\"https:\\\/\\\/www.internationalmindfulnessconference.com\\\/2024\\\/05\\\/02\\\/icm2024-insights-navigating-neurodiversity-pt-5\\\/#primaryimage\",\"url\":\"https:\\\/\\\/www.internationalmindfulnessconference.com\\\/wp-content\\\/uploads\\\/2024\\\/04\\\/insight_.png\",\"contentUrl\":\"https:\\\/\\\/www.internationalmindfulnessconference.com\\\/wp-content\\\/uploads\\\/2024\\\/04\\\/insight_.png\",\"width\":1500,\"height\":500},{\"@type\":\"BreadcrumbList\",\"@id\":\"https:\\\/\\\/www.internationalmindfulnessconference.com\\\/2024\\\/05\\\/02\\\/icm2024-insights-navigating-neurodiversity-pt-5\\\/#breadcrumb\",\"itemListElement\":[{\"@type\":\"ListItem\",\"position\":1,\"name\":\"Home\",\"item\":\"https:\\\/\\\/www.internationalmindfulnessconference.com\\\/\"},{\"@type\":\"ListItem\",\"position\":2,\"name\":\"ICM:2024 INSIGHTS \u2013 NAVIGATING NEURODIVERSITY PT.5\"}]},{\"@type\":\"WebSite\",\"@id\":\"https:\\\/\\\/www.internationalmindfulnessconference.com\\\/#website\",\"url\":\"https:\\\/\\\/www.internationalmindfulnessconference.com\\\/\",\"name\":\"International Conference on Mindfulness 2024\",\"description\":\"ICM 2024: Mindfulness in a Changing World\",\"publisher\":{\"@id\":\"https:\\\/\\\/www.internationalmindfulnessconference.com\\\/#organization\"},\"alternateName\":\"ICM 2024\",\"potentialAction\":[{\"@type\":\"SearchAction\",\"target\":{\"@type\":\"EntryPoint\",\"urlTemplate\":\"https:\\\/\\\/www.internationalmindfulnessconference.com\\\/?s={search_term_string}\"},\"query-input\":{\"@type\":\"PropertyValueSpecification\",\"valueRequired\":true,\"valueName\":\"search_term_string\"}}],\"inLanguage\":\"es\"},{\"@type\":\"Organization\",\"@id\":\"https:\\\/\\\/www.internationalmindfulnessconference.com\\\/#organization\",\"name\":\"The Mindfulness Network\",\"alternateName\":\"Mindfulness Network\",\"url\":\"https:\\\/\\\/www.internationalmindfulnessconference.com\\\/\",\"logo\":{\"@type\":\"ImageObject\",\"inLanguage\":\"es\",\"@id\":\"https:\\\/\\\/www.internationalmindfulnessconference.com\\\/#\\\/schema\\\/logo\\\/image\\\/\",\"url\":\"https:\\\/\\\/www.internationalmindfulnessconference.com\\\/wp-content\\\/uploads\\\/2023\\\/01\\\/MNLogo-300x300-1.jpg\",\"contentUrl\":\"https:\\\/\\\/www.internationalmindfulnessconference.com\\\/wp-content\\\/uploads\\\/2023\\\/01\\\/MNLogo-300x300-1.jpg\",\"width\":300,\"height\":300,\"caption\":\"The Mindfulness Network\"},\"image\":{\"@id\":\"https:\\\/\\\/www.internationalmindfulnessconference.com\\\/#\\\/schema\\\/logo\\\/image\\\/\"},\"sameAs\":[\"https:\\\/\\\/www.facebook.com\\\/MindfulnessNetworkUK\\\/\",\"https:\\\/\\\/x.com\\\/MindfulnessN\"]},{\"@type\":\"Person\",\"@id\":\"https:\\\/\\\/www.internationalmindfulnessconference.com\\\/#\\\/schema\\\/person\\\/cfeb3e23341dd4fad358eae1d7744eac\",\"name\":\"Madeleine Hynes\",\"image\":{\"@type\":\"ImageObject\",\"inLanguage\":\"es\",\"@id\":\"https:\\\/\\\/www.internationalmindfulnessconference.com\\\/wp-content\\\/wphb-cache\\\/gravatar\\\/d20\\\/d204c6c9e5fdaaac6fb784dfcbf0793ex96.jpg\",\"url\":\"https:\\\/\\\/www.internationalmindfulnessconference.com\\\/wp-content\\\/wphb-cache\\\/gravatar\\\/d20\\\/d204c6c9e5fdaaac6fb784dfcbf0793ex96.jpg\",\"contentUrl\":\"https:\\\/\\\/www.internationalmindfulnessconference.com\\\/wp-content\\\/wphb-cache\\\/gravatar\\\/d20\\\/d204c6c9e5fdaaac6fb784dfcbf0793ex96.jpg\",\"caption\":\"Madeleine Hynes\"},\"url\":\"https:\\\/\\\/www.internationalmindfulnessconference.com\\\/es\\\/author\\\/madeleinemindfulness-network-org\\\/\"}]}<\/script>\n<!-- \/ Yoast SEO plugin. -->","yoast_head_json":{"title":"ICM:2024 INSIGHTS - NAVIGATING NEURODIVERSITY PT.5 - Conferencia Internacional sobre Mindfulness 2024","description":"Conferencias","robots":{"index":"index","follow":"follow","max-snippet":"max-snippet:-1","max-image-preview":"max-image-preview:large","max-video-preview":"max-video-preview:-1"},"canonical":"https:\/\/www.internationalmindfulnessconference.com\/es\/2024\/05\/02\/icm2024-percepciones-sobre-la-neurodiversidad-pt-5\/","og_locale":"es_ES","og_type":"article","og_title":"ICM:2024 INSIGHTS \u2013 NAVIGATING NEURODIVERSITY PT.5 - International Conference on Mindfulness 2024","og_description":"Conference Insights","og_url":"https:\/\/www.internationalmindfulnessconference.com\/es\/2024\/05\/02\/icm2024-percepciones-sobre-la-neurodiversidad-pt-5\/","og_site_name":"International Conference on Mindfulness 2024","article_publisher":"https:\/\/www.facebook.com\/MindfulnessNetworkUK\/","article_published_time":"2024-05-02T08:55:04+00:00","article_modified_time":"2024-05-02T10:15:45+00:00","og_image":[{"width":1500,"height":500,"url":"https:\/\/www.internationalmindfulnessconference.com\/wp-content\/uploads\/2024\/04\/insight_.png","type":"image\/png"}],"author":"Madeleine Hynes","twitter_card":"summary_large_image","twitter_creator":"@MindfulnessN","twitter_site":"@MindfulnessN","twitter_misc":{"Escrito por":"Madeleine Hynes","Tiempo de lectura":"3 minutos"},"schema":{"@context":"https:\/\/schema.org","@graph":[{"@type":"Article","@id":"https:\/\/www.internationalmindfulnessconference.com\/2024\/05\/02\/icm2024-insights-navigating-neurodiversity-pt-5\/#article","isPartOf":{"@id":"https:\/\/www.internationalmindfulnessconference.com\/2024\/05\/02\/icm2024-insights-navigating-neurodiversity-pt-5\/"},"author":{"name":"Madeleine Hynes","@id":"https:\/\/www.internationalmindfulnessconference.com\/#\/schema\/person\/cfeb3e23341dd4fad358eae1d7744eac"},"headline":"ICM:2024 INSIGHTS \u2013 NAVIGATING NEURODIVERSITY PT.5","datePublished":"2024-05-02T08:55:04+00:00","dateModified":"2024-05-02T10:15:45+00:00","mainEntityOfPage":{"@id":"https:\/\/www.internationalmindfulnessconference.com\/2024\/05\/02\/icm2024-insights-navigating-neurodiversity-pt-5\/"},"wordCount":467,"publisher":{"@id":"https:\/\/www.internationalmindfulnessconference.com\/#organization"},"image":{"@id":"https:\/\/www.internationalmindfulnessconference.com\/2024\/05\/02\/icm2024-insights-navigating-neurodiversity-pt-5\/#primaryimage"},"thumbnailUrl":"https:\/\/www.internationalmindfulnessconference.com\/wp-content\/uploads\/2024\/04\/insight_.png","keywords":["accessibility","conference insights","ICM:2024","neurodiversity"],"articleSection":["Conference Insights"],"inLanguage":"es"},{"@type":"WebPage","@id":"https:\/\/www.internationalmindfulnessconference.com\/2024\/05\/02\/icm2024-insights-navigating-neurodiversity-pt-5\/","url":"https:\/\/www.internationalmindfulnessconference.com\/2024\/05\/02\/icm2024-insights-navigating-neurodiversity-pt-5\/","name":"ICM:2024 INSIGHTS - NAVIGATING NEURODIVERSITY PT.5 - Conferencia Internacional sobre Mindfulness 2024","isPartOf":{"@id":"https:\/\/www.internationalmindfulnessconference.com\/#website"},"primaryImageOfPage":{"@id":"https:\/\/www.internationalmindfulnessconference.com\/2024\/05\/02\/icm2024-insights-navigating-neurodiversity-pt-5\/#primaryimage"},"image":{"@id":"https:\/\/www.internationalmindfulnessconference.com\/2024\/05\/02\/icm2024-insights-navigating-neurodiversity-pt-5\/#primaryimage"},"thumbnailUrl":"https:\/\/www.internationalmindfulnessconference.com\/wp-content\/uploads\/2024\/04\/insight_.png","datePublished":"2024-05-02T08:55:04+00:00","dateModified":"2024-05-02T10:15:45+00:00","description":"Conferencias","breadcrumb":{"@id":"https:\/\/www.internationalmindfulnessconference.com\/2024\/05\/02\/icm2024-insights-navigating-neurodiversity-pt-5\/#breadcrumb"},"inLanguage":"es","potentialAction":[{"@type":"ReadAction","target":["https:\/\/www.internationalmindfulnessconference.com\/2024\/05\/02\/icm2024-insights-navigating-neurodiversity-pt-5\/"]}]},{"@type":"ImageObject","inLanguage":"es","@id":"https:\/\/www.internationalmindfulnessconference.com\/2024\/05\/02\/icm2024-insights-navigating-neurodiversity-pt-5\/#primaryimage","url":"https:\/\/www.internationalmindfulnessconference.com\/wp-content\/uploads\/2024\/04\/insight_.png","contentUrl":"https:\/\/www.internationalmindfulnessconference.com\/wp-content\/uploads\/2024\/04\/insight_.png","width":1500,"height":500},{"@type":"BreadcrumbList","@id":"https:\/\/www.internationalmindfulnessconference.com\/2024\/05\/02\/icm2024-insights-navigating-neurodiversity-pt-5\/#breadcrumb","itemListElement":[{"@type":"ListItem","position":1,"name":"Home","item":"https:\/\/www.internationalmindfulnessconference.com\/"},{"@type":"ListItem","position":2,"name":"ICM:2024 INSIGHTS \u2013 NAVIGATING NEURODIVERSITY PT.5"}]},{"@type":"WebSite","@id":"https:\/\/www.internationalmindfulnessconference.com\/#website","url":"https:\/\/www.internationalmindfulnessconference.com\/","name":"Conferencia Internacional sobre Mindfulness 2024","description":"ICM 2024: Mindfulness en un mundo cambiante","publisher":{"@id":"https:\/\/www.internationalmindfulnessconference.com\/#organization"},"alternateName":"ICM 2024","potentialAction":[{"@type":"SearchAction","target":{"@type":"EntryPoint","urlTemplate":"https:\/\/www.internationalmindfulnessconference.com\/?s={search_term_string}"},"query-input":{"@type":"PropertyValueSpecification","valueRequired":true,"valueName":"search_term_string"}}],"inLanguage":"es"},{"@type":"Organization","@id":"https:\/\/www.internationalmindfulnessconference.com\/#organization","name":"Red Mindfulness","alternateName":"Mindfulness Network","url":"https:\/\/www.internationalmindfulnessconference.com\/","logo":{"@type":"ImageObject","inLanguage":"es","@id":"https:\/\/www.internationalmindfulnessconference.com\/#\/schema\/logo\/image\/","url":"https:\/\/www.internationalmindfulnessconference.com\/wp-content\/uploads\/2023\/01\/MNLogo-300x300-1.jpg","contentUrl":"https:\/\/www.internationalmindfulnessconference.com\/wp-content\/uploads\/2023\/01\/MNLogo-300x300-1.jpg","width":300,"height":300,"caption":"The Mindfulness Network"},"image":{"@id":"https:\/\/www.internationalmindfulnessconference.com\/#\/schema\/logo\/image\/"},"sameAs":["https:\/\/www.facebook.com\/MindfulnessNetworkUK\/","https:\/\/x.com\/MindfulnessN"]},{"@type":"Person","@id":"https:\/\/www.internationalmindfulnessconference.com\/#\/schema\/person\/cfeb3e23341dd4fad358eae1d7744eac","name":"Madeleine Hynes","image":{"@type":"ImageObject","inLanguage":"es","@id":"https:\/\/www.internationalmindfulnessconference.com\/wp-content\/wphb-cache\/gravatar\/d20\/d204c6c9e5fdaaac6fb784dfcbf0793ex96.jpg","url":"https:\/\/www.internationalmindfulnessconference.com\/wp-content\/wphb-cache\/gravatar\/d20\/d204c6c9e5fdaaac6fb784dfcbf0793ex96.jpg","contentUrl":"https:\/\/www.internationalmindfulnessconference.com\/wp-content\/wphb-cache\/gravatar\/d20\/d204c6c9e5fdaaac6fb784dfcbf0793ex96.jpg","caption":"Madeleine Hynes"},"url":"https:\/\/www.internationalmindfulnessconference.com\/es\/author\/madeleinemindfulness-network-org\/"}]}},"jetpack_featured_media_url":"https:\/\/www.internationalmindfulnessconference.com\/wp-content\/uploads\/2024\/04\/insight_.png","jetpack_sharing_enabled":true,"_links":{"self":[{"href":"https:\/\/www.internationalmindfulnessconference.com\/es\/wp-json\/wp\/v2\/posts\/38118","targetHints":{"allow":["GET"]}}],"collection":[{"href":"https:\/\/www.internationalmindfulnessconference.com\/es\/wp-json\/wp\/v2\/posts"}],"about":[{"href":"https:\/\/www.internationalmindfulnessconference.com\/es\/wp-json\/wp\/v2\/types\/post"}],"author":[{"embeddable":true,"href":"https:\/\/www.internationalmindfulnessconference.com\/es\/wp-json\/wp\/v2\/users\/3"}],"replies":[{"embeddable":true,"href":"https:\/\/www.internationalmindfulnessconference.com\/es\/wp-json\/wp\/v2\/comments?post=38118"}],"version-history":[{"count":0,"href":"https:\/\/www.internationalmindfulnessconference.com\/es\/wp-json\/wp\/v2\/posts\/38118\/revisions"}],"wp:featuredmedia":[{"embeddable":true,"href":"https:\/\/www.internationalmindfulnessconference.com\/es\/wp-json\/wp\/v2\/media\/37269"}],"wp:attachment":[{"href":"https:\/\/www.internationalmindfulnessconference.com\/es\/wp-json\/wp\/v2\/media?parent=38118"}],"wp:term":[{"taxonomy":"category","embeddable":true,"href":"https:\/\/www.internationalmindfulnessconference.com\/es\/wp-json\/wp\/v2\/categories?post=38118"},{"taxonomy":"post_tag","embeddable":true,"href":"https:\/\/www.internationalmindfulnessconference.com\/es\/wp-json\/wp\/v2\/tags?post=38118"}],"curies":[{"name":"wp","href":"https:\/\/api.w.org\/{rel}","templated":true}]}}