{"id":53708,"date":"2024-06-27T15:03:55","date_gmt":"2024-06-27T15:03:55","guid":{"rendered":"https:\/\/www.internationalmindfulnessconference.com\/?p=53708"},"modified":"2024-07-10T19:50:59","modified_gmt":"2024-07-10T19:50:59","slug":"el-poder-de-la-conexion-por-que-es-importante-participar-en-la-conferencia-en-linea","status":"publish","type":"post","link":"https:\/\/www.internationalmindfulnessconference.com\/es\/2024\/06\/27\/el-poder-de-la-conexion-por-que-es-importante-participar-en-la-conferencia-en-linea\/","title":{"rendered":"EL PODER DE LA CONEXI\u00d3N: POR QU\u00c9 ES IMPORTANTE PARTICIPAR EN LA CONFERENCIA EN L\u00cdNEA"},"content":{"rendered":"<h4 class=\"wp-block-heading\"><em>CINCO RAZONES PARA PARTICIPAR EN L\u00cdNEA EN ICM:2024, BANGOR<\/em><\/h4>\n\n\n\n<h4 class=\"wp-block-heading\"><br><\/h4>\n\n\n\n<p>La conferencia ser\u00e1 un recurso tremendamente valioso para cualquier persona interesada en mindfulness y su relaci\u00f3n con los retos a los que nos enfrentamos hoy en d\u00eda. Entendemos que asistir a la conferencia en Bangor puede ser dif\u00edcil para muchos debido al coste, el calendario y las limitaciones de viaje. O tal vez prefieras conectarte virtualmente, en un mundo en el que ahora se puede acceder a mindfulness en l\u00ednea, en cualquier momento y desde cualquier lugar. Por eso tambi\u00e9n retransmitimos y grabamos el acto, y lo ponemos a disposici\u00f3n de todo el mundo.<\/p>\n\n\n\n<p>Si no puede unirse a nosotros en Bangor, aqu\u00ed tiene cinco razones para dejar que la Conferencia Internacional sobre Mindfulness venga a usted:<\/p>\n\n\n\n<ol class=\"wp-block-list\">\n<li><strong>Ofertas diversas:<\/strong> Disfrute de un amplio abanico de conferencias, talleres en l\u00ednea y mesas redondas en las que participar\u00e1n destacados profesores e investigadores de todo el mundo.<br><\/li>\n\n\n\n<li><strong>Experiencia interactiva<\/strong>: Retransmisi\u00f3n en directo de las conferencias magistrales, los paneles y algunas presentaciones de investigaci\u00f3n, con la posibilidad de formular preguntas.<br><\/li>\n\n\n\n<li><strong>Acceso a la carta<\/strong>: Acceda a las grabaciones de las conferencias magistrales, las mesas redondas y todas las presentaciones de investigaci\u00f3n una vez concluida la conferencia. Las grabaciones estar\u00e1n disponibles durante al menos seis meses desde el final de la conferencia.<br><\/li>\n\n\n\n<li><strong>Conexiones comunitarias<\/strong>: Con\u00e9ctese con grupos de afinidad que compartan sus intereses y preocupaciones.<br><\/li>\n\n\n\n<li><strong>Opciones flexibles<\/strong>: Personalice su pase de conferencia en l\u00ednea para incluir diferentes elementos, como la conferencia virtual principal, el d\u00eda de retiro o el d\u00eda de taller posterior a la conferencia, en cualquier combinaci\u00f3n que se adapte a sus necesidades.<br><\/li>\n<\/ol>\n\n\n\n<p>Por supuesto, si puedes venir a la conferencia en persona, obtendr\u00e1s todo lo anterior y <a href=\"https:\/\/www.internationalmindfulnessconference.com\/es\/2024\/02\/08\/el-poder-de-la-presencia-por-que-es-importante-asistir-a-la-conferencia-en-persona\/\">mucho m\u00e1s<\/a>pero nuestra opci\u00f3n en l\u00ednea garantiza que no se pierda la experiencia principal. Adem\u00e1s, puedes optar por un enfoque h\u00edbrido, asistiendo a algunas partes en persona y a otras en l\u00ednea, maximizando tu experiencia en funci\u00f3n de tus preferencias y horarios.<\/p>\n\n\n\n<p>Hemos mantenido el precio de la conferencia en l\u00ednea lo m\u00e1s bajo posible, ofreciendo un gran valor. Sin embargo, si el coste sigue siendo un obst\u00e1culo, considere la posibilidad de <a href=\"https:\/\/www.internationalmindfulnessconference.com\/es\/nuestras-becas\/\">solicitar una beca<\/a> - El plazo de presentaci\u00f3n de candidaturas finaliza el 29 de julio.<\/p>\n\n\n\n<p>\u00danase a nosotros en l\u00ednea y participe en la experiencia ICM:2024. <a href=\"https:\/\/www.internationalmindfulnessconference.com\/es\/comprar-entradas\/\">\u00a1RESERVE AHORA!<\/a><\/p>\n\n\n\n<figure class=\"wp-block-image size-full\"><a href=\"https:\/\/www.internationalmindfulnessconference.com\/es\/comprar-entradas\/\"><img fetchpriority=\"high\" decoding=\"async\" width=\"940\" height=\"788\" src=\"https:\/\/www.internationalmindfulnessconference.com\/wp-content\/uploads\/2024\/06\/ICM2024-Ticket-FULL-ONLINE-ACCESS.jpg\" alt=\"\" class=\"wp-image-53710\" srcset=\"https:\/\/www.internationalmindfulnessconference.com\/wp-content\/uploads\/2024\/06\/ICM2024-Ticket-FULL-ONLINE-ACCESS.jpg 940w, https:\/\/www.internationalmindfulnessconference.com\/wp-content\/uploads\/2024\/06\/ICM2024-Ticket-FULL-ONLINE-ACCESS-300x251.jpg 300w, https:\/\/www.internationalmindfulnessconference.com\/wp-content\/uploads\/2024\/06\/ICM2024-Ticket-FULL-ONLINE-ACCESS-768x644.jpg 768w, https:\/\/www.internationalmindfulnessconference.com\/wp-content\/uploads\/2024\/06\/ICM2024-Ticket-FULL-ONLINE-ACCESS-14x12.jpg 14w, https:\/\/www.internationalmindfulnessconference.com\/wp-content\/uploads\/2024\/06\/ICM2024-Ticket-FULL-ONLINE-ACCESS-600x503.jpg 600w\" sizes=\"(max-width: 940px) 100vw, 940px\" \/><\/a><\/figure>","protected":false},"excerpt":{"rendered":"<p>FIVE REASONS TO JOIN US ONLINE FOR ICM:2024, BANGOR The conference will be a tremendously valuable resource for anyone interested in mindfulness and how it relates to the challenges we face today. We understand that attending the conference in Bangor might be difficult for many due to cost, timing, and travel constraints. Or perhaps you [&hellip;]<\/p>\n","protected":false},"author":4,"featured_media":3613,"comment_status":"closed","ping_status":"closed","sticky":false,"template":"","format":"standard","meta":{"_view_id":"","site-sidebar-layout":"default","site-content-layout":"","ast-site-content-layout":"default","site-content-style":"default","site-sidebar-style":"default","ast-global-header-display":"","ast-banner-title-visibility":"","ast-main-header-display":"","ast-hfb-above-header-display":"","ast-hfb-below-header-display":"","ast-hfb-mobile-header-display":"","site-post-title":"","ast-breadcrumbs-content":"","ast-featured-img":"","footer-sml-layout":"","ast-disable-related-posts":"","theme-transparent-header-meta":"","adv-header-id-meta":"","stick-header-meta":"","header-above-stick-meta":"","header-main-stick-meta":"","header-below-stick-meta":"","astra-migrate-meta-layouts":"set","ast-page-background-enabled":"default","ast-page-background-meta":{"desktop":{"background-color":"","background-image":"","background-repeat":"repeat","background-position":"center center","background-size":"auto","background-attachment":"scroll","background-type":"","background-media":"","overlay-type":"","overlay-color":"","overlay-opacity":"","overlay-gradient":""},"tablet":{"background-color":"","background-image":"","background-repeat":"repeat","background-position":"center center","background-size":"auto","background-attachment":"scroll","background-type":"","background-media":"","overlay-type":"","overlay-color":"","overlay-opacity":"","overlay-gradient":""},"mobile":{"background-color":"","background-image":"","background-repeat":"repeat","background-position":"center center","background-size":"auto","background-attachment":"scroll","background-type":"","background-media":"","overlay-type":"","overlay-color":"","overlay-opacity":"","overlay-gradient":""}},"ast-content-background-meta":{"desktop":{"background-color":"var(--ast-global-color-5)","background-image":"","background-repeat":"repeat","background-position":"center center","background-size":"auto","background-attachment":"scroll","background-type":"","background-media":"","overlay-type":"","overlay-color":"","overlay-opacity":"","overlay-gradient":""},"tablet":{"background-color":"var(--ast-global-color-5)","background-image":"","background-repeat":"repeat","background-position":"center center","background-size":"auto","background-attachment":"scroll","background-type":"","background-media":"","overlay-type":"","overlay-color":"","overlay-opacity":"","overlay-gradient":""},"mobile":{"background-color":"var(--ast-global-color-5)","background-image":"","background-repeat":"repeat","background-position":"center center","background-size":"auto","background-attachment":"scroll","background-type":"","background-media":"","overlay-type":"","overlay-color":"","overlay-opacity":"","overlay-gradient":""}},"_jetpack_memberships_contains_paid_content":false,"wds_primary_category":105,"footnotes":""},"categories":[105],"tags":[],"class_list":["post-53708","post","type-post","status-publish","format-standard","has-post-thumbnail","hentry","category-news"],"yoast_head":"<!-- This site is optimized with the Yoast SEO plugin v27.5 - https:\/\/yoast.com\/product\/yoast-seo-wordpress\/ -->\n<title>THE POWER OF CONNECTION: WHY JOINING THE CONFERENCE ONLINE MATTERS - International Conference on Mindfulness 2024<\/title>\n<meta name=\"description\" content=\"News\" \/>\n<meta name=\"robots\" content=\"index, follow, max-snippet:-1, max-image-preview:large, max-video-preview:-1\" \/>\n<link rel=\"canonical\" href=\"https:\/\/www.internationalmindfulnessconference.com\/es\/2024\/06\/27\/el-poder-de-la-conexion-por-que-es-importante-participar-en-la-conferencia-en-linea\/\" \/>\n<meta property=\"og:locale\" content=\"es_ES\" \/>\n<meta property=\"og:type\" content=\"article\" \/>\n<meta property=\"og:title\" content=\"THE POWER OF CONNECTION: WHY JOINING THE CONFERENCE ONLINE MATTERS - International Conference on Mindfulness 2024\" \/>\n<meta property=\"og:description\" content=\"News\" \/>\n<meta property=\"og:url\" content=\"https:\/\/www.internationalmindfulnessconference.com\/es\/2024\/06\/27\/el-poder-de-la-conexion-por-que-es-importante-participar-en-la-conferencia-en-linea\/\" \/>\n<meta property=\"og:site_name\" content=\"International Conference on Mindfulness 2024\" \/>\n<meta property=\"article:publisher\" content=\"https:\/\/www.facebook.com\/MindfulnessNetworkUK\/\" \/>\n<meta property=\"article:published_time\" content=\"2024-06-27T15:03:55+00:00\" \/>\n<meta property=\"article:modified_time\" content=\"2024-07-10T19:50:59+00:00\" \/>\n<meta property=\"og:image\" content=\"https:\/\/www.internationalmindfulnessconference.com\/wp-content\/uploads\/2023\/10\/jamie-street-OAKFk5_pVWY-unsplash-1-scaled.jpg\" \/>\n\t<meta property=\"og:image:width\" content=\"2560\" \/>\n\t<meta property=\"og:image:height\" content=\"1809\" \/>\n\t<meta property=\"og:image:type\" content=\"image\/jpeg\" \/>\n<meta name=\"author\" content=\"Joelle\" \/>\n<meta name=\"twitter:card\" content=\"summary_large_image\" \/>\n<meta name=\"twitter:creator\" content=\"@MindfulnessN\" \/>\n<meta name=\"twitter:site\" content=\"@MindfulnessN\" \/>\n<meta name=\"twitter:label1\" content=\"Escrito por\" \/>\n\t<meta name=\"twitter:data1\" content=\"Joelle\" \/>\n\t<meta name=\"twitter:label2\" content=\"Tiempo de lectura\" \/>\n\t<meta name=\"twitter:data2\" content=\"2 minutos\" \/>\n<script type=\"application\/ld+json\" class=\"yoast-schema-graph\">{\"@context\":\"https:\\\/\\\/schema.org\",\"@graph\":[{\"@type\":\"Article\",\"@id\":\"https:\\\/\\\/www.internationalmindfulnessconference.com\\\/2024\\\/06\\\/27\\\/the-power-of-connection-why-joining-the-conference-online-matters\\\/#article\",\"isPartOf\":{\"@id\":\"https:\\\/\\\/www.internationalmindfulnessconference.com\\\/2024\\\/06\\\/27\\\/the-power-of-connection-why-joining-the-conference-online-matters\\\/\"},\"author\":{\"name\":\"Joelle\",\"@id\":\"https:\\\/\\\/www.internationalmindfulnessconference.com\\\/#\\\/schema\\\/person\\\/8c7c27f8bbd1139766ae25513970a4af\"},\"headline\":\"THE POWER OF CONNECTION: WHY JOINING THE CONFERENCE ONLINE MATTERS\",\"datePublished\":\"2024-06-27T15:03:55+00:00\",\"dateModified\":\"2024-07-10T19:50:59+00:00\",\"mainEntityOfPage\":{\"@id\":\"https:\\\/\\\/www.internationalmindfulnessconference.com\\\/2024\\\/06\\\/27\\\/the-power-of-connection-why-joining-the-conference-online-matters\\\/\"},\"wordCount\":344,\"publisher\":{\"@id\":\"https:\\\/\\\/www.internationalmindfulnessconference.com\\\/#organization\"},\"image\":{\"@id\":\"https:\\\/\\\/www.internationalmindfulnessconference.com\\\/2024\\\/06\\\/27\\\/the-power-of-connection-why-joining-the-conference-online-matters\\\/#primaryimage\"},\"thumbnailUrl\":\"https:\\\/\\\/www.internationalmindfulnessconference.com\\\/wp-content\\\/uploads\\\/2023\\\/10\\\/jamie-street-OAKFk5_pVWY-unsplash-1-scaled.jpg\",\"articleSection\":[\"News\"],\"inLanguage\":\"es\"},{\"@type\":\"WebPage\",\"@id\":\"https:\\\/\\\/www.internationalmindfulnessconference.com\\\/2024\\\/06\\\/27\\\/the-power-of-connection-why-joining-the-conference-online-matters\\\/\",\"url\":\"https:\\\/\\\/www.internationalmindfulnessconference.com\\\/2024\\\/06\\\/27\\\/the-power-of-connection-why-joining-the-conference-online-matters\\\/\",\"name\":\"THE POWER OF CONNECTION: WHY JOINING THE CONFERENCE ONLINE MATTERS - International Conference on Mindfulness 2024\",\"isPartOf\":{\"@id\":\"https:\\\/\\\/www.internationalmindfulnessconference.com\\\/#website\"},\"primaryImageOfPage\":{\"@id\":\"https:\\\/\\\/www.internationalmindfulnessconference.com\\\/2024\\\/06\\\/27\\\/the-power-of-connection-why-joining-the-conference-online-matters\\\/#primaryimage\"},\"image\":{\"@id\":\"https:\\\/\\\/www.internationalmindfulnessconference.com\\\/2024\\\/06\\\/27\\\/the-power-of-connection-why-joining-the-conference-online-matters\\\/#primaryimage\"},\"thumbnailUrl\":\"https:\\\/\\\/www.internationalmindfulnessconference.com\\\/wp-content\\\/uploads\\\/2023\\\/10\\\/jamie-street-OAKFk5_pVWY-unsplash-1-scaled.jpg\",\"datePublished\":\"2024-06-27T15:03:55+00:00\",\"dateModified\":\"2024-07-10T19:50:59+00:00\",\"description\":\"News\",\"breadcrumb\":{\"@id\":\"https:\\\/\\\/www.internationalmindfulnessconference.com\\\/2024\\\/06\\\/27\\\/the-power-of-connection-why-joining-the-conference-online-matters\\\/#breadcrumb\"},\"inLanguage\":\"es\",\"potentialAction\":[{\"@type\":\"ReadAction\",\"target\":[\"https:\\\/\\\/www.internationalmindfulnessconference.com\\\/2024\\\/06\\\/27\\\/the-power-of-connection-why-joining-the-conference-online-matters\\\/\"]}]},{\"@type\":\"ImageObject\",\"inLanguage\":\"es\",\"@id\":\"https:\\\/\\\/www.internationalmindfulnessconference.com\\\/2024\\\/06\\\/27\\\/the-power-of-connection-why-joining-the-conference-online-matters\\\/#primaryimage\",\"url\":\"https:\\\/\\\/www.internationalmindfulnessconference.com\\\/wp-content\\\/uploads\\\/2023\\\/10\\\/jamie-street-OAKFk5_pVWY-unsplash-1-scaled.jpg\",\"contentUrl\":\"https:\\\/\\\/www.internationalmindfulnessconference.com\\\/wp-content\\\/uploads\\\/2023\\\/10\\\/jamie-street-OAKFk5_pVWY-unsplash-1-scaled.jpg\",\"width\":2560,\"height\":1809},{\"@type\":\"BreadcrumbList\",\"@id\":\"https:\\\/\\\/www.internationalmindfulnessconference.com\\\/2024\\\/06\\\/27\\\/the-power-of-connection-why-joining-the-conference-online-matters\\\/#breadcrumb\",\"itemListElement\":[{\"@type\":\"ListItem\",\"position\":1,\"name\":\"Home\",\"item\":\"https:\\\/\\\/www.internationalmindfulnessconference.com\\\/\"},{\"@type\":\"ListItem\",\"position\":2,\"name\":\"THE POWER OF CONNECTION: WHY JOINING THE CONFERENCE ONLINE MATTERS\"}]},{\"@type\":\"WebSite\",\"@id\":\"https:\\\/\\\/www.internationalmindfulnessconference.com\\\/#website\",\"url\":\"https:\\\/\\\/www.internationalmindfulnessconference.com\\\/\",\"name\":\"International Conference on Mindfulness 2024\",\"description\":\"ICM 2024: Mindfulness in a Changing World\",\"publisher\":{\"@id\":\"https:\\\/\\\/www.internationalmindfulnessconference.com\\\/#organization\"},\"alternateName\":\"ICM 2024\",\"potentialAction\":[{\"@type\":\"SearchAction\",\"target\":{\"@type\":\"EntryPoint\",\"urlTemplate\":\"https:\\\/\\\/www.internationalmindfulnessconference.com\\\/?s={search_term_string}\"},\"query-input\":{\"@type\":\"PropertyValueSpecification\",\"valueRequired\":true,\"valueName\":\"search_term_string\"}}],\"inLanguage\":\"es\"},{\"@type\":\"Organization\",\"@id\":\"https:\\\/\\\/www.internationalmindfulnessconference.com\\\/#organization\",\"name\":\"The Mindfulness Network\",\"alternateName\":\"Mindfulness Network\",\"url\":\"https:\\\/\\\/www.internationalmindfulnessconference.com\\\/\",\"logo\":{\"@type\":\"ImageObject\",\"inLanguage\":\"es\",\"@id\":\"https:\\\/\\\/www.internationalmindfulnessconference.com\\\/#\\\/schema\\\/logo\\\/image\\\/\",\"url\":\"https:\\\/\\\/www.internationalmindfulnessconference.com\\\/wp-content\\\/uploads\\\/2023\\\/01\\\/MNLogo-300x300-1.jpg\",\"contentUrl\":\"https:\\\/\\\/www.internationalmindfulnessconference.com\\\/wp-content\\\/uploads\\\/2023\\\/01\\\/MNLogo-300x300-1.jpg\",\"width\":300,\"height\":300,\"caption\":\"The Mindfulness Network\"},\"image\":{\"@id\":\"https:\\\/\\\/www.internationalmindfulnessconference.com\\\/#\\\/schema\\\/logo\\\/image\\\/\"},\"sameAs\":[\"https:\\\/\\\/www.facebook.com\\\/MindfulnessNetworkUK\\\/\",\"https:\\\/\\\/x.com\\\/MindfulnessN\"]},{\"@type\":\"Person\",\"@id\":\"https:\\\/\\\/www.internationalmindfulnessconference.com\\\/#\\\/schema\\\/person\\\/8c7c27f8bbd1139766ae25513970a4af\",\"name\":\"Joelle\",\"image\":{\"@type\":\"ImageObject\",\"inLanguage\":\"es\",\"@id\":\"https:\\\/\\\/www.internationalmindfulnessconference.com\\\/wp-content\\\/wphb-cache\\\/gravatar\\\/732\\\/732517fb250b638fc69f7bdc6e0c5120x96.jpg\",\"url\":\"https:\\\/\\\/www.internationalmindfulnessconference.com\\\/wp-content\\\/wphb-cache\\\/gravatar\\\/732\\\/732517fb250b638fc69f7bdc6e0c5120x96.jpg\",\"contentUrl\":\"https:\\\/\\\/www.internationalmindfulnessconference.com\\\/wp-content\\\/wphb-cache\\\/gravatar\\\/732\\\/732517fb250b638fc69f7bdc6e0c5120x96.jpg\",\"caption\":\"Joelle\"},\"url\":\"https:\\\/\\\/www.internationalmindfulnessconference.com\\\/es\\\/author\\\/joellemindfulness-network-org\\\/\"}]}<\/script>\n<!-- \/ Yoast SEO plugin. -->","yoast_head_json":{"title":"EL PODER DE LA CONEXI\u00d3N: POR QU\u00c9 IMPORTA PARTICIPAR EN LA CONFERENCIA ONLINE - Conferencia Internacional sobre Mindfulness 2024","description":"Noticias","robots":{"index":"index","follow":"follow","max-snippet":"max-snippet:-1","max-image-preview":"max-image-preview:large","max-video-preview":"max-video-preview:-1"},"canonical":"https:\/\/www.internationalmindfulnessconference.com\/es\/2024\/06\/27\/el-poder-de-la-conexion-por-que-es-importante-participar-en-la-conferencia-en-linea\/","og_locale":"es_ES","og_type":"article","og_title":"THE POWER OF CONNECTION: WHY JOINING THE CONFERENCE ONLINE MATTERS - International Conference on Mindfulness 2024","og_description":"News","og_url":"https:\/\/www.internationalmindfulnessconference.com\/es\/2024\/06\/27\/el-poder-de-la-conexion-por-que-es-importante-participar-en-la-conferencia-en-linea\/","og_site_name":"International Conference on Mindfulness 2024","article_publisher":"https:\/\/www.facebook.com\/MindfulnessNetworkUK\/","article_published_time":"2024-06-27T15:03:55+00:00","article_modified_time":"2024-07-10T19:50:59+00:00","og_image":[{"width":2560,"height":1809,"url":"https:\/\/www.internationalmindfulnessconference.com\/wp-content\/uploads\/2023\/10\/jamie-street-OAKFk5_pVWY-unsplash-1-scaled.jpg","type":"image\/jpeg"}],"author":"Joelle","twitter_card":"summary_large_image","twitter_creator":"@MindfulnessN","twitter_site":"@MindfulnessN","twitter_misc":{"Escrito por":"Joelle","Tiempo de lectura":"2 minutos"},"schema":{"@context":"https:\/\/schema.org","@graph":[{"@type":"Article","@id":"https:\/\/www.internationalmindfulnessconference.com\/2024\/06\/27\/the-power-of-connection-why-joining-the-conference-online-matters\/#article","isPartOf":{"@id":"https:\/\/www.internationalmindfulnessconference.com\/2024\/06\/27\/the-power-of-connection-why-joining-the-conference-online-matters\/"},"author":{"name":"Joelle","@id":"https:\/\/www.internationalmindfulnessconference.com\/#\/schema\/person\/8c7c27f8bbd1139766ae25513970a4af"},"headline":"THE POWER OF CONNECTION: WHY JOINING THE CONFERENCE ONLINE MATTERS","datePublished":"2024-06-27T15:03:55+00:00","dateModified":"2024-07-10T19:50:59+00:00","mainEntityOfPage":{"@id":"https:\/\/www.internationalmindfulnessconference.com\/2024\/06\/27\/the-power-of-connection-why-joining-the-conference-online-matters\/"},"wordCount":344,"publisher":{"@id":"https:\/\/www.internationalmindfulnessconference.com\/#organization"},"image":{"@id":"https:\/\/www.internationalmindfulnessconference.com\/2024\/06\/27\/the-power-of-connection-why-joining-the-conference-online-matters\/#primaryimage"},"thumbnailUrl":"https:\/\/www.internationalmindfulnessconference.com\/wp-content\/uploads\/2023\/10\/jamie-street-OAKFk5_pVWY-unsplash-1-scaled.jpg","articleSection":["News"],"inLanguage":"es"},{"@type":"WebPage","@id":"https:\/\/www.internationalmindfulnessconference.com\/2024\/06\/27\/the-power-of-connection-why-joining-the-conference-online-matters\/","url":"https:\/\/www.internationalmindfulnessconference.com\/2024\/06\/27\/the-power-of-connection-why-joining-the-conference-online-matters\/","name":"EL PODER DE LA CONEXI\u00d3N: POR QU\u00c9 IMPORTA PARTICIPAR EN LA CONFERENCIA ONLINE - Conferencia Internacional sobre Mindfulness 2024","isPartOf":{"@id":"https:\/\/www.internationalmindfulnessconference.com\/#website"},"primaryImageOfPage":{"@id":"https:\/\/www.internationalmindfulnessconference.com\/2024\/06\/27\/the-power-of-connection-why-joining-the-conference-online-matters\/#primaryimage"},"image":{"@id":"https:\/\/www.internationalmindfulnessconference.com\/2024\/06\/27\/the-power-of-connection-why-joining-the-conference-online-matters\/#primaryimage"},"thumbnailUrl":"https:\/\/www.internationalmindfulnessconference.com\/wp-content\/uploads\/2023\/10\/jamie-street-OAKFk5_pVWY-unsplash-1-scaled.jpg","datePublished":"2024-06-27T15:03:55+00:00","dateModified":"2024-07-10T19:50:59+00:00","description":"Noticias","breadcrumb":{"@id":"https:\/\/www.internationalmindfulnessconference.com\/2024\/06\/27\/the-power-of-connection-why-joining-the-conference-online-matters\/#breadcrumb"},"inLanguage":"es","potentialAction":[{"@type":"ReadAction","target":["https:\/\/www.internationalmindfulnessconference.com\/2024\/06\/27\/the-power-of-connection-why-joining-the-conference-online-matters\/"]}]},{"@type":"ImageObject","inLanguage":"es","@id":"https:\/\/www.internationalmindfulnessconference.com\/2024\/06\/27\/the-power-of-connection-why-joining-the-conference-online-matters\/#primaryimage","url":"https:\/\/www.internationalmindfulnessconference.com\/wp-content\/uploads\/2023\/10\/jamie-street-OAKFk5_pVWY-unsplash-1-scaled.jpg","contentUrl":"https:\/\/www.internationalmindfulnessconference.com\/wp-content\/uploads\/2023\/10\/jamie-street-OAKFk5_pVWY-unsplash-1-scaled.jpg","width":2560,"height":1809},{"@type":"BreadcrumbList","@id":"https:\/\/www.internationalmindfulnessconference.com\/2024\/06\/27\/the-power-of-connection-why-joining-the-conference-online-matters\/#breadcrumb","itemListElement":[{"@type":"ListItem","position":1,"name":"Home","item":"https:\/\/www.internationalmindfulnessconference.com\/"},{"@type":"ListItem","position":2,"name":"THE POWER OF CONNECTION: WHY JOINING THE CONFERENCE ONLINE MATTERS"}]},{"@type":"WebSite","@id":"https:\/\/www.internationalmindfulnessconference.com\/#website","url":"https:\/\/www.internationalmindfulnessconference.com\/","name":"Conferencia Internacional sobre Mindfulness 2024","description":"ICM 2024: Mindfulness en un mundo cambiante","publisher":{"@id":"https:\/\/www.internationalmindfulnessconference.com\/#organization"},"alternateName":"ICM 2024","potentialAction":[{"@type":"SearchAction","target":{"@type":"EntryPoint","urlTemplate":"https:\/\/www.internationalmindfulnessconference.com\/?s={search_term_string}"},"query-input":{"@type":"PropertyValueSpecification","valueRequired":true,"valueName":"search_term_string"}}],"inLanguage":"es"},{"@type":"Organization","@id":"https:\/\/www.internationalmindfulnessconference.com\/#organization","name":"Red Mindfulness","alternateName":"Mindfulness Network","url":"https:\/\/www.internationalmindfulnessconference.com\/","logo":{"@type":"ImageObject","inLanguage":"es","@id":"https:\/\/www.internationalmindfulnessconference.com\/#\/schema\/logo\/image\/","url":"https:\/\/www.internationalmindfulnessconference.com\/wp-content\/uploads\/2023\/01\/MNLogo-300x300-1.jpg","contentUrl":"https:\/\/www.internationalmindfulnessconference.com\/wp-content\/uploads\/2023\/01\/MNLogo-300x300-1.jpg","width":300,"height":300,"caption":"The Mindfulness Network"},"image":{"@id":"https:\/\/www.internationalmindfulnessconference.com\/#\/schema\/logo\/image\/"},"sameAs":["https:\/\/www.facebook.com\/MindfulnessNetworkUK\/","https:\/\/x.com\/MindfulnessN"]},{"@type":"Person","@id":"https:\/\/www.internationalmindfulnessconference.com\/#\/schema\/person\/8c7c27f8bbd1139766ae25513970a4af","name":"Joelle","image":{"@type":"ImageObject","inLanguage":"es","@id":"https:\/\/www.internationalmindfulnessconference.com\/wp-content\/wphb-cache\/gravatar\/732\/732517fb250b638fc69f7bdc6e0c5120x96.jpg","url":"https:\/\/www.internationalmindfulnessconference.com\/wp-content\/wphb-cache\/gravatar\/732\/732517fb250b638fc69f7bdc6e0c5120x96.jpg","contentUrl":"https:\/\/www.internationalmindfulnessconference.com\/wp-content\/wphb-cache\/gravatar\/732\/732517fb250b638fc69f7bdc6e0c5120x96.jpg","caption":"Joelle"},"url":"https:\/\/www.internationalmindfulnessconference.com\/es\/author\/joellemindfulness-network-org\/"}]}},"jetpack_featured_media_url":"https:\/\/www.internationalmindfulnessconference.com\/wp-content\/uploads\/2023\/10\/jamie-street-OAKFk5_pVWY-unsplash-1-scaled.jpg","jetpack_sharing_enabled":true,"_links":{"self":[{"href":"https:\/\/www.internationalmindfulnessconference.com\/es\/wp-json\/wp\/v2\/posts\/53708","targetHints":{"allow":["GET"]}}],"collection":[{"href":"https:\/\/www.internationalmindfulnessconference.com\/es\/wp-json\/wp\/v2\/posts"}],"about":[{"href":"https:\/\/www.internationalmindfulnessconference.com\/es\/wp-json\/wp\/v2\/types\/post"}],"author":[{"embeddable":true,"href":"https:\/\/www.internationalmindfulnessconference.com\/es\/wp-json\/wp\/v2\/users\/4"}],"replies":[{"embeddable":true,"href":"https:\/\/www.internationalmindfulnessconference.com\/es\/wp-json\/wp\/v2\/comments?post=53708"}],"version-history":[{"count":0,"href":"https:\/\/www.internationalmindfulnessconference.com\/es\/wp-json\/wp\/v2\/posts\/53708\/revisions"}],"wp:featuredmedia":[{"embeddable":true,"href":"https:\/\/www.internationalmindfulnessconference.com\/es\/wp-json\/wp\/v2\/media\/3613"}],"wp:attachment":[{"href":"https:\/\/www.internationalmindfulnessconference.com\/es\/wp-json\/wp\/v2\/media?parent=53708"}],"wp:term":[{"taxonomy":"category","embeddable":true,"href":"https:\/\/www.internationalmindfulnessconference.com\/es\/wp-json\/wp\/v2\/categories?post=53708"},{"taxonomy":"post_tag","embeddable":true,"href":"https:\/\/www.internationalmindfulnessconference.com\/es\/wp-json\/wp\/v2\/tags?post=53708"}],"curies":[{"name":"wp","href":"https:\/\/api.w.org\/{rel}","templated":true}]}}