{"id":37583,"date":"2024-04-30T11:19:24","date_gmt":"2024-04-30T11:19:24","guid":{"rendered":"https:\/\/www.internationalmindfulnessconference.com\/?p=37583"},"modified":"2024-05-02T22:02:58","modified_gmt":"2024-05-02T22:02:58","slug":"icm2024-insights-navigating-neurodiversity-pt-1","status":"publish","type":"post","link":"https:\/\/www.internationalmindfulnessconference.com\/fr\/2024\/04\/30\/icm2024-insights-navigating-neurodiversity-pt-1\/","title":{"rendered":"ICM:2024 INSIGHTS - NAVIGUER DANS LA NEURODIVERSIT\u00c9 PT.1"},"content":{"rendered":"<div data-elementor-type=\"wp-post\" data-elementor-id=\"37583\" class=\"elementor elementor-37583\" data-elementor-post-type=\"post\">\n\t\t\t\t\t\t<section class=\"elementor-section elementor-top-section elementor-element elementor-element-6c9aaa7f elementor-section-boxed elementor-section-height-default elementor-section-height-default\" data-id=\"6c9aaa7f\" data-element_type=\"section\" data-e-type=\"section\">\n\t\t\t\t\t\t<div class=\"elementor-container elementor-column-gap-default\">\n\t\t\t\t\t<div class=\"elementor-column elementor-col-100 elementor-top-column elementor-element elementor-element-6b4885bc\" data-id=\"6b4885bc\" data-element_type=\"column\" data-e-type=\"column\">\n\t\t\t<div class=\"elementor-widget-wrap elementor-element-populated\">\n\t\t\t\t\t\t<div class=\"elementor-element elementor-element-a0a05f1 elementor-widget elementor-widget-text-editor\" data-id=\"a0a05f1\" data-element_type=\"widget\" data-e-type=\"widget\" data-widget_type=\"text-editor.default\">\n\t\t\t\t<div class=\"elementor-widget-container\">\n\t\t\t\t\t\t\t\t\t<p>Notre objectif est de rendre la 2024 International Mindfulness Conference aussi largement et facilement accessible que possible, y compris en accueillant des m\u00e9ditants neurodivergents. L'exploration de la neurodiversit\u00e9 apporte de nouvelles perspectives pour la pratique, l'enseignement et la recherche sur la pleine conscience. Dans ce blog, un membre neurodivergent de notre groupe consultatif EDI r\u00e9pond aux questions sur la neurodiversit\u00e9 et explique nos efforts pour cr\u00e9er une conf\u00e9rence incluant les neurodivergents.<\/p>\t\t\t\t\t\t\t\t<\/div>\n\t\t\t\t<\/div>\n\t\t\t\t<div class=\"elementor-element elementor-element-0d3e46f elementor-widget-divider--view-line elementor-widget elementor-widget-divider\" data-id=\"0d3e46f\" data-element_type=\"widget\" data-e-type=\"widget\" data-widget_type=\"divider.default\">\n\t\t\t\t<div class=\"elementor-widget-container\">\n\t\t\t\t\t\t\t<div class=\"elementor-divider\">\n\t\t\t<span class=\"elementor-divider-separator\">\n\t\t\t\t\t\t<\/span>\n\t\t<\/div>\n\t\t\t\t\t\t<\/div>\n\t\t\t\t<\/div>\n\t\t\t\t<div class=\"elementor-element elementor-element-3d6c23c1 elementor-widget elementor-widget-text-editor\" data-id=\"3d6c23c1\" data-element_type=\"widget\" data-e-type=\"widget\" data-widget_type=\"text-editor.default\">\n\t\t\t\t<div class=\"elementor-widget-container\">\n\t\t\t\t\t\t\t\t\t<p><\/p>\n<h2><strong><span style=\"font-size: 18px; text-decoration-line: initial;\">Que signifie la neurodiversit\u00e9 ?<\/span><\/strong><\/h2>\n<p><\/p>\n<p><\/p>\n<p>La neurodiversit\u00e9 fait r\u00e9f\u00e9rence \u00e0 la diversit\u00e9 naturelle qui existe dans le d\u00e9veloppement neurologique humain. Le terme est apparu dans la communaut\u00e9 des neurodivergents dans les ann\u00e9es 1990 (<a href=\"https:\/\/mindfulness-network-org.zoom.us\/j\/84486657304?pwd=QXRyYjI2MlJ1YlNhN29NUXJ3d3FCQT09\" target=\"_blank\" rel=\"noopener\">Botha et al, 2024<\/a>). Les personnes pr\u00e9sentant les profils neurologiques les plus courants sont appel\u00e9es neurotypiques ou neuromajorit\u00e9. Les personnes pr\u00e9sentant des profils moins courants sont appel\u00e9es neurodivergentes ou neurominorit\u00e9. Un groupe comprenant \u00e0 la fois des personnes neurotypiques et neurodivergentes est appel\u00e9 neurodiverse.<\/p>\n<p><\/p>\t\t\t\t\t\t\t\t<\/div>\n\t\t\t\t<\/div>\n\t\t\t\t<section class=\"elementor-section elementor-inner-section elementor-element elementor-element-1a238f5 elementor-section-boxed elementor-section-height-default elementor-section-height-default\" data-id=\"1a238f5\" data-element_type=\"section\" data-e-type=\"section\">\n\t\t\t\t\t\t<div class=\"elementor-container elementor-column-gap-default\">\n\t\t\t\t\t<div class=\"elementor-column elementor-col-50 elementor-inner-column elementor-element elementor-element-0ed9f03\" data-id=\"0ed9f03\" data-element_type=\"column\" data-e-type=\"column\">\n\t\t\t<div class=\"elementor-widget-wrap elementor-element-populated\">\n\t\t\t\t\t\t<div class=\"elementor-element elementor-element-441bd9f elementor-widget elementor-widget-image\" data-id=\"441bd9f\" data-element_type=\"widget\" data-e-type=\"widget\" data-widget_type=\"image.default\">\n\t\t\t\t<div class=\"elementor-widget-container\">\n\t\t\t\t\t\t\t\t\t\t\t\t\t\t\t<img fetchpriority=\"high\" decoding=\"async\" width=\"940\" height=\"788\" src=\"https:\/\/www.internationalmindfulnessconference.com\/wp-content\/uploads\/2024\/04\/NEURODIVERSITY-IMAGES.png\" class=\"attachment-large size-large wp-image-37621\" alt=\"tableau noir avec un point d&#039;interrogation\" srcset=\"https:\/\/www.internationalmindfulnessconference.com\/wp-content\/uploads\/2024\/04\/NEURODIVERSITY-IMAGES.png 940w, https:\/\/www.internationalmindfulnessconference.com\/wp-content\/uploads\/2024\/04\/NEURODIVERSITY-IMAGES-300x251.png 300w, https:\/\/www.internationalmindfulnessconference.com\/wp-content\/uploads\/2024\/04\/NEURODIVERSITY-IMAGES-768x644.png 768w, https:\/\/www.internationalmindfulnessconference.com\/wp-content\/uploads\/2024\/04\/NEURODIVERSITY-IMAGES-14x12.png 14w, https:\/\/www.internationalmindfulnessconference.com\/wp-content\/uploads\/2024\/04\/NEURODIVERSITY-IMAGES-600x503.png 600w\" sizes=\"(max-width: 940px) 100vw, 940px\" \/>\t\t\t\t\t\t\t\t\t\t\t\t\t\t\t<\/div>\n\t\t\t\t<\/div>\n\t\t\t\t\t<\/div>\n\t\t<\/div>\n\t\t\t\t<div class=\"elementor-column elementor-col-50 elementor-inner-column elementor-element elementor-element-3f063aa\" data-id=\"3f063aa\" data-element_type=\"column\" data-e-type=\"column\">\n\t\t\t<div class=\"elementor-widget-wrap elementor-element-populated\">\n\t\t\t\t\t\t<div class=\"elementor-element elementor-element-17980aa elementor-widget elementor-widget-text-editor\" data-id=\"17980aa\" data-element_type=\"widget\" data-e-type=\"widget\" data-widget_type=\"text-editor.default\">\n\t\t\t\t<div class=\"elementor-widget-container\">\n\t\t\t\t\t\t\t\t\t<p>La neurodivergence est un terme g\u00e9n\u00e9rique qui englobe des neurologies telles que l'autisme, le TDAH, la dyscalculie, la dyslexie, la dyspraxie, les TOC, le syndrome de Gilles de la Tourette et la synesth\u00e9sie. De m\u00eame qu'il n'existe pas de neurotypique typique, il n'existe pas de personne neurodivergente typique : l'exp\u00e9rience et l'expression de la neurodivergence sont individuelles ; il est courant pour une personne neurodivergente de pr\u00e9senter un m\u00e9lange de traits diff\u00e9rents et un \"profil h\u00e9riss\u00e9\" ; et nous sommes tout aussi influenc\u00e9s par notre milieu socio-\u00e9conomique, notre race, notre sexe, notre handicap, notre sexualit\u00e9 et d'autres identit\u00e9s que les personnes appartenant \u00e0 la neuromajorit\u00e9.<\/p>\t\t\t\t\t\t\t\t<\/div>\n\t\t\t\t<\/div>\n\t\t\t\t\t<\/div>\n\t\t<\/div>\n\t\t\t\t\t<\/div>\n\t\t<\/section>\n\t\t\t\t<div class=\"elementor-element elementor-element-2768f73 elementor-widget elementor-widget-text-editor\" data-id=\"2768f73\" data-element_type=\"widget\" data-e-type=\"widget\" data-widget_type=\"text-editor.default\">\n\t\t\t\t<div class=\"elementor-widget-container\">\n\t\t\t\t\t\t\t\t\t<p>Le paradigme de la neurodiversit\u00e9 repose sur deux hypoth\u00e8ses. Premi\u00e8rement, le d\u00e9veloppement neurologique typique n'est ni sup\u00e9rieur ni inf\u00e9rieur au d\u00e9veloppement neurologique divergent. La communaut\u00e9 neurodivergente - dirig\u00e9e par des voix neurodivergentes - s'\u00e9loigne du mod\u00e8le m\u00e9dical des \"troubles\" et s'oriente vers des mod\u00e8les centr\u00e9s sur la personne et biopsychosociaux (par ex, <a href=\"https:\/\/www.cambridge.org\/core\/journals\/industrial-and-organizational-psychology\/article\/biopsychosocial-model-and-neurodiversity-a-personcentered-approach\/8D3D3EDCDB27B53B25C984D804884CCD\" target=\"_blank\" rel=\"noopener\">Whelpley et al, 2023<\/a>). Deuxi\u00e8mement, toutes les personnes m\u00e9ritent d'\u00eatre trait\u00e9es avec dignit\u00e9 et respect, ind\u00e9pendamment de leur \u00e9cart par rapport \u00e0 une norme suppos\u00e9e. Le paradigme de la neurodiversit\u00e9 inclut explicitement toutes les personnes neurodivergentes, y compris celles qui ont les besoins de soutien les plus \u00e9lev\u00e9s et les plus complexes et, de plus en plus, celles qui s'identifient comme neurodivergentes en raison de l'attente d'\u00e9valuations diagnostiques s\u00fbres ou de probl\u00e8mes d'acc\u00e8s \u00e0 ces \u00e9valuations.<\/p>\t\t\t\t\t\t\t\t<\/div>\n\t\t\t\t<\/div>\n\t\t\t\t\t<\/div>\n\t\t<\/div>\n\t\t\t\t\t<\/div>\n\t\t<\/section>\n\t\t\t\t<\/div>","protected":false},"excerpt":{"rendered":"<p>Notre objectif est de rendre la Conf\u00e9rence internationale sur la pleine conscience 2024 aussi largement et facilement accessible que possible. Dans cette s\u00e9rie d'articles sur la MCI:2024, un membre neurodivergent de notre groupe consultatif EDI r\u00e9pond \u00e0 des questions sur la neurodiversit\u00e9 et explique nos efforts pour cr\u00e9er une conf\u00e9rence incluant les neurodivergents.<\/p>","protected":false},"author":3,"featured_media":37269,"comment_status":"closed","ping_status":"closed","sticky":false,"template":"","format":"standard","meta":{"_view_id":"","site-sidebar-layout":"default","site-content-layout":"","ast-site-content-layout":"default","site-content-style":"default","site-sidebar-style":"default","ast-global-header-display":"","ast-banner-title-visibility":"","ast-main-header-display":"","ast-hfb-above-header-display":"","ast-hfb-below-header-display":"","ast-hfb-mobile-header-display":"","site-post-title":"","ast-breadcrumbs-content":"","ast-featured-img":"","footer-sml-layout":"","ast-disable-related-posts":"","theme-transparent-header-meta":"","adv-header-id-meta":"","stick-header-meta":"","header-above-stick-meta":"","header-main-stick-meta":"","header-below-stick-meta":"","astra-migrate-meta-layouts":"set","ast-page-background-enabled":"default","ast-page-background-meta":{"desktop":{"background-color":"","background-image":"","background-repeat":"repeat","background-position":"center center","background-size":"auto","background-attachment":"scroll","background-type":"","background-media":"","overlay-type":"","overlay-color":"","overlay-opacity":"","overlay-gradient":""},"tablet":{"background-color":"","background-image":"","background-repeat":"repeat","background-position":"center center","background-size":"auto","background-attachment":"scroll","background-type":"","background-media":"","overlay-type":"","overlay-color":"","overlay-opacity":"","overlay-gradient":""},"mobile":{"background-color":"","background-image":"","background-repeat":"repeat","background-position":"center center","background-size":"auto","background-attachment":"scroll","background-type":"","background-media":"","overlay-type":"","overlay-color":"","overlay-opacity":"","overlay-gradient":""}},"ast-content-background-meta":{"desktop":{"background-color":"var(--ast-global-color-5)","background-image":"","background-repeat":"repeat","background-position":"center center","background-size":"auto","background-attachment":"scroll","background-type":"","background-media":"","overlay-type":"","overlay-color":"","overlay-opacity":"","overlay-gradient":""},"tablet":{"background-color":"var(--ast-global-color-5)","background-image":"","background-repeat":"repeat","background-position":"center center","background-size":"auto","background-attachment":"scroll","background-type":"","background-media":"","overlay-type":"","overlay-color":"","overlay-opacity":"","overlay-gradient":""},"mobile":{"background-color":"var(--ast-global-color-5)","background-image":"","background-repeat":"repeat","background-position":"center center","background-size":"auto","background-attachment":"scroll","background-type":"","background-media":"","overlay-type":"","overlay-color":"","overlay-opacity":"","overlay-gradient":""}},"_jetpack_memberships_contains_paid_content":false,"wds_primary_category":119,"footnotes":""},"categories":[119,105],"tags":[124,122,101,120],"class_list":["post-37583","post","type-post","status-publish","format-standard","has-post-thumbnail","hentry","category-conference-insights","category-news","tag-accessibility","tag-conference-insights","tag-icm2024","tag-neurodiversity"],"yoast_head":"<!-- This site is optimized with the Yoast SEO plugin v27.5 - https:\/\/yoast.com\/product\/yoast-seo-wordpress\/ -->\n<title>ICM:2024 INSIGHTS \u2013 NAVIGATING NEURODIVERSITY PT.1 - International Conference on Mindfulness 2024<\/title>\n<meta name=\"description\" content=\"Conference Insights\" \/>\n<meta name=\"robots\" content=\"index, follow, max-snippet:-1, max-image-preview:large, max-video-preview:-1\" \/>\n<link rel=\"canonical\" href=\"https:\/\/www.internationalmindfulnessconference.com\/fr\/2024\/04\/30\/icm2024-insights-navigating-neurodiversity-pt-1\/\" \/>\n<meta property=\"og:locale\" content=\"fr_FR\" \/>\n<meta property=\"og:type\" content=\"article\" \/>\n<meta property=\"og:title\" content=\"ICM:2024 INSIGHTS \u2013 NAVIGATING NEURODIVERSITY PT.1 - International Conference on Mindfulness 2024\" \/>\n<meta property=\"og:description\" content=\"Conference Insights\" \/>\n<meta property=\"og:url\" content=\"https:\/\/www.internationalmindfulnessconference.com\/fr\/2024\/04\/30\/icm2024-insights-navigating-neurodiversity-pt-1\/\" \/>\n<meta property=\"og:site_name\" content=\"International Conference on Mindfulness 2024\" \/>\n<meta property=\"article:publisher\" content=\"https:\/\/www.facebook.com\/MindfulnessNetworkUK\/\" \/>\n<meta property=\"article:published_time\" content=\"2024-04-30T11:19:24+00:00\" \/>\n<meta property=\"article:modified_time\" content=\"2024-05-02T22:02:58+00:00\" \/>\n<meta property=\"og:image\" content=\"https:\/\/www.internationalmindfulnessconference.com\/wp-content\/uploads\/2024\/04\/insight_.png\" \/>\n\t<meta property=\"og:image:width\" content=\"1500\" \/>\n\t<meta property=\"og:image:height\" content=\"500\" \/>\n\t<meta property=\"og:image:type\" content=\"image\/png\" \/>\n<meta name=\"author\" content=\"Madeleine Hynes\" \/>\n<meta name=\"twitter:card\" content=\"summary_large_image\" \/>\n<meta name=\"twitter:creator\" content=\"@MindfulnessN\" \/>\n<meta name=\"twitter:site\" content=\"@MindfulnessN\" \/>\n<meta name=\"twitter:label1\" content=\"\u00c9crit par\" \/>\n\t<meta name=\"twitter:data1\" content=\"Madeleine Hynes\" \/>\n\t<meta name=\"twitter:label2\" content=\"Dur\u00e9e de lecture est.\" \/>\n\t<meta name=\"twitter:data2\" content=\"2 minutes\" \/>\n<script type=\"application\/ld+json\" class=\"yoast-schema-graph\">{\"@context\":\"https:\\\/\\\/schema.org\",\"@graph\":[{\"@type\":\"Article\",\"@id\":\"https:\\\/\\\/www.internationalmindfulnessconference.com\\\/2024\\\/04\\\/30\\\/icm2024-insights-navigating-neurodiversity-pt-1\\\/#article\",\"isPartOf\":{\"@id\":\"https:\\\/\\\/www.internationalmindfulnessconference.com\\\/2024\\\/04\\\/30\\\/icm2024-insights-navigating-neurodiversity-pt-1\\\/\"},\"author\":{\"name\":\"Madeleine Hynes\",\"@id\":\"https:\\\/\\\/www.internationalmindfulnessconference.com\\\/#\\\/schema\\\/person\\\/cfeb3e23341dd4fad358eae1d7744eac\"},\"headline\":\"ICM:2024 INSIGHTS \u2013 NAVIGATING NEURODIVERSITY PT.1\",\"datePublished\":\"2024-04-30T11:19:24+00:00\",\"dateModified\":\"2024-05-02T22:02:58+00:00\",\"mainEntityOfPage\":{\"@id\":\"https:\\\/\\\/www.internationalmindfulnessconference.com\\\/2024\\\/04\\\/30\\\/icm2024-insights-navigating-neurodiversity-pt-1\\\/\"},\"wordCount\":328,\"publisher\":{\"@id\":\"https:\\\/\\\/www.internationalmindfulnessconference.com\\\/#organization\"},\"image\":{\"@id\":\"https:\\\/\\\/www.internationalmindfulnessconference.com\\\/2024\\\/04\\\/30\\\/icm2024-insights-navigating-neurodiversity-pt-1\\\/#primaryimage\"},\"thumbnailUrl\":\"https:\\\/\\\/www.internationalmindfulnessconference.com\\\/wp-content\\\/uploads\\\/2024\\\/04\\\/insight_.png\",\"keywords\":[\"accessibility\",\"conference insights\",\"ICM:2024\",\"neurodiversity\"],\"articleSection\":[\"Conference Insights\",\"News\"],\"inLanguage\":\"fr-BE\"},{\"@type\":\"WebPage\",\"@id\":\"https:\\\/\\\/www.internationalmindfulnessconference.com\\\/2024\\\/04\\\/30\\\/icm2024-insights-navigating-neurodiversity-pt-1\\\/\",\"url\":\"https:\\\/\\\/www.internationalmindfulnessconference.com\\\/2024\\\/04\\\/30\\\/icm2024-insights-navigating-neurodiversity-pt-1\\\/\",\"name\":\"ICM:2024 INSIGHTS \u2013 NAVIGATING NEURODIVERSITY PT.1 - International Conference on Mindfulness 2024\",\"isPartOf\":{\"@id\":\"https:\\\/\\\/www.internationalmindfulnessconference.com\\\/#website\"},\"primaryImageOfPage\":{\"@id\":\"https:\\\/\\\/www.internationalmindfulnessconference.com\\\/2024\\\/04\\\/30\\\/icm2024-insights-navigating-neurodiversity-pt-1\\\/#primaryimage\"},\"image\":{\"@id\":\"https:\\\/\\\/www.internationalmindfulnessconference.com\\\/2024\\\/04\\\/30\\\/icm2024-insights-navigating-neurodiversity-pt-1\\\/#primaryimage\"},\"thumbnailUrl\":\"https:\\\/\\\/www.internationalmindfulnessconference.com\\\/wp-content\\\/uploads\\\/2024\\\/04\\\/insight_.png\",\"datePublished\":\"2024-04-30T11:19:24+00:00\",\"dateModified\":\"2024-05-02T22:02:58+00:00\",\"description\":\"Conference Insights\",\"breadcrumb\":{\"@id\":\"https:\\\/\\\/www.internationalmindfulnessconference.com\\\/2024\\\/04\\\/30\\\/icm2024-insights-navigating-neurodiversity-pt-1\\\/#breadcrumb\"},\"inLanguage\":\"fr-BE\",\"potentialAction\":[{\"@type\":\"ReadAction\",\"target\":[\"https:\\\/\\\/www.internationalmindfulnessconference.com\\\/2024\\\/04\\\/30\\\/icm2024-insights-navigating-neurodiversity-pt-1\\\/\"]}]},{\"@type\":\"ImageObject\",\"inLanguage\":\"fr-BE\",\"@id\":\"https:\\\/\\\/www.internationalmindfulnessconference.com\\\/2024\\\/04\\\/30\\\/icm2024-insights-navigating-neurodiversity-pt-1\\\/#primaryimage\",\"url\":\"https:\\\/\\\/www.internationalmindfulnessconference.com\\\/wp-content\\\/uploads\\\/2024\\\/04\\\/insight_.png\",\"contentUrl\":\"https:\\\/\\\/www.internationalmindfulnessconference.com\\\/wp-content\\\/uploads\\\/2024\\\/04\\\/insight_.png\",\"width\":1500,\"height\":500},{\"@type\":\"BreadcrumbList\",\"@id\":\"https:\\\/\\\/www.internationalmindfulnessconference.com\\\/2024\\\/04\\\/30\\\/icm2024-insights-navigating-neurodiversity-pt-1\\\/#breadcrumb\",\"itemListElement\":[{\"@type\":\"ListItem\",\"position\":1,\"name\":\"Home\",\"item\":\"https:\\\/\\\/www.internationalmindfulnessconference.com\\\/\"},{\"@type\":\"ListItem\",\"position\":2,\"name\":\"ICM:2024 INSIGHTS \u2013 NAVIGATING NEURODIVERSITY PT.1\"}]},{\"@type\":\"WebSite\",\"@id\":\"https:\\\/\\\/www.internationalmindfulnessconference.com\\\/#website\",\"url\":\"https:\\\/\\\/www.internationalmindfulnessconference.com\\\/\",\"name\":\"International Conference on Mindfulness 2024\",\"description\":\"ICM 2024: Mindfulness in a Changing World\",\"publisher\":{\"@id\":\"https:\\\/\\\/www.internationalmindfulnessconference.com\\\/#organization\"},\"alternateName\":\"ICM 2024\",\"potentialAction\":[{\"@type\":\"SearchAction\",\"target\":{\"@type\":\"EntryPoint\",\"urlTemplate\":\"https:\\\/\\\/www.internationalmindfulnessconference.com\\\/?s={search_term_string}\"},\"query-input\":{\"@type\":\"PropertyValueSpecification\",\"valueRequired\":true,\"valueName\":\"search_term_string\"}}],\"inLanguage\":\"fr-BE\"},{\"@type\":\"Organization\",\"@id\":\"https:\\\/\\\/www.internationalmindfulnessconference.com\\\/#organization\",\"name\":\"The Mindfulness Network\",\"alternateName\":\"Mindfulness Network\",\"url\":\"https:\\\/\\\/www.internationalmindfulnessconference.com\\\/\",\"logo\":{\"@type\":\"ImageObject\",\"inLanguage\":\"fr-BE\",\"@id\":\"https:\\\/\\\/www.internationalmindfulnessconference.com\\\/#\\\/schema\\\/logo\\\/image\\\/\",\"url\":\"https:\\\/\\\/www.internationalmindfulnessconference.com\\\/wp-content\\\/uploads\\\/2023\\\/01\\\/MNLogo-300x300-1.jpg\",\"contentUrl\":\"https:\\\/\\\/www.internationalmindfulnessconference.com\\\/wp-content\\\/uploads\\\/2023\\\/01\\\/MNLogo-300x300-1.jpg\",\"width\":300,\"height\":300,\"caption\":\"The Mindfulness Network\"},\"image\":{\"@id\":\"https:\\\/\\\/www.internationalmindfulnessconference.com\\\/#\\\/schema\\\/logo\\\/image\\\/\"},\"sameAs\":[\"https:\\\/\\\/www.facebook.com\\\/MindfulnessNetworkUK\\\/\",\"https:\\\/\\\/x.com\\\/MindfulnessN\"]},{\"@type\":\"Person\",\"@id\":\"https:\\\/\\\/www.internationalmindfulnessconference.com\\\/#\\\/schema\\\/person\\\/cfeb3e23341dd4fad358eae1d7744eac\",\"name\":\"Madeleine Hynes\",\"image\":{\"@type\":\"ImageObject\",\"inLanguage\":\"fr-BE\",\"@id\":\"https:\\\/\\\/www.internationalmindfulnessconference.com\\\/wp-content\\\/wphb-cache\\\/gravatar\\\/d20\\\/d204c6c9e5fdaaac6fb784dfcbf0793ex96.jpg\",\"url\":\"https:\\\/\\\/www.internationalmindfulnessconference.com\\\/wp-content\\\/wphb-cache\\\/gravatar\\\/d20\\\/d204c6c9e5fdaaac6fb784dfcbf0793ex96.jpg\",\"contentUrl\":\"https:\\\/\\\/www.internationalmindfulnessconference.com\\\/wp-content\\\/wphb-cache\\\/gravatar\\\/d20\\\/d204c6c9e5fdaaac6fb784dfcbf0793ex96.jpg\",\"caption\":\"Madeleine Hynes\"},\"url\":\"https:\\\/\\\/www.internationalmindfulnessconference.com\\\/fr\\\/author\\\/madeleinemindfulness-network-org\\\/\"}]}<\/script>\n<!-- \/ Yoast SEO plugin. -->","yoast_head_json":{"title":"ICM:2024 INSIGHTS - NAVIGATING NEURODIVERSITY PT.1 - Conf\u00e9rence internationale sur la pleine conscience 2024","description":"Aper\u00e7u de la conf\u00e9rence","robots":{"index":"index","follow":"follow","max-snippet":"max-snippet:-1","max-image-preview":"max-image-preview:large","max-video-preview":"max-video-preview:-1"},"canonical":"https:\/\/www.internationalmindfulnessconference.com\/fr\/2024\/04\/30\/icm2024-insights-navigating-neurodiversity-pt-1\/","og_locale":"fr_FR","og_type":"article","og_title":"ICM:2024 INSIGHTS \u2013 NAVIGATING NEURODIVERSITY PT.1 - International Conference on Mindfulness 2024","og_description":"Conference Insights","og_url":"https:\/\/www.internationalmindfulnessconference.com\/fr\/2024\/04\/30\/icm2024-insights-navigating-neurodiversity-pt-1\/","og_site_name":"International Conference on Mindfulness 2024","article_publisher":"https:\/\/www.facebook.com\/MindfulnessNetworkUK\/","article_published_time":"2024-04-30T11:19:24+00:00","article_modified_time":"2024-05-02T22:02:58+00:00","og_image":[{"width":1500,"height":500,"url":"https:\/\/www.internationalmindfulnessconference.com\/wp-content\/uploads\/2024\/04\/insight_.png","type":"image\/png"}],"author":"Madeleine Hynes","twitter_card":"summary_large_image","twitter_creator":"@MindfulnessN","twitter_site":"@MindfulnessN","twitter_misc":{"\u00c9crit par":"Madeleine Hynes","Dur\u00e9e de lecture est.":"2 minutes"},"schema":{"@context":"https:\/\/schema.org","@graph":[{"@type":"Article","@id":"https:\/\/www.internationalmindfulnessconference.com\/2024\/04\/30\/icm2024-insights-navigating-neurodiversity-pt-1\/#article","isPartOf":{"@id":"https:\/\/www.internationalmindfulnessconference.com\/2024\/04\/30\/icm2024-insights-navigating-neurodiversity-pt-1\/"},"author":{"name":"Madeleine Hynes","@id":"https:\/\/www.internationalmindfulnessconference.com\/#\/schema\/person\/cfeb3e23341dd4fad358eae1d7744eac"},"headline":"ICM:2024 INSIGHTS \u2013 NAVIGATING NEURODIVERSITY PT.1","datePublished":"2024-04-30T11:19:24+00:00","dateModified":"2024-05-02T22:02:58+00:00","mainEntityOfPage":{"@id":"https:\/\/www.internationalmindfulnessconference.com\/2024\/04\/30\/icm2024-insights-navigating-neurodiversity-pt-1\/"},"wordCount":328,"publisher":{"@id":"https:\/\/www.internationalmindfulnessconference.com\/#organization"},"image":{"@id":"https:\/\/www.internationalmindfulnessconference.com\/2024\/04\/30\/icm2024-insights-navigating-neurodiversity-pt-1\/#primaryimage"},"thumbnailUrl":"https:\/\/www.internationalmindfulnessconference.com\/wp-content\/uploads\/2024\/04\/insight_.png","keywords":["accessibility","conference insights","ICM:2024","neurodiversity"],"articleSection":["Conference Insights","News"],"inLanguage":"fr-BE"},{"@type":"WebPage","@id":"https:\/\/www.internationalmindfulnessconference.com\/2024\/04\/30\/icm2024-insights-navigating-neurodiversity-pt-1\/","url":"https:\/\/www.internationalmindfulnessconference.com\/2024\/04\/30\/icm2024-insights-navigating-neurodiversity-pt-1\/","name":"ICM:2024 INSIGHTS - NAVIGATING NEURODIVERSITY PT.1 - Conf\u00e9rence internationale sur la pleine conscience 2024","isPartOf":{"@id":"https:\/\/www.internationalmindfulnessconference.com\/#website"},"primaryImageOfPage":{"@id":"https:\/\/www.internationalmindfulnessconference.com\/2024\/04\/30\/icm2024-insights-navigating-neurodiversity-pt-1\/#primaryimage"},"image":{"@id":"https:\/\/www.internationalmindfulnessconference.com\/2024\/04\/30\/icm2024-insights-navigating-neurodiversity-pt-1\/#primaryimage"},"thumbnailUrl":"https:\/\/www.internationalmindfulnessconference.com\/wp-content\/uploads\/2024\/04\/insight_.png","datePublished":"2024-04-30T11:19:24+00:00","dateModified":"2024-05-02T22:02:58+00:00","description":"Aper\u00e7u de la conf\u00e9rence","breadcrumb":{"@id":"https:\/\/www.internationalmindfulnessconference.com\/2024\/04\/30\/icm2024-insights-navigating-neurodiversity-pt-1\/#breadcrumb"},"inLanguage":"fr-BE","potentialAction":[{"@type":"ReadAction","target":["https:\/\/www.internationalmindfulnessconference.com\/2024\/04\/30\/icm2024-insights-navigating-neurodiversity-pt-1\/"]}]},{"@type":"ImageObject","inLanguage":"fr-BE","@id":"https:\/\/www.internationalmindfulnessconference.com\/2024\/04\/30\/icm2024-insights-navigating-neurodiversity-pt-1\/#primaryimage","url":"https:\/\/www.internationalmindfulnessconference.com\/wp-content\/uploads\/2024\/04\/insight_.png","contentUrl":"https:\/\/www.internationalmindfulnessconference.com\/wp-content\/uploads\/2024\/04\/insight_.png","width":1500,"height":500},{"@type":"BreadcrumbList","@id":"https:\/\/www.internationalmindfulnessconference.com\/2024\/04\/30\/icm2024-insights-navigating-neurodiversity-pt-1\/#breadcrumb","itemListElement":[{"@type":"ListItem","position":1,"name":"Home","item":"https:\/\/www.internationalmindfulnessconference.com\/"},{"@type":"ListItem","position":2,"name":"ICM:2024 INSIGHTS \u2013 NAVIGATING NEURODIVERSITY PT.1"}]},{"@type":"WebSite","@id":"https:\/\/www.internationalmindfulnessconference.com\/#website","url":"https:\/\/www.internationalmindfulnessconference.com\/","name":"Conf\u00e9rence internationale sur la pleine conscience 2024","description":"ICM 2024 : La pleine conscience dans un monde en mutation","publisher":{"@id":"https:\/\/www.internationalmindfulnessconference.com\/#organization"},"alternateName":"ICM 2024","potentialAction":[{"@type":"SearchAction","target":{"@type":"EntryPoint","urlTemplate":"https:\/\/www.internationalmindfulnessconference.com\/?s={search_term_string}"},"query-input":{"@type":"PropertyValueSpecification","valueRequired":true,"valueName":"search_term_string"}}],"inLanguage":"fr-BE"},{"@type":"Organization","@id":"https:\/\/www.internationalmindfulnessconference.com\/#organization","name":"Le r\u00e9seau Mindfulness","alternateName":"Mindfulness Network","url":"https:\/\/www.internationalmindfulnessconference.com\/","logo":{"@type":"ImageObject","inLanguage":"fr-BE","@id":"https:\/\/www.internationalmindfulnessconference.com\/#\/schema\/logo\/image\/","url":"https:\/\/www.internationalmindfulnessconference.com\/wp-content\/uploads\/2023\/01\/MNLogo-300x300-1.jpg","contentUrl":"https:\/\/www.internationalmindfulnessconference.com\/wp-content\/uploads\/2023\/01\/MNLogo-300x300-1.jpg","width":300,"height":300,"caption":"The Mindfulness Network"},"image":{"@id":"https:\/\/www.internationalmindfulnessconference.com\/#\/schema\/logo\/image\/"},"sameAs":["https:\/\/www.facebook.com\/MindfulnessNetworkUK\/","https:\/\/x.com\/MindfulnessN"]},{"@type":"Person","@id":"https:\/\/www.internationalmindfulnessconference.com\/#\/schema\/person\/cfeb3e23341dd4fad358eae1d7744eac","name":"Madeleine Hynes","image":{"@type":"ImageObject","inLanguage":"fr-BE","@id":"https:\/\/www.internationalmindfulnessconference.com\/wp-content\/wphb-cache\/gravatar\/d20\/d204c6c9e5fdaaac6fb784dfcbf0793ex96.jpg","url":"https:\/\/www.internationalmindfulnessconference.com\/wp-content\/wphb-cache\/gravatar\/d20\/d204c6c9e5fdaaac6fb784dfcbf0793ex96.jpg","contentUrl":"https:\/\/www.internationalmindfulnessconference.com\/wp-content\/wphb-cache\/gravatar\/d20\/d204c6c9e5fdaaac6fb784dfcbf0793ex96.jpg","caption":"Madeleine Hynes"},"url":"https:\/\/www.internationalmindfulnessconference.com\/fr\/author\/madeleinemindfulness-network-org\/"}]}},"jetpack_featured_media_url":"https:\/\/www.internationalmindfulnessconference.com\/wp-content\/uploads\/2024\/04\/insight_.png","jetpack_sharing_enabled":true,"_links":{"self":[{"href":"https:\/\/www.internationalmindfulnessconference.com\/fr\/wp-json\/wp\/v2\/posts\/37583","targetHints":{"allow":["GET"]}}],"collection":[{"href":"https:\/\/www.internationalmindfulnessconference.com\/fr\/wp-json\/wp\/v2\/posts"}],"about":[{"href":"https:\/\/www.internationalmindfulnessconference.com\/fr\/wp-json\/wp\/v2\/types\/post"}],"author":[{"embeddable":true,"href":"https:\/\/www.internationalmindfulnessconference.com\/fr\/wp-json\/wp\/v2\/users\/3"}],"replies":[{"embeddable":true,"href":"https:\/\/www.internationalmindfulnessconference.com\/fr\/wp-json\/wp\/v2\/comments?post=37583"}],"version-history":[{"count":0,"href":"https:\/\/www.internationalmindfulnessconference.com\/fr\/wp-json\/wp\/v2\/posts\/37583\/revisions"}],"wp:featuredmedia":[{"embeddable":true,"href":"https:\/\/www.internationalmindfulnessconference.com\/fr\/wp-json\/wp\/v2\/media\/37269"}],"wp:attachment":[{"href":"https:\/\/www.internationalmindfulnessconference.com\/fr\/wp-json\/wp\/v2\/media?parent=37583"}],"wp:term":[{"taxonomy":"category","embeddable":true,"href":"https:\/\/www.internationalmindfulnessconference.com\/fr\/wp-json\/wp\/v2\/categories?post=37583"},{"taxonomy":"post_tag","embeddable":true,"href":"https:\/\/www.internationalmindfulnessconference.com\/fr\/wp-json\/wp\/v2\/tags?post=37583"}],"curies":[{"name":"wp","href":"https:\/\/api.w.org\/{rel}","templated":true}]}}