{"id":38118,"date":"2024-05-02T08:55:04","date_gmt":"2024-05-02T08:55:04","guid":{"rendered":"https:\/\/www.internationalmindfulnessconference.com\/?p=38118"},"modified":"2024-05-02T10:15:45","modified_gmt":"2024-05-02T10:15:45","slug":"icm2024-insights-navigating-neurodiversity-pt-5","status":"publish","type":"post","link":"https:\/\/www.internationalmindfulnessconference.com\/fr\/2024\/05\/02\/icm2024-insights-navigating-neurodiversity-pt-5\/","title":{"rendered":"ICM:2024 INSIGHTS - NAVIGATING NEURODIVERSITY PT.5"},"content":{"rendered":"<div data-elementor-type=\"wp-post\" data-elementor-id=\"38118\" class=\"elementor elementor-38118\" data-elementor-post-type=\"post\">\n\t\t\t\t\t\t<section class=\"elementor-section elementor-top-section elementor-element elementor-element-6c9aaa7f elementor-section-boxed elementor-section-height-default elementor-section-height-default\" data-id=\"6c9aaa7f\" data-element_type=\"section\" data-e-type=\"section\">\n\t\t\t\t\t\t<div class=\"elementor-container elementor-column-gap-default\">\n\t\t\t\t\t<div class=\"elementor-column elementor-col-100 elementor-top-column elementor-element elementor-element-6b4885bc\" data-id=\"6b4885bc\" data-element_type=\"column\" data-e-type=\"column\">\n\t\t\t<div class=\"elementor-widget-wrap elementor-element-populated\">\n\t\t\t\t\t\t<div class=\"elementor-element elementor-element-a0a05f1 elementor-widget elementor-widget-text-editor\" data-id=\"a0a05f1\" data-element_type=\"widget\" data-e-type=\"widget\" data-widget_type=\"text-editor.default\">\n\t\t\t\t<div class=\"elementor-widget-container\">\n\t\t\t\t\t\t\t\t\t<p>Notre objectif est de rendre la 2024 International Mindfulness Conference aussi largement et facilement accessible que possible, y compris en accueillant des m\u00e9ditants neurodivergents. L'exploration de la neurodiversit\u00e9 apporte de nouvelles perspectives pour la pratique, l'enseignement et la recherche sur la pleine conscience. Dans ce blog, un membre neurodivergent de notre groupe consultatif EDI r\u00e9pond aux questions sur la neurodiversit\u00e9 et explique nos efforts pour cr\u00e9er une conf\u00e9rence incluant les neurodivergents.<\/p>\t\t\t\t\t\t\t\t<\/div>\n\t\t\t\t<\/div>\n\t\t\t\t<div class=\"elementor-element elementor-element-0d3e46f elementor-widget-divider--view-line elementor-widget elementor-widget-divider\" data-id=\"0d3e46f\" data-element_type=\"widget\" data-e-type=\"widget\" data-widget_type=\"divider.default\">\n\t\t\t\t<div class=\"elementor-widget-container\">\n\t\t\t\t\t\t\t<div class=\"elementor-divider\">\n\t\t\t<span class=\"elementor-divider-separator\">\n\t\t\t\t\t\t<\/span>\n\t\t<\/div>\n\t\t\t\t\t\t<\/div>\n\t\t\t\t<\/div>\n\t\t\t\t<div class=\"elementor-element elementor-element-3d6c23c1 elementor-widget elementor-widget-text-editor\" data-id=\"3d6c23c1\" data-element_type=\"widget\" data-e-type=\"widget\" data-widget_type=\"text-editor.default\">\n\t\t\t\t<div class=\"elementor-widget-container\">\n\t\t\t\t\t\t\t\t\t<h6><strong>Comment tous les participants \u00e0 la conf\u00e9rence ICM:2024 peuvent-ils contribuer \u00e0 cr\u00e9er un environnement favorable aux neurodivergents ?<\/strong><\/h6><p>Les participants peuvent s'informer sur les approches neurodivergentes (par ex. <a href=\"https:\/\/www.bps.org.uk\/psychologist\/what-does-it-mean-be-neurodiversity-affirmative\">Hartman et al, 2024<\/a>; <a href=\"https:\/\/eprints.nottingham.ac.uk\/76179\/1\/CN%20thesis%20FOR%20FINAL%20UPLOAD%20Sept%202023.pdf?fbclid=IwAR1E2ODdRtocL96qAwvMFMOYhgcNDYDwkp9n3d8zLNeQ0TUBjdx7xG5VSD8_aem_AUMpL7zumyV6HzUKhccTltZH7vclVbB1YbQ1pGiJFVnwU3-07v-hfvSMUq0vYaNEA6c\">Naylor, 2023<\/a>) et respectent les diff\u00e9rentes mani\u00e8res de participer, par exemple<\/p><ul><li><em><strong>Exp\u00e9riences sensorielles<\/strong>.<\/em> Les espaces occup\u00e9s, bond\u00e9s et lumineux peuvent \u00eatre accablants et avoir un impact sur la capacit\u00e9 d'une personne \u00e0 s'engager.  Certains participants peuvent avoir besoin de porter des lunettes de soleil et\/ou des protections auditives pour g\u00e9rer leurs stimuli sensoriels et faire des pauses tranquilles pour s'autor\u00e9guler.<\/li><li><strong><em>D\u00e9lais de traitement. <\/em><\/strong>Les personnes prennent plus ou moins de temps pour traiter les informations et y r\u00e9pondre.  Un temps de traitement plus long peut simplement signifier qu'ils travaillent avec plus d'informations ; cela ne signifie pas qu'ils ne sont pas attentifs ou qu'ils ne sont pas capables de s'engager.<\/li><li><em><strong>Mouvement et immobilit\u00e9<\/strong>. <\/em>Certaines personnes peuvent avoir besoin de bouger pendant la pratique de la m\u00e9ditation.  Cela peut \u00eatre une aide \u00e0 la focalisation ou \u00e0 la concentration plut\u00f4t qu'une indication qu'elles sont distraites et ne se concentrent pas.<\/li><li><em><strong>Batteries sociales<\/strong>. <\/em>Rencontrer de nouvelles personnes peut \u00eatre particuli\u00e8rement \u00e9puisant pour certains.  Une participation s\u00e9lective et le fait de rester hors champ pendant les \u00e9v\u00e9nements virtuels sont des outils importants de gestion de l'\u00e9nergie, et non des signes de manque d'engagement.<\/li><\/ul>\t\t\t\t\t\t\t\t<\/div>\n\t\t\t\t<\/div>\n\t\t\t\t<section class=\"elementor-section elementor-inner-section elementor-element elementor-element-1a238f5 elementor-section-boxed elementor-section-height-default elementor-section-height-default\" data-id=\"1a238f5\" data-element_type=\"section\" data-e-type=\"section\">\n\t\t\t\t\t\t<div class=\"elementor-container elementor-column-gap-default\">\n\t\t\t\t\t<div class=\"elementor-column elementor-col-50 elementor-inner-column elementor-element elementor-element-0ed9f03\" data-id=\"0ed9f03\" data-element_type=\"column\" data-e-type=\"column\">\n\t\t\t<div class=\"elementor-widget-wrap elementor-element-populated\">\n\t\t\t\t\t\t<div class=\"elementor-element elementor-element-441bd9f elementor-widget elementor-widget-image\" data-id=\"441bd9f\" data-element_type=\"widget\" data-e-type=\"widget\" data-widget_type=\"image.default\">\n\t\t\t\t<div class=\"elementor-widget-container\">\n\t\t\t\t\t\t\t\t\t\t\t\t\t\t\t<img fetchpriority=\"high\" decoding=\"async\" width=\"768\" height=\"644\" src=\"https:\/\/www.internationalmindfulnessconference.com\/wp-content\/uploads\/2024\/05\/3-768x644.png\" class=\"attachment-medium_large size-medium_large wp-image-38128\" alt=\"\" srcset=\"https:\/\/www.internationalmindfulnessconference.com\/wp-content\/uploads\/2024\/05\/3-768x644.png 768w, https:\/\/www.internationalmindfulnessconference.com\/wp-content\/uploads\/2024\/05\/3-300x251.png 300w, https:\/\/www.internationalmindfulnessconference.com\/wp-content\/uploads\/2024\/05\/3-14x12.png 14w, https:\/\/www.internationalmindfulnessconference.com\/wp-content\/uploads\/2024\/05\/3-600x503.png 600w, https:\/\/www.internationalmindfulnessconference.com\/wp-content\/uploads\/2024\/05\/3.png 940w\" sizes=\"(max-width: 768px) 100vw, 768px\" \/>\t\t\t\t\t\t\t\t\t\t\t\t\t\t\t<\/div>\n\t\t\t\t<\/div>\n\t\t\t\t\t<\/div>\n\t\t<\/div>\n\t\t\t\t<div class=\"elementor-column elementor-col-50 elementor-inner-column elementor-element elementor-element-3f063aa\" data-id=\"3f063aa\" data-element_type=\"column\" data-e-type=\"column\">\n\t\t\t<div class=\"elementor-widget-wrap elementor-element-populated\">\n\t\t\t\t\t\t<div class=\"elementor-element elementor-element-17980aa elementor-widget elementor-widget-text-editor\" data-id=\"17980aa\" data-element_type=\"widget\" data-e-type=\"widget\" data-widget_type=\"text-editor.default\">\n\t\t\t\t<div class=\"elementor-widget-container\">\n\t\t\t\t\t\t\t\t\t<p>Le langage et les \u00e9tiquettes diagnostiques sont historiquement contingents, et parler de ces sujets peut s'av\u00e9rer difficile.  Il nous arrive \u00e0 tous de nous tromper de langage et de ne pas comprendre le monde des autres.  Les participants sont invit\u00e9s \u00e0 prendre part \u00e0 la cr\u00e9ation et au maintien d'espaces d'exploration et d'apprentissage pour tous.\u00a0<\/p><p>Les approches d\u00e9finies dans les accords multiculturels sont pertinentes pour soutenir les espaces d'affirmation des neurodivergents et reconnaissent l'intersectionnalit\u00e9. <a href=\"https:\/\/eastbaymeditation.org\/2022\/03\/agreements-for-multicultural-interactions\/\">Accord avec l'East Bay Meditation Center<\/a> comprend :<\/p><p>\u00a0<\/p><p>\u00a0<\/p>\t\t\t\t\t\t\t\t<\/div>\n\t\t\t\t<\/div>\n\t\t\t\t\t<\/div>\n\t\t<\/div>\n\t\t\t\t\t<\/div>\n\t\t<\/section>\n\t\t\t\t<div class=\"elementor-element elementor-element-2768f73 elementor-widget elementor-widget-text-editor\" data-id=\"2768f73\" data-element_type=\"widget\" data-e-type=\"widget\" data-widget_type=\"text-editor.default\">\n\t\t\t\t<div class=\"elementor-widget-container\">\n\t\t\t\t\t\t\t\t\t<ul><li><strong><em>Essayez-le. <\/em><\/strong>Soyez pr\u00eat \u00e0 \"essayer\" de nouvelles id\u00e9es ou de nouvelles fa\u00e7ons de faire les choses qui ne correspondent pas \u00e0 vos pr\u00e9f\u00e9rences ou \u00e0 vos habitudes.<\/li><li><strong><em>Pratiquer l'autocentrage. <\/em><\/strong>Concentrez-vous sur vos propres exp\u00e9riences et r\u00e9actions et parlez-en. Ne parlez pas au nom de l'ensemble du groupe et n'\u00e9mettez pas d'hypoth\u00e8ses sur l'exp\u00e9rience des autres.<\/li><li><em><strong>Comprendre la diff\u00e9rence entre l'intention et l'impact.<\/strong> <\/em>Essayez de comprendre et de reconna\u00eetre l'impact. Nier l'impact d'un propos en se concentrant sur l'intention est souvent plus destructeur que l'interaction initiale.<\/li><li><strong><em>Pratiquez le \"Both \/ And\". <\/em><\/strong>Lorsque vous prenez la parole, remplacez \"et\" par \"les deux\". Cette pratique reconna\u00eet et honore les r\u00e9alit\u00e9s multiples.<\/li><\/ul><p><em>Nous invitons tous les participants \u00e0 l'ICM:2024 \u00e0 r\u00e9fl\u00e9chir \u00e0 cette approche pour eux-m\u00eames et \u00e0 la garder \u00e0 l'esprit lors de leur participation, \u00e0 la fois en personne et virtuellement. La philosophie de la pleine conscience peut \u00eatre d'un grand soutien dans la cr\u00e9ation d'un environnement favorable aux neurodivergents : la curiosit\u00e9, la gentillesse, l'exp\u00e9rience et l'absence de jugement permettent d'accueillir et de c\u00e9l\u00e9brer la diff\u00e9rence.<\/em><\/p>\t\t\t\t\t\t\t\t<\/div>\n\t\t\t\t<\/div>\n\t\t\t\t\t<\/div>\n\t\t<\/div>\n\t\t\t\t\t<\/div>\n\t\t<\/section>\n\t\t\t\t<section class=\"elementor-section elementor-top-section elementor-element elementor-element-760e091 elementor-section-boxed elementor-section-height-default elementor-section-height-default\" data-id=\"760e091\" data-element_type=\"section\" data-e-type=\"section\">\n\t\t\t\t\t\t<div class=\"elementor-container elementor-column-gap-default\">\n\t\t\t\t\t<div class=\"elementor-column elementor-col-100 elementor-top-column elementor-element elementor-element-8523d8c\" data-id=\"8523d8c\" data-element_type=\"column\" data-e-type=\"column\">\n\t\t\t<div class=\"elementor-widget-wrap elementor-element-populated\">\n\t\t\t\t\t\t<div class=\"elementor-element elementor-element-a85e69a elementor-widget elementor-widget-button\" data-id=\"a85e69a\" data-element_type=\"widget\" data-e-type=\"widget\" data-widget_type=\"button.default\">\n\t\t\t\t<div class=\"elementor-widget-container\">\n\t\t\t\t\t\t\t\t\t<div class=\"elementor-button-wrapper\">\n\t\t\t\t\t<a class=\"elementor-button elementor-button-link elementor-size-sm\" href=\"https:\/\/www.internationalmindfulnessconference.com\/fr\/acheter-des-billets\/\">\n\t\t\t\t\t\t<span class=\"elementor-button-content-wrapper\">\n\t\t\t\t\t\t\t\t\t<span class=\"elementor-button-text\">Vous \u00eates pr\u00eat \u00e0 vous inscrire pour obtenir votre carte d'acc\u00e8s \u00e0 la conf\u00e9rence ?<\/span>\n\t\t\t\t\t<\/span>\n\t\t\t\t\t<\/a>\n\t\t\t\t<\/div>\n\t\t\t\t\t\t\t\t<\/div>\n\t\t\t\t<\/div>\n\t\t\t\t\t<\/div>\n\t\t<\/div>\n\t\t\t\t\t<\/div>\n\t\t<\/section>\n\t\t\t\t<\/div>","protected":false},"excerpt":{"rendered":"<p>La cinqui\u00e8me partie de la s\u00e9rie propose des moyens pour que tous les participants \u00e0 la conf\u00e9rence ICM:2024 contribuent \u00e0 la cr\u00e9ation d'un environnement favorable aux neurodivergents ?<\/p>","protected":false},"author":3,"featured_media":37269,"comment_status":"closed","ping_status":"closed","sticky":false,"template":"","format":"standard","meta":{"_view_id":"","site-sidebar-layout":"default","site-content-layout":"","ast-site-content-layout":"default","site-content-style":"default","site-sidebar-style":"default","ast-global-header-display":"","ast-banner-title-visibility":"","ast-main-header-display":"","ast-hfb-above-header-display":"","ast-hfb-below-header-display":"","ast-hfb-mobile-header-display":"","site-post-title":"","ast-breadcrumbs-content":"","ast-featured-img":"","footer-sml-layout":"","ast-disable-related-posts":"","theme-transparent-header-meta":"","adv-header-id-meta":"","stick-header-meta":"","header-above-stick-meta":"","header-main-stick-meta":"","header-below-stick-meta":"","astra-migrate-meta-layouts":"set","ast-page-background-enabled":"default","ast-page-background-meta":{"desktop":{"background-color":"","background-image":"","background-repeat":"repeat","background-position":"center center","background-size":"auto","background-attachment":"scroll","background-type":"","background-media":"","overlay-type":"","overlay-color":"","overlay-opacity":"","overlay-gradient":""},"tablet":{"background-color":"","background-image":"","background-repeat":"repeat","background-position":"center center","background-size":"auto","background-attachment":"scroll","background-type":"","background-media":"","overlay-type":"","overlay-color":"","overlay-opacity":"","overlay-gradient":""},"mobile":{"background-color":"","background-image":"","background-repeat":"repeat","background-position":"center center","background-size":"auto","background-attachment":"scroll","background-type":"","background-media":"","overlay-type":"","overlay-color":"","overlay-opacity":"","overlay-gradient":""}},"ast-content-background-meta":{"desktop":{"background-color":"var(--ast-global-color-5)","background-image":"","background-repeat":"repeat","background-position":"center center","background-size":"auto","background-attachment":"scroll","background-type":"","background-media":"","overlay-type":"","overlay-color":"","overlay-opacity":"","overlay-gradient":""},"tablet":{"background-color":"var(--ast-global-color-5)","background-image":"","background-repeat":"repeat","background-position":"center center","background-size":"auto","background-attachment":"scroll","background-type":"","background-media":"","overlay-type":"","overlay-color":"","overlay-opacity":"","overlay-gradient":""},"mobile":{"background-color":"var(--ast-global-color-5)","background-image":"","background-repeat":"repeat","background-position":"center center","background-size":"auto","background-attachment":"scroll","background-type":"","background-media":"","overlay-type":"","overlay-color":"","overlay-opacity":"","overlay-gradient":""}},"_jetpack_memberships_contains_paid_content":false,"wds_primary_category":119,"footnotes":""},"categories":[119],"tags":[124,122,101,120],"class_list":["post-38118","post","type-post","status-publish","format-standard","has-post-thumbnail","hentry","category-conference-insights","tag-accessibility","tag-conference-insights","tag-icm2024","tag-neurodiversity"],"yoast_head":"<!-- This site is optimized with the Yoast SEO plugin v27.5 - https:\/\/yoast.com\/product\/yoast-seo-wordpress\/ -->\n<title>ICM:2024 INSIGHTS \u2013 NAVIGATING NEURODIVERSITY PT.5 - International Conference on Mindfulness 2024<\/title>\n<meta name=\"description\" content=\"Conference Insights\" \/>\n<meta name=\"robots\" content=\"index, follow, max-snippet:-1, max-image-preview:large, max-video-preview:-1\" \/>\n<link rel=\"canonical\" href=\"https:\/\/www.internationalmindfulnessconference.com\/fr\/2024\/05\/02\/icm2024-insights-navigating-neurodiversity-pt-5\/\" \/>\n<meta property=\"og:locale\" content=\"fr_FR\" \/>\n<meta property=\"og:type\" content=\"article\" \/>\n<meta property=\"og:title\" content=\"ICM:2024 INSIGHTS \u2013 NAVIGATING NEURODIVERSITY PT.5 - International Conference on Mindfulness 2024\" \/>\n<meta property=\"og:description\" content=\"Conference Insights\" \/>\n<meta property=\"og:url\" content=\"https:\/\/www.internationalmindfulnessconference.com\/fr\/2024\/05\/02\/icm2024-insights-navigating-neurodiversity-pt-5\/\" \/>\n<meta property=\"og:site_name\" content=\"International Conference on Mindfulness 2024\" \/>\n<meta property=\"article:publisher\" content=\"https:\/\/www.facebook.com\/MindfulnessNetworkUK\/\" \/>\n<meta property=\"article:published_time\" content=\"2024-05-02T08:55:04+00:00\" \/>\n<meta property=\"article:modified_time\" content=\"2024-05-02T10:15:45+00:00\" \/>\n<meta property=\"og:image\" content=\"https:\/\/www.internationalmindfulnessconference.com\/wp-content\/uploads\/2024\/04\/insight_.png\" \/>\n\t<meta property=\"og:image:width\" content=\"1500\" \/>\n\t<meta property=\"og:image:height\" content=\"500\" \/>\n\t<meta property=\"og:image:type\" content=\"image\/png\" \/>\n<meta name=\"author\" content=\"Madeleine Hynes\" \/>\n<meta name=\"twitter:card\" content=\"summary_large_image\" \/>\n<meta name=\"twitter:creator\" content=\"@MindfulnessN\" \/>\n<meta name=\"twitter:site\" content=\"@MindfulnessN\" \/>\n<meta name=\"twitter:label1\" content=\"\u00c9crit par\" \/>\n\t<meta name=\"twitter:data1\" content=\"Madeleine Hynes\" \/>\n\t<meta name=\"twitter:label2\" content=\"Dur\u00e9e de lecture est.\" \/>\n\t<meta name=\"twitter:data2\" content=\"3 minutes\" \/>\n<script type=\"application\/ld+json\" class=\"yoast-schema-graph\">{\"@context\":\"https:\\\/\\\/schema.org\",\"@graph\":[{\"@type\":\"Article\",\"@id\":\"https:\\\/\\\/www.internationalmindfulnessconference.com\\\/2024\\\/05\\\/02\\\/icm2024-insights-navigating-neurodiversity-pt-5\\\/#article\",\"isPartOf\":{\"@id\":\"https:\\\/\\\/www.internationalmindfulnessconference.com\\\/2024\\\/05\\\/02\\\/icm2024-insights-navigating-neurodiversity-pt-5\\\/\"},\"author\":{\"name\":\"Madeleine Hynes\",\"@id\":\"https:\\\/\\\/www.internationalmindfulnessconference.com\\\/#\\\/schema\\\/person\\\/cfeb3e23341dd4fad358eae1d7744eac\"},\"headline\":\"ICM:2024 INSIGHTS \u2013 NAVIGATING NEURODIVERSITY PT.5\",\"datePublished\":\"2024-05-02T08:55:04+00:00\",\"dateModified\":\"2024-05-02T10:15:45+00:00\",\"mainEntityOfPage\":{\"@id\":\"https:\\\/\\\/www.internationalmindfulnessconference.com\\\/2024\\\/05\\\/02\\\/icm2024-insights-navigating-neurodiversity-pt-5\\\/\"},\"wordCount\":467,\"publisher\":{\"@id\":\"https:\\\/\\\/www.internationalmindfulnessconference.com\\\/#organization\"},\"image\":{\"@id\":\"https:\\\/\\\/www.internationalmindfulnessconference.com\\\/2024\\\/05\\\/02\\\/icm2024-insights-navigating-neurodiversity-pt-5\\\/#primaryimage\"},\"thumbnailUrl\":\"https:\\\/\\\/www.internationalmindfulnessconference.com\\\/wp-content\\\/uploads\\\/2024\\\/04\\\/insight_.png\",\"keywords\":[\"accessibility\",\"conference insights\",\"ICM:2024\",\"neurodiversity\"],\"articleSection\":[\"Conference Insights\"],\"inLanguage\":\"fr-BE\"},{\"@type\":\"WebPage\",\"@id\":\"https:\\\/\\\/www.internationalmindfulnessconference.com\\\/2024\\\/05\\\/02\\\/icm2024-insights-navigating-neurodiversity-pt-5\\\/\",\"url\":\"https:\\\/\\\/www.internationalmindfulnessconference.com\\\/2024\\\/05\\\/02\\\/icm2024-insights-navigating-neurodiversity-pt-5\\\/\",\"name\":\"ICM:2024 INSIGHTS \u2013 NAVIGATING NEURODIVERSITY PT.5 - International Conference on Mindfulness 2024\",\"isPartOf\":{\"@id\":\"https:\\\/\\\/www.internationalmindfulnessconference.com\\\/#website\"},\"primaryImageOfPage\":{\"@id\":\"https:\\\/\\\/www.internationalmindfulnessconference.com\\\/2024\\\/05\\\/02\\\/icm2024-insights-navigating-neurodiversity-pt-5\\\/#primaryimage\"},\"image\":{\"@id\":\"https:\\\/\\\/www.internationalmindfulnessconference.com\\\/2024\\\/05\\\/02\\\/icm2024-insights-navigating-neurodiversity-pt-5\\\/#primaryimage\"},\"thumbnailUrl\":\"https:\\\/\\\/www.internationalmindfulnessconference.com\\\/wp-content\\\/uploads\\\/2024\\\/04\\\/insight_.png\",\"datePublished\":\"2024-05-02T08:55:04+00:00\",\"dateModified\":\"2024-05-02T10:15:45+00:00\",\"description\":\"Conference Insights\",\"breadcrumb\":{\"@id\":\"https:\\\/\\\/www.internationalmindfulnessconference.com\\\/2024\\\/05\\\/02\\\/icm2024-insights-navigating-neurodiversity-pt-5\\\/#breadcrumb\"},\"inLanguage\":\"fr-BE\",\"potentialAction\":[{\"@type\":\"ReadAction\",\"target\":[\"https:\\\/\\\/www.internationalmindfulnessconference.com\\\/2024\\\/05\\\/02\\\/icm2024-insights-navigating-neurodiversity-pt-5\\\/\"]}]},{\"@type\":\"ImageObject\",\"inLanguage\":\"fr-BE\",\"@id\":\"https:\\\/\\\/www.internationalmindfulnessconference.com\\\/2024\\\/05\\\/02\\\/icm2024-insights-navigating-neurodiversity-pt-5\\\/#primaryimage\",\"url\":\"https:\\\/\\\/www.internationalmindfulnessconference.com\\\/wp-content\\\/uploads\\\/2024\\\/04\\\/insight_.png\",\"contentUrl\":\"https:\\\/\\\/www.internationalmindfulnessconference.com\\\/wp-content\\\/uploads\\\/2024\\\/04\\\/insight_.png\",\"width\":1500,\"height\":500},{\"@type\":\"BreadcrumbList\",\"@id\":\"https:\\\/\\\/www.internationalmindfulnessconference.com\\\/2024\\\/05\\\/02\\\/icm2024-insights-navigating-neurodiversity-pt-5\\\/#breadcrumb\",\"itemListElement\":[{\"@type\":\"ListItem\",\"position\":1,\"name\":\"Home\",\"item\":\"https:\\\/\\\/www.internationalmindfulnessconference.com\\\/\"},{\"@type\":\"ListItem\",\"position\":2,\"name\":\"ICM:2024 INSIGHTS \u2013 NAVIGATING NEURODIVERSITY PT.5\"}]},{\"@type\":\"WebSite\",\"@id\":\"https:\\\/\\\/www.internationalmindfulnessconference.com\\\/#website\",\"url\":\"https:\\\/\\\/www.internationalmindfulnessconference.com\\\/\",\"name\":\"International Conference on Mindfulness 2024\",\"description\":\"ICM 2024: Mindfulness in a Changing World\",\"publisher\":{\"@id\":\"https:\\\/\\\/www.internationalmindfulnessconference.com\\\/#organization\"},\"alternateName\":\"ICM 2024\",\"potentialAction\":[{\"@type\":\"SearchAction\",\"target\":{\"@type\":\"EntryPoint\",\"urlTemplate\":\"https:\\\/\\\/www.internationalmindfulnessconference.com\\\/?s={search_term_string}\"},\"query-input\":{\"@type\":\"PropertyValueSpecification\",\"valueRequired\":true,\"valueName\":\"search_term_string\"}}],\"inLanguage\":\"fr-BE\"},{\"@type\":\"Organization\",\"@id\":\"https:\\\/\\\/www.internationalmindfulnessconference.com\\\/#organization\",\"name\":\"The Mindfulness Network\",\"alternateName\":\"Mindfulness Network\",\"url\":\"https:\\\/\\\/www.internationalmindfulnessconference.com\\\/\",\"logo\":{\"@type\":\"ImageObject\",\"inLanguage\":\"fr-BE\",\"@id\":\"https:\\\/\\\/www.internationalmindfulnessconference.com\\\/#\\\/schema\\\/logo\\\/image\\\/\",\"url\":\"https:\\\/\\\/www.internationalmindfulnessconference.com\\\/wp-content\\\/uploads\\\/2023\\\/01\\\/MNLogo-300x300-1.jpg\",\"contentUrl\":\"https:\\\/\\\/www.internationalmindfulnessconference.com\\\/wp-content\\\/uploads\\\/2023\\\/01\\\/MNLogo-300x300-1.jpg\",\"width\":300,\"height\":300,\"caption\":\"The Mindfulness Network\"},\"image\":{\"@id\":\"https:\\\/\\\/www.internationalmindfulnessconference.com\\\/#\\\/schema\\\/logo\\\/image\\\/\"},\"sameAs\":[\"https:\\\/\\\/www.facebook.com\\\/MindfulnessNetworkUK\\\/\",\"https:\\\/\\\/x.com\\\/MindfulnessN\"]},{\"@type\":\"Person\",\"@id\":\"https:\\\/\\\/www.internationalmindfulnessconference.com\\\/#\\\/schema\\\/person\\\/cfeb3e23341dd4fad358eae1d7744eac\",\"name\":\"Madeleine Hynes\",\"image\":{\"@type\":\"ImageObject\",\"inLanguage\":\"fr-BE\",\"@id\":\"https:\\\/\\\/www.internationalmindfulnessconference.com\\\/wp-content\\\/wphb-cache\\\/gravatar\\\/d20\\\/d204c6c9e5fdaaac6fb784dfcbf0793ex96.jpg\",\"url\":\"https:\\\/\\\/www.internationalmindfulnessconference.com\\\/wp-content\\\/wphb-cache\\\/gravatar\\\/d20\\\/d204c6c9e5fdaaac6fb784dfcbf0793ex96.jpg\",\"contentUrl\":\"https:\\\/\\\/www.internationalmindfulnessconference.com\\\/wp-content\\\/wphb-cache\\\/gravatar\\\/d20\\\/d204c6c9e5fdaaac6fb784dfcbf0793ex96.jpg\",\"caption\":\"Madeleine Hynes\"},\"url\":\"https:\\\/\\\/www.internationalmindfulnessconference.com\\\/fr\\\/author\\\/madeleinemindfulness-network-org\\\/\"}]}<\/script>\n<!-- \/ Yoast SEO plugin. -->","yoast_head_json":{"title":"ICM:2024 INSIGHTS - NAVIGATING NEURODIVERSITY PT.5 - Conf\u00e9rence internationale sur la pleine conscience 2024","description":"Aper\u00e7u de la conf\u00e9rence","robots":{"index":"index","follow":"follow","max-snippet":"max-snippet:-1","max-image-preview":"max-image-preview:large","max-video-preview":"max-video-preview:-1"},"canonical":"https:\/\/www.internationalmindfulnessconference.com\/fr\/2024\/05\/02\/icm2024-insights-navigating-neurodiversity-pt-5\/","og_locale":"fr_FR","og_type":"article","og_title":"ICM:2024 INSIGHTS \u2013 NAVIGATING NEURODIVERSITY PT.5 - International Conference on Mindfulness 2024","og_description":"Conference Insights","og_url":"https:\/\/www.internationalmindfulnessconference.com\/fr\/2024\/05\/02\/icm2024-insights-navigating-neurodiversity-pt-5\/","og_site_name":"International Conference on Mindfulness 2024","article_publisher":"https:\/\/www.facebook.com\/MindfulnessNetworkUK\/","article_published_time":"2024-05-02T08:55:04+00:00","article_modified_time":"2024-05-02T10:15:45+00:00","og_image":[{"width":1500,"height":500,"url":"https:\/\/www.internationalmindfulnessconference.com\/wp-content\/uploads\/2024\/04\/insight_.png","type":"image\/png"}],"author":"Madeleine Hynes","twitter_card":"summary_large_image","twitter_creator":"@MindfulnessN","twitter_site":"@MindfulnessN","twitter_misc":{"\u00c9crit par":"Madeleine Hynes","Dur\u00e9e de lecture est.":"3 minutes"},"schema":{"@context":"https:\/\/schema.org","@graph":[{"@type":"Article","@id":"https:\/\/www.internationalmindfulnessconference.com\/2024\/05\/02\/icm2024-insights-navigating-neurodiversity-pt-5\/#article","isPartOf":{"@id":"https:\/\/www.internationalmindfulnessconference.com\/2024\/05\/02\/icm2024-insights-navigating-neurodiversity-pt-5\/"},"author":{"name":"Madeleine Hynes","@id":"https:\/\/www.internationalmindfulnessconference.com\/#\/schema\/person\/cfeb3e23341dd4fad358eae1d7744eac"},"headline":"ICM:2024 INSIGHTS \u2013 NAVIGATING NEURODIVERSITY PT.5","datePublished":"2024-05-02T08:55:04+00:00","dateModified":"2024-05-02T10:15:45+00:00","mainEntityOfPage":{"@id":"https:\/\/www.internationalmindfulnessconference.com\/2024\/05\/02\/icm2024-insights-navigating-neurodiversity-pt-5\/"},"wordCount":467,"publisher":{"@id":"https:\/\/www.internationalmindfulnessconference.com\/#organization"},"image":{"@id":"https:\/\/www.internationalmindfulnessconference.com\/2024\/05\/02\/icm2024-insights-navigating-neurodiversity-pt-5\/#primaryimage"},"thumbnailUrl":"https:\/\/www.internationalmindfulnessconference.com\/wp-content\/uploads\/2024\/04\/insight_.png","keywords":["accessibility","conference insights","ICM:2024","neurodiversity"],"articleSection":["Conference Insights"],"inLanguage":"fr-BE"},{"@type":"WebPage","@id":"https:\/\/www.internationalmindfulnessconference.com\/2024\/05\/02\/icm2024-insights-navigating-neurodiversity-pt-5\/","url":"https:\/\/www.internationalmindfulnessconference.com\/2024\/05\/02\/icm2024-insights-navigating-neurodiversity-pt-5\/","name":"ICM:2024 INSIGHTS - NAVIGATING NEURODIVERSITY PT.5 - Conf\u00e9rence internationale sur la pleine conscience 2024","isPartOf":{"@id":"https:\/\/www.internationalmindfulnessconference.com\/#website"},"primaryImageOfPage":{"@id":"https:\/\/www.internationalmindfulnessconference.com\/2024\/05\/02\/icm2024-insights-navigating-neurodiversity-pt-5\/#primaryimage"},"image":{"@id":"https:\/\/www.internationalmindfulnessconference.com\/2024\/05\/02\/icm2024-insights-navigating-neurodiversity-pt-5\/#primaryimage"},"thumbnailUrl":"https:\/\/www.internationalmindfulnessconference.com\/wp-content\/uploads\/2024\/04\/insight_.png","datePublished":"2024-05-02T08:55:04+00:00","dateModified":"2024-05-02T10:15:45+00:00","description":"Aper\u00e7u de la conf\u00e9rence","breadcrumb":{"@id":"https:\/\/www.internationalmindfulnessconference.com\/2024\/05\/02\/icm2024-insights-navigating-neurodiversity-pt-5\/#breadcrumb"},"inLanguage":"fr-BE","potentialAction":[{"@type":"ReadAction","target":["https:\/\/www.internationalmindfulnessconference.com\/2024\/05\/02\/icm2024-insights-navigating-neurodiversity-pt-5\/"]}]},{"@type":"ImageObject","inLanguage":"fr-BE","@id":"https:\/\/www.internationalmindfulnessconference.com\/2024\/05\/02\/icm2024-insights-navigating-neurodiversity-pt-5\/#primaryimage","url":"https:\/\/www.internationalmindfulnessconference.com\/wp-content\/uploads\/2024\/04\/insight_.png","contentUrl":"https:\/\/www.internationalmindfulnessconference.com\/wp-content\/uploads\/2024\/04\/insight_.png","width":1500,"height":500},{"@type":"BreadcrumbList","@id":"https:\/\/www.internationalmindfulnessconference.com\/2024\/05\/02\/icm2024-insights-navigating-neurodiversity-pt-5\/#breadcrumb","itemListElement":[{"@type":"ListItem","position":1,"name":"Home","item":"https:\/\/www.internationalmindfulnessconference.com\/"},{"@type":"ListItem","position":2,"name":"ICM:2024 INSIGHTS \u2013 NAVIGATING NEURODIVERSITY PT.5"}]},{"@type":"WebSite","@id":"https:\/\/www.internationalmindfulnessconference.com\/#website","url":"https:\/\/www.internationalmindfulnessconference.com\/","name":"Conf\u00e9rence internationale sur la pleine conscience 2024","description":"ICM 2024 : La pleine conscience dans un monde en mutation","publisher":{"@id":"https:\/\/www.internationalmindfulnessconference.com\/#organization"},"alternateName":"ICM 2024","potentialAction":[{"@type":"SearchAction","target":{"@type":"EntryPoint","urlTemplate":"https:\/\/www.internationalmindfulnessconference.com\/?s={search_term_string}"},"query-input":{"@type":"PropertyValueSpecification","valueRequired":true,"valueName":"search_term_string"}}],"inLanguage":"fr-BE"},{"@type":"Organization","@id":"https:\/\/www.internationalmindfulnessconference.com\/#organization","name":"Le r\u00e9seau Mindfulness","alternateName":"Mindfulness Network","url":"https:\/\/www.internationalmindfulnessconference.com\/","logo":{"@type":"ImageObject","inLanguage":"fr-BE","@id":"https:\/\/www.internationalmindfulnessconference.com\/#\/schema\/logo\/image\/","url":"https:\/\/www.internationalmindfulnessconference.com\/wp-content\/uploads\/2023\/01\/MNLogo-300x300-1.jpg","contentUrl":"https:\/\/www.internationalmindfulnessconference.com\/wp-content\/uploads\/2023\/01\/MNLogo-300x300-1.jpg","width":300,"height":300,"caption":"The Mindfulness Network"},"image":{"@id":"https:\/\/www.internationalmindfulnessconference.com\/#\/schema\/logo\/image\/"},"sameAs":["https:\/\/www.facebook.com\/MindfulnessNetworkUK\/","https:\/\/x.com\/MindfulnessN"]},{"@type":"Person","@id":"https:\/\/www.internationalmindfulnessconference.com\/#\/schema\/person\/cfeb3e23341dd4fad358eae1d7744eac","name":"Madeleine Hynes","image":{"@type":"ImageObject","inLanguage":"fr-BE","@id":"https:\/\/www.internationalmindfulnessconference.com\/wp-content\/wphb-cache\/gravatar\/d20\/d204c6c9e5fdaaac6fb784dfcbf0793ex96.jpg","url":"https:\/\/www.internationalmindfulnessconference.com\/wp-content\/wphb-cache\/gravatar\/d20\/d204c6c9e5fdaaac6fb784dfcbf0793ex96.jpg","contentUrl":"https:\/\/www.internationalmindfulnessconference.com\/wp-content\/wphb-cache\/gravatar\/d20\/d204c6c9e5fdaaac6fb784dfcbf0793ex96.jpg","caption":"Madeleine Hynes"},"url":"https:\/\/www.internationalmindfulnessconference.com\/fr\/author\/madeleinemindfulness-network-org\/"}]}},"jetpack_featured_media_url":"https:\/\/www.internationalmindfulnessconference.com\/wp-content\/uploads\/2024\/04\/insight_.png","jetpack_sharing_enabled":true,"_links":{"self":[{"href":"https:\/\/www.internationalmindfulnessconference.com\/fr\/wp-json\/wp\/v2\/posts\/38118","targetHints":{"allow":["GET"]}}],"collection":[{"href":"https:\/\/www.internationalmindfulnessconference.com\/fr\/wp-json\/wp\/v2\/posts"}],"about":[{"href":"https:\/\/www.internationalmindfulnessconference.com\/fr\/wp-json\/wp\/v2\/types\/post"}],"author":[{"embeddable":true,"href":"https:\/\/www.internationalmindfulnessconference.com\/fr\/wp-json\/wp\/v2\/users\/3"}],"replies":[{"embeddable":true,"href":"https:\/\/www.internationalmindfulnessconference.com\/fr\/wp-json\/wp\/v2\/comments?post=38118"}],"version-history":[{"count":0,"href":"https:\/\/www.internationalmindfulnessconference.com\/fr\/wp-json\/wp\/v2\/posts\/38118\/revisions"}],"wp:featuredmedia":[{"embeddable":true,"href":"https:\/\/www.internationalmindfulnessconference.com\/fr\/wp-json\/wp\/v2\/media\/37269"}],"wp:attachment":[{"href":"https:\/\/www.internationalmindfulnessconference.com\/fr\/wp-json\/wp\/v2\/media?parent=38118"}],"wp:term":[{"taxonomy":"category","embeddable":true,"href":"https:\/\/www.internationalmindfulnessconference.com\/fr\/wp-json\/wp\/v2\/categories?post=38118"},{"taxonomy":"post_tag","embeddable":true,"href":"https:\/\/www.internationalmindfulnessconference.com\/fr\/wp-json\/wp\/v2\/tags?post=38118"}],"curies":[{"name":"wp","href":"https:\/\/api.w.org\/{rel}","templated":true}]}}