{"id":3900,"date":"2023-10-18T09:42:32","date_gmt":"2023-10-18T09:42:32","guid":{"rendered":"https:\/\/www.internationalmindfulnessconference.com\/?p=3900"},"modified":"2025-06-12T12:45:00","modified_gmt":"2025-06-12T12:45:00","slug":"volet-2-contemplatif-philosophique-et-spirituel","status":"publish","type":"post","link":"https:\/\/www.internationalmindfulnessconference.com\/fr\/2023\/10\/18\/volet-2-contemplatif-philosophique-et-spirituel\/","title":{"rendered":"Volet 2 : Contemplatif, philosophique et spirituel"},"content":{"rendered":"<div data-elementor-type=\"wp-post\" data-elementor-id=\"3900\" class=\"elementor elementor-3900\" data-elementor-post-type=\"post\">\n\t\t\t\t\t\t<section class=\"elementor-section elementor-top-section elementor-element elementor-element-db32f0b elementor-section-boxed elementor-section-height-default elementor-section-height-default\" data-id=\"db32f0b\" data-element_type=\"section\" data-e-type=\"section\">\n\t\t\t\t\t\t<div class=\"elementor-container elementor-column-gap-default\">\n\t\t\t\t\t<div class=\"elementor-column elementor-col-100 elementor-top-column elementor-element elementor-element-fd3f2b3\" data-id=\"fd3f2b3\" data-element_type=\"column\" data-e-type=\"column\">\n\t\t\t<div class=\"elementor-widget-wrap elementor-element-populated\">\n\t\t\t\t\t\t<div class=\"elementor-element elementor-element-002d2b9 elementor-widget elementor-widget-heading\" data-id=\"002d2b9\" data-element_type=\"widget\" data-e-type=\"widget\" data-widget_type=\"heading.default\">\n\t\t\t\t<div class=\"elementor-widget-container\">\n\t\t\t\t\t<h2 class=\"elementor-heading-title elementor-size-default\">Approches contemplatives, philosophiques et spirituelles <\/h2>\t\t\t\t<\/div>\n\t\t\t\t<\/div>\n\t\t\t\t<div class=\"elementor-element elementor-element-2eabe91 elementor-widget-divider--view-line elementor-widget elementor-widget-divider\" data-id=\"2eabe91\" data-element_type=\"widget\" data-e-type=\"widget\" data-widget_type=\"divider.default\">\n\t\t\t\t<div class=\"elementor-widget-container\">\n\t\t\t\t\t\t\t<div class=\"elementor-divider\">\n\t\t\t<span class=\"elementor-divider-separator\">\n\t\t\t\t\t\t<\/span>\n\t\t<\/div>\n\t\t\t\t\t\t<\/div>\n\t\t\t\t<\/div>\n\t\t\t\t<div class=\"elementor-element elementor-element-aea12a0 elementor-widget elementor-widget-text-editor\" data-id=\"aea12a0\" data-element_type=\"widget\" data-e-type=\"widget\" data-widget_type=\"text-editor.default\">\n\t\t\t\t<div class=\"elementor-widget-container\">\n\t\t\t\t\t\t\t\t\t<p><strong><span class=\"TextRun SCXW248506381 BCX0\" lang=\"EN-GB\" xml:lang=\"EN-GB\" data-contrast=\"none\"><span class=\"NormalTextRun SCXW248506381 BCX0\">Comment pouvons-nous <\/span><span class=\"NormalTextRun SCXW248506381 BCX0\">rencontre<\/span><span class=\"NormalTextRun SCXW248506381 BCX0\"> la pleine conscience ? <\/span><\/span><\/strong><\/p><p><span class=\"TextRun SCXW248506381 BCX0\" lang=\"EN-GB\" xml:lang=\"EN-GB\" data-contrast=\"none\"><span class=\"NormalTextRun SCXW248506381 BCX0\">Pour beaucoup, la pratique de la pleine conscience conduit \u00e0 des exp\u00e9riences profond\u00e9ment significatives, difficiles \u00e0 exprimer et \u00e0 mesurer. Ces exp\u00e9riences <\/span><span class=\"NormalTextRun SCXW248506381 BCX0\">rester<\/span> <span class=\"NormalTextRun SCXW248506381 BCX0\">largement inexplor\u00e9e<\/span><span class=\"NormalTextRun SCXW248506381 BCX0\"> scientifiquement. Les approches fond\u00e9es sur la pleine conscience jouent un r\u00f4le essentiel dans le soutien de la sant\u00e9 mentale et physique. <\/span><\/span><span class=\"TextRun SCXW248506381 BCX0\" lang=\"EN-GB\" xml:lang=\"EN-GB\" data-contrast=\"none\"><span class=\"NormalTextRun SCXW248506381 BCX0\">et<\/span><\/span><span class=\"TextRun SCXW248506381 BCX0\" lang=\"EN-GB\" xml:lang=\"EN-GB\" data-contrast=\"none\"><span class=\"NormalTextRun SCXW248506381 BCX0\"> ils ont le potentiel de nous ouvrir \u00e0 une compr\u00e9hension plus profonde de la globalit\u00e9, de l'interconnexion, de la souffrance et du sens. Dans ce domaine, <\/span><span class=\"NormalTextRun SCXW248506381 BCX0\">nous<\/span><span class=\"NormalTextRun SCXW248506381 BCX0\"> Nous parlerons de l'imbrication des pratiques classiques et modernes de la pleine conscience et de la mani\u00e8re dont nous pouvons int\u00e9grer ces id\u00e9es moins concr\u00e8tes dans la soci\u00e9t\u00e9 en g\u00e9n\u00e9ral.<\/span><\/span><span class=\"EOP SCXW248506381 BCX0\" data-ccp-props=\"{&quot;201341983&quot;:0,&quot;335559739&quot;:160,&quot;335559740&quot;:259}\">\u00a0<\/span><\/p>\t\t\t\t\t\t\t\t<\/div>\n\t\t\t\t<\/div>\n\t\t\t\t\t<\/div>\n\t\t<\/div>\n\t\t\t\t\t<\/div>\n\t\t<\/section>\n\t\t\t\t<section class=\"elementor-section elementor-top-section elementor-element elementor-element-db20298 elementor-section-boxed elementor-section-height-default elementor-section-height-default\" data-id=\"db20298\" data-element_type=\"section\" data-e-type=\"section\">\n\t\t\t\t\t\t<div class=\"elementor-container elementor-column-gap-default\">\n\t\t\t\t\t<div class=\"elementor-column elementor-col-100 elementor-top-column elementor-element elementor-element-712feb3\" data-id=\"712feb3\" data-element_type=\"column\" data-e-type=\"column\">\n\t\t\t<div class=\"elementor-widget-wrap elementor-element-populated\">\n\t\t\t\t\t\t<div class=\"elementor-element elementor-element-35074be elementor-widget elementor-widget-text-editor\" data-id=\"35074be\" data-element_type=\"widget\" data-e-type=\"widget\" data-widget_type=\"text-editor.default\">\n\t\t\t\t<div class=\"elementor-widget-container\">\n\t\t\t\t\t\t\t\t\t<p><strong>Le volet 2 comprend, sans s'y limiter, les \u00e9l\u00e9ments suivants<\/strong><\/p><ul><li>Pleine conscience et religion<\/li><li>L'intersection de la science et du bouddhisme<\/li><li>Pleine conscience et m\u00e9taphysique<\/li><li>Recherche et pratique contemplatives<\/li><li>Pratiques fond\u00e9es sur la compassion<\/li><li>Pratiques fond\u00e9es sur la connaissance<\/li><\/ul>\t\t\t\t\t\t\t\t<\/div>\n\t\t\t\t<\/div>\n\t\t\t\t\t<\/div>\n\t\t<\/div>\n\t\t\t\t\t<\/div>\n\t\t<\/section>\n\t\t\t\t<section class=\"elementor-section elementor-top-section elementor-element elementor-element-ae1e936 elementor-section-boxed elementor-section-height-default elementor-section-height-default\" data-id=\"ae1e936\" data-element_type=\"section\" data-e-type=\"section\">\n\t\t\t\t\t\t<div class=\"elementor-container elementor-column-gap-default\">\n\t\t\t\t\t<div class=\"elementor-column elementor-col-100 elementor-top-column elementor-element elementor-element-6a3d7044\" data-id=\"6a3d7044\" data-element_type=\"column\" data-e-type=\"column\">\n\t\t\t<div class=\"elementor-widget-wrap elementor-element-populated\">\n\t\t\t\t\t\t<div class=\"elementor-element elementor-element-1b3f8fb8 elementor-widget-divider--view-line elementor-widget elementor-widget-divider\" data-id=\"1b3f8fb8\" data-element_type=\"widget\" data-e-type=\"widget\" data-widget_type=\"divider.default\">\n\t\t\t\t<div class=\"elementor-widget-container\">\n\t\t\t\t\t\t\t<div class=\"elementor-divider\">\n\t\t\t<span class=\"elementor-divider-separator\">\n\t\t\t\t\t\t<\/span>\n\t\t<\/div>\n\t\t\t\t\t\t<\/div>\n\t\t\t\t<\/div>\n\t\t\t\t<div class=\"elementor-element elementor-element-54e83e53 elementor-widget elementor-widget-text-editor\" data-id=\"54e83e53\" data-element_type=\"widget\" data-e-type=\"widget\" data-widget_type=\"text-editor.default\">\n\t\t\t\t<div class=\"elementor-widget-container\">\n\t\t\t\t\t\t\t\t\t<p>Le volet 2 commence par une allocution de Catherine McGee. Vous pourrez ensuite choisir d'assister \u00e0 une table ronde, un atelier, un symposium de recherche ou une pratique guid\u00e9e, qui se tiendront dans diff\u00e9rents espaces du Pontio Centre de l'universit\u00e9 de Bangor.<\/p>\t\t\t\t\t\t\t\t<\/div>\n\t\t\t\t<\/div>\n\t\t\t\t<div class=\"elementor-element elementor-element-4ce0985b elementor-widget-divider--view-line elementor-widget elementor-widget-divider\" data-id=\"4ce0985b\" data-element_type=\"widget\" data-e-type=\"widget\" data-widget_type=\"divider.default\">\n\t\t\t\t<div class=\"elementor-widget-container\">\n\t\t\t\t\t\t\t<div class=\"elementor-divider\">\n\t\t\t<span class=\"elementor-divider-separator\">\n\t\t\t\t\t\t<\/span>\n\t\t<\/div>\n\t\t\t\t\t\t<\/div>\n\t\t\t\t<\/div>\n\t\t\t\t<div class=\"elementor-element elementor-element-7274725e elementor-widget-divider--view-line elementor-widget elementor-widget-divider\" data-id=\"7274725e\" data-element_type=\"widget\" data-e-type=\"widget\" data-widget_type=\"divider.default\">\n\t\t\t\t<div class=\"elementor-widget-container\">\n\t\t\t\t\t\t\t<div class=\"elementor-divider\">\n\t\t\t<span class=\"elementor-divider-separator\">\n\t\t\t\t\t\t<\/span>\n\t\t<\/div>\n\t\t\t\t\t\t<\/div>\n\t\t\t\t<\/div>\n\t\t\t\t<div class=\"elementor-element elementor-element-f8e0b3c elementor-widget-divider--view-line elementor-widget elementor-widget-divider\" data-id=\"f8e0b3c\" data-element_type=\"widget\" data-e-type=\"widget\" data-widget_type=\"divider.default\">\n\t\t\t\t<div class=\"elementor-widget-container\">\n\t\t\t\t\t\t\t<div class=\"elementor-divider\">\n\t\t\t<span class=\"elementor-divider-separator\">\n\t\t\t\t\t\t<\/span>\n\t\t<\/div>\n\t\t\t\t\t\t<\/div>\n\t\t\t\t<\/div>\n\t\t\t\t<div class=\"elementor-element elementor-element-477f3a0f elementor-widget-divider--view-line elementor-widget elementor-widget-divider\" data-id=\"477f3a0f\" data-element_type=\"widget\" data-e-type=\"widget\" data-widget_type=\"divider.default\">\n\t\t\t\t<div class=\"elementor-widget-container\">\n\t\t\t\t\t\t\t<div class=\"elementor-divider\">\n\t\t\t<span class=\"elementor-divider-separator\">\n\t\t\t\t\t\t<\/span>\n\t\t<\/div>\n\t\t\t\t\t\t<\/div>\n\t\t\t\t<\/div>\n\t\t\t\t<div class=\"elementor-element elementor-element-16af6445 elementor-widget-divider--view-line elementor-widget elementor-widget-divider\" data-id=\"16af6445\" data-element_type=\"widget\" data-e-type=\"widget\" data-widget_type=\"divider.default\">\n\t\t\t\t<div class=\"elementor-widget-container\">\n\t\t\t\t\t\t\t<div class=\"elementor-divider\">\n\t\t\t<span class=\"elementor-divider-separator\">\n\t\t\t\t\t\t<\/span>\n\t\t<\/div>\n\t\t\t\t\t\t<\/div>\n\t\t\t\t<\/div>\n\t\t\t\t\t<\/div>\n\t\t<\/div>\n\t\t\t\t\t<\/div>\n\t\t<\/section>\n\t\t\t\t<section class=\"elementor-section elementor-top-section elementor-element elementor-element-af24ca4 elementor-section-height-default elementor-section-boxed elementor-section-height-default\" data-id=\"af24ca4\" data-element_type=\"section\" data-e-type=\"section\">\n\t\t\t\t\t\t<div class=\"elementor-container elementor-column-gap-default\">\n\t\t\t\t\t<div class=\"elementor-column elementor-col-50 elementor-inner-column elementor-element elementor-element-e014b09\" data-id=\"e014b09\" data-element_type=\"column\" data-e-type=\"column\">\n\t\t\t<div class=\"elementor-widget-wrap\">\n\t\t\t\t\t\t\t<\/div>\n\t\t<\/div>\n\t\t\t\t<div class=\"elementor-column elementor-col-50 elementor-inner-column elementor-element elementor-element-997029a\" data-id=\"997029a\" data-element_type=\"column\" data-e-type=\"column\" data-settings=\"{&quot;background_background&quot;:&quot;classic&quot;}\">\n\t\t\t<div class=\"elementor-widget-wrap elementor-element-populated\">\n\t\t\t\t\t\t<div class=\"elementor-element elementor-element-18fad6c elementor-widget elementor-widget-text-editor\" data-id=\"18fad6c\" data-element_type=\"widget\" data-e-type=\"widget\" data-widget_type=\"text-editor.default\">\n\t\t\t\t<div class=\"elementor-widget-container\">\n\t\t\t\t\t\t\t\t\t<p><strong>Pratique contemplative<\/strong><\/p>\t\t\t\t\t\t\t\t<\/div>\n\t\t\t\t<\/div>\n\t\t\t\t<div class=\"elementor-element elementor-element-7ec649f elementor-widget elementor-widget-price-list\" data-id=\"7ec649f\" data-element_type=\"widget\" data-e-type=\"widget\" data-widget_type=\"price-list.default\">\n\t\t\t\t<div class=\"elementor-widget-container\">\n\t\t\t\t\t\n\t\t<ul class=\"elementor-price-list\">\n\n\t\t\t\t\t\t\t\t\t<li><a class=\"elementor-price-list-item\" href=\"#\">\t\t\t\t\n\t\t\t\t<div class=\"elementor-price-list-text\">\n\t\t\t\t\t\t\t\t\t<div class=\"elementor-price-list-header\">\n\t\t\t\t\t\t\t\t\t\t\t<span class=\"elementor-price-list-title\">\n\t\t\t\t\t\t\tL'exp\u00e9rience intense li\u00e9e \u00e0 la m\u00e9ditation a un impact sur le sentiment de soi : une \u00e9tude ph\u00e9nom\u00e9nologique\t\t\t\t\t\t<\/span>\n\t\t\t\t\t\t\t\t\t\t\t\t\t\t\t\t\t\t<span class=\"elementor-price-list-separator\"><\/span>\n\t\t\t\t\t\t\t\t\t\t\t\t\t\t\t\t\t\t\t<span class=\"elementor-price-list-price\">Tim Wood<\/span>\n\t\t\t\t\t\t\t\t\t\t<\/div>\n\t\t\t\t\t\t\t\t\t\t\t\t<\/div>\n\t\t\t\t<\/a><\/li>\t\t\t\t\t\t\t\t\t\t\t\t<li><a class=\"elementor-price-list-item\" href=\"#\">\t\t\t\t\n\t\t\t\t<div class=\"elementor-price-list-text\">\n\t\t\t\t\t\t\t\t\t<div class=\"elementor-price-list-header\">\n\t\t\t\t\t\t\t\t\t\t\t<span class=\"elementor-price-list-title\">\n\t\t\t\t\t\t\tMBSR et sensibilisation \u00e0 l'environnement : Inviter la Terre dans la salle de classe\t\t\t\t\t\t<\/span>\n\t\t\t\t\t\t\t\t\t\t\t\t\t\t\t\t\t\t<span class=\"elementor-price-list-separator\"><\/span>\n\t\t\t\t\t\t\t\t\t\t\t\t\t\t\t\t\t\t\t<span class=\"elementor-price-list-price\">Margaret Fletcher<\/span>\n\t\t\t\t\t\t\t\t\t\t<\/div>\n\t\t\t\t\t\t\t\t\t\t\t\t<\/div>\n\t\t\t\t<\/a><\/li>\t\t\t\t\t\t\t\t\t\t\t\t<li><a class=\"elementor-price-list-item\" href=\"#\">\t\t\t\t\n\t\t\t\t<div class=\"elementor-price-list-text\">\n\t\t\t\t\t\t\t\t\t<div class=\"elementor-price-list-header\">\n\t\t\t\t\t\t\t\t\t\t\t<span class=\"elementor-price-list-title\">\n\t\t\t\t\t\t\tPleine conscience et imagination\t\t\t\t\t\t<\/span>\n\t\t\t\t\t\t\t\t\t\t\t\t\t\t\t\t\t\t<span class=\"elementor-price-list-separator\"><\/span>\n\t\t\t\t\t\t\t\t\t\t\t\t\t\t\t\t\t\t\t<span class=\"elementor-price-list-price\">Derek Goodman <\/span>\n\t\t\t\t\t\t\t\t\t\t<\/div>\n\t\t\t\t\t\t\t\t\t\t\t\t<\/div>\n\t\t\t\t<\/a><\/li>\t\t\t\t\t\t\t\t\t\t\t\t<li><a class=\"elementor-price-list-item\" href=\"#\">\t\t\t\t\n\t\t\t\t<div class=\"elementor-price-list-text\">\n\t\t\t\t\t\t\t\t\t<div class=\"elementor-price-list-header\">\n\t\t\t\t\t\t\t\t\t\t\t<span class=\"elementor-price-list-title\">\n\t\t\t\t\t\t\tTransformer la r\u00e9activit\u00e9 : Une analyse du discours sur les enseignements de la pleine conscience dans les classes MBI\t\t\t\t\t\t<\/span>\n\t\t\t\t\t\t\t\t\t\t\t\t\t\t\t\t\t\t<span class=\"elementor-price-list-separator\"><\/span>\n\t\t\t\t\t\t\t\t\t\t\t\t\t\t\t\t\t\t\t<span class=\"elementor-price-list-price\">Katherine Hoi Ying Chen<\/span>\n\t\t\t\t\t\t\t\t\t\t<\/div>\n\t\t\t\t\t\t\t\t\t\t\t\t<\/div>\n\t\t\t\t<\/a><\/li>\t\t\t\t\t\t\t\t\t\t\t\t<li><a class=\"elementor-price-list-item\" href=\"#\">\t\t\t\t\n\t\t\t\t<div class=\"elementor-price-list-text\">\n\t\t\t\t\t\t\t\t\t<div class=\"elementor-price-list-header\">\n\t\t\t\t\t\t\t\t\t\t\t<span class=\"elementor-price-list-title\">\n\t\t\t\t\t\t\tVers une th\u00e9orie de la pleine conscience : La science de la complexit\u00e9 comme pont vers la philosophie orientale\t\t\t\t\t\t<\/span>\n\t\t\t\t\t\t\t\t\t\t\t\t\t\t\t\t\t\t<span class=\"elementor-price-list-separator\"><\/span>\n\t\t\t\t\t\t\t\t\t\t\t\t\t\t\t\t\t\t\t<span class=\"elementor-price-list-price\">Pavel Chvykov<\/span>\n\t\t\t\t\t\t\t\t\t\t<\/div>\n\t\t\t\t\t\t\t\t\t\t\t\t<\/div>\n\t\t\t\t<\/a><\/li>\t\t\t\t\t\n\t\t<\/ul>\n\n\t\t\t\t\t\t<\/div>\n\t\t\t\t<\/div>\n\t\t\t\t\t<\/div>\n\t\t<\/div>\n\t\t\t\t\t<\/div>\n\t\t<\/section>\n\t\t\t\t<section class=\"elementor-section elementor-top-section elementor-element elementor-element-6fa4d2a elementor-section-height-default elementor-section-boxed elementor-section-height-default\" data-id=\"6fa4d2a\" data-element_type=\"section\" data-e-type=\"section\">\n\t\t\t\t\t\t<div class=\"elementor-container elementor-column-gap-default\">\n\t\t\t\t\t<div class=\"elementor-column elementor-col-50 elementor-inner-column elementor-element elementor-element-99d9755\" data-id=\"99d9755\" data-element_type=\"column\" data-e-type=\"column\">\n\t\t\t<div class=\"elementor-widget-wrap\">\n\t\t\t\t\t\t\t<\/div>\n\t\t<\/div>\n\t\t\t\t<div class=\"elementor-column elementor-col-50 elementor-inner-column elementor-element elementor-element-769d1b0\" data-id=\"769d1b0\" data-element_type=\"column\" data-e-type=\"column\">\n\t\t\t<div class=\"elementor-widget-wrap elementor-element-populated\">\n\t\t\t\t\t\t<div class=\"elementor-element elementor-element-3ec7a7a elementor-widget elementor-widget-text-editor\" data-id=\"3ec7a7a\" data-element_type=\"widget\" data-e-type=\"widget\" data-widget_type=\"text-editor.default\">\n\t\t\t\t<div class=\"elementor-widget-container\">\n\t\t\t\t\t\t\t\t\t<p><strong>Considerations in Mindfulness Pedagogy et Dose-Response in Mindfulness.<\/strong><\/p>\t\t\t\t\t\t\t\t<\/div>\n\t\t\t\t<\/div>\n\t\t\t\t<div class=\"elementor-element elementor-element-0247308 elementor-widget elementor-widget-price-list\" data-id=\"0247308\" data-element_type=\"widget\" data-e-type=\"widget\" data-widget_type=\"price-list.default\">\n\t\t\t\t<div class=\"elementor-widget-container\">\n\t\t\t\t\t\n\t\t<ul class=\"elementor-price-list\">\n\n\t\t\t\t\t\t\t\t\t<li><a class=\"elementor-price-list-item\" href=\"#\">\t\t\t\t\n\t\t\t\t<div class=\"elementor-price-list-text\">\n\t\t\t\t\t\t\t\t\t<div class=\"elementor-price-list-header\">\n\t\t\t\t\t\t\t\t\t\t\t<span class=\"elementor-price-list-title\">\n\t\t\t\t\t\t\tUn chemin dans la jungle de la pleine conscience ?\t\t\t\t\t\t<\/span>\n\t\t\t\t\t\t\t\t\t\t\t\t\t\t\t\t\t\t<span class=\"elementor-price-list-separator\"><\/span>\n\t\t\t\t\t\t\t\t\t\t\t\t\t\t\t\t\t\t\t<span class=\"elementor-price-list-price\">Josef Mattes<\/span>\n\t\t\t\t\t\t\t\t\t\t<\/div>\n\t\t\t\t\t\t\t\t\t\t\t\t<\/div>\n\t\t\t\t<\/a><\/li>\t\t\t\t\t\t\t\t\t\t\t\t<li><a class=\"elementor-price-list-item\" href=\"#\">\t\t\t\t\n\t\t\t\t<div class=\"elementor-price-list-text\">\n\t\t\t\t\t\t\t\t\t<div class=\"elementor-price-list-header\">\n\t\t\t\t\t\t\t\t\t\t\t<span class=\"elementor-price-list-title\">\n\t\t\t\t\t\t\tMesurer les tonalit\u00e9s des exp\u00e9riences internes\t\t\t\t\t\t<\/span>\n\t\t\t\t\t\t\t\t\t\t\t\t\t\t\t\t\t\t<span class=\"elementor-price-list-separator\"><\/span>\n\t\t\t\t\t\t\t\t\t\t\t\t\t\t\t\t\t\t\t<span class=\"elementor-price-list-price\">Morganne A. Kraines<\/span>\n\t\t\t\t\t\t\t\t\t\t<\/div>\n\t\t\t\t\t\t\t\t\t\t\t\t<\/div>\n\t\t\t\t<\/a><\/li>\t\t\t\t\t\t\t\t\t\t\t\t<li><a class=\"elementor-price-list-item\" href=\"#\">\t\t\t\t\n\t\t\t\t<div class=\"elementor-price-list-text\">\n\t\t\t\t\t\t\t\t\t<div class=\"elementor-price-list-header\">\n\t\t\t\t\t\t\t\t\t\t\t<span class=\"elementor-price-list-title\">\n\t\t\t\t\t\t\tDose-r\u00e9ponse dans la pleine conscience - examen de la dose de pratique formelle et informelle et de l'instruction\t\t\t\t\t\t<\/span>\n\t\t\t\t\t\t\t\t\t\t\t\t\t\t\t\t\t\t<span class=\"elementor-price-list-separator\"><\/span>\n\t\t\t\t\t\t\t\t\t\t\t\t\t\t\t\t\t\t\t<span class=\"elementor-price-list-price\">Sarah Strohmaier<\/span>\n\t\t\t\t\t\t\t\t\t\t<\/div>\n\t\t\t\t\t\t\t\t\t\t\t\t<\/div>\n\t\t\t\t<\/a><\/li>\t\t\t\t\t\t\t\t\t\t\t\t<li><a class=\"elementor-price-list-item\" href=\"#\">\t\t\t\t\n\t\t\t\t<div class=\"elementor-price-list-text\">\n\t\t\t\t\t\t\t\t\t<div class=\"elementor-price-list-header\">\n\t\t\t\t\t\t\t\t\t\t\t<span class=\"elementor-price-list-title\">\n\t\t\t\t\t\t\tEffets dose-r\u00e9ponse longitudinaux de la m\u00e9ditation sur la sant\u00e9 mentale et le bien-\u00eatre\t\t\t\t\t\t<\/span>\n\t\t\t\t\t\t\t\t\t\t\t\t\t\t\t\t\t\t<span class=\"elementor-price-list-separator\"><\/span>\n\t\t\t\t\t\t\t\t\t\t\t\t\t\t\t\t\t\t\t<span class=\"elementor-price-list-price\">Nicholas Bowles<\/span>\n\t\t\t\t\t\t\t\t\t\t<\/div>\n\t\t\t\t\t\t\t\t\t\t\t\t<\/div>\n\t\t\t\t<\/a><\/li>\t\t\t\t\t\t\t\t\t\t\t\t<li><a class=\"elementor-price-list-item\" href=\"#\">\t\t\t\t\n\t\t\t\t<div class=\"elementor-price-list-text\">\n\t\t\t\t\t\t\t\t\t<div class=\"elementor-price-list-header\">\n\t\t\t\t\t\t\t\t\t\t\t<span class=\"elementor-price-list-title\">\n\t\t\t\t\t\t\tR\u00e9duction du stress bas\u00e9e sur la pleine conscience 2 (MBSR2) - \u00c9largir votre pratique : L'\u00e9cologie de la sant\u00e9 du corps et de l'esprit, une \u00e9valuation de programme\t\t\t\t\t\t<\/span>\n\t\t\t\t\t\t\t\t\t\t\t\t\t\t\t\t\t\t<span class=\"elementor-price-list-separator\"><\/span>\n\t\t\t\t\t\t\t\t\t\t\t\t\t\t\t\t\t\t\t<span class=\"elementor-price-list-price\">Tosca Braun<\/span>\n\t\t\t\t\t\t\t\t\t\t<\/div>\n\t\t\t\t\t\t\t\t\t\t\t\t<\/div>\n\t\t\t\t<\/a><\/li>\t\t\t\t\t\n\t\t<\/ul>\n\n\t\t\t\t\t\t<\/div>\n\t\t\t\t<\/div>\n\t\t\t\t\t<\/div>\n\t\t<\/div>\n\t\t\t\t\t<\/div>\n\t\t<\/section>\n\t\t\t\t<\/div>","protected":false},"excerpt":{"rendered":"<p>Contemplative, philosophical, and spiritual approaches How do we encounter mindfulness? For many, practicing mindfulness leads to profoundly meaningful experiences that are hard to put into words and challenging to measure. These experiences remain largely unexplored scientifically. Mindfulness-based approaches have a vital role in supporting mental and physical health and they have the potential to open [&hellip;]<\/p>\n","protected":false},"author":3,"featured_media":3788,"comment_status":"closed","ping_status":"closed","sticky":false,"template":"","format":"standard","meta":{"_view_id":"","site-sidebar-layout":"default","site-content-layout":"","ast-site-content-layout":"default","site-content-style":"default","site-sidebar-style":"default","ast-global-header-display":"","ast-banner-title-visibility":"","ast-main-header-display":"","ast-hfb-above-header-display":"","ast-hfb-below-header-display":"","ast-hfb-mobile-header-display":"","site-post-title":"","ast-breadcrumbs-content":"","ast-featured-img":"","footer-sml-layout":"","ast-disable-related-posts":"","theme-transparent-header-meta":"","adv-header-id-meta":"","stick-header-meta":"","header-above-stick-meta":"","header-main-stick-meta":"","header-below-stick-meta":"","astra-migrate-meta-layouts":"set","ast-page-background-enabled":"default","ast-page-background-meta":{"desktop":{"background-color":"","background-image":"","background-repeat":"repeat","background-position":"center center","background-size":"auto","background-attachment":"scroll","background-type":"","background-media":"","overlay-type":"","overlay-color":"","overlay-opacity":"","overlay-gradient":""},"tablet":{"background-color":"","background-image":"","background-repeat":"repeat","background-position":"center center","background-size":"auto","background-attachment":"scroll","background-type":"","background-media":"","overlay-type":"","overlay-color":"","overlay-opacity":"","overlay-gradient":""},"mobile":{"background-color":"","background-image":"","background-repeat":"repeat","background-position":"center center","background-size":"auto","background-attachment":"scroll","background-type":"","background-media":"","overlay-type":"","overlay-color":"","overlay-opacity":"","overlay-gradient":""}},"ast-content-background-meta":{"desktop":{"background-color":"var(--ast-global-color-5)","background-image":"","background-repeat":"repeat","background-position":"center center","background-size":"auto","background-attachment":"scroll","background-type":"","background-media":"","overlay-type":"","overlay-color":"","overlay-opacity":"","overlay-gradient":""},"tablet":{"background-color":"var(--ast-global-color-5)","background-image":"","background-repeat":"repeat","background-position":"center center","background-size":"auto","background-attachment":"scroll","background-type":"","background-media":"","overlay-type":"","overlay-color":"","overlay-opacity":"","overlay-gradient":""},"mobile":{"background-color":"var(--ast-global-color-5)","background-image":"","background-repeat":"repeat","background-position":"center center","background-size":"auto","background-attachment":"scroll","background-type":"","background-media":"","overlay-type":"","overlay-color":"","overlay-opacity":"","overlay-gradient":""}},"_jetpack_memberships_contains_paid_content":false,"wds_primary_category":96,"footnotes":""},"categories":[82,96],"tags":[],"class_list":["post-3900","post","type-post","status-publish","format-standard","has-post-thumbnail","hentry","category-five-strands","category-strand-2"],"yoast_head":"<!-- This site is optimized with the Yoast SEO plugin v27.4 - https:\/\/yoast.com\/product\/yoast-seo-wordpress\/ -->\n<title>Strand 2: Contemplative, philosophical, and spiritual - International Conference on Mindfulness 2024<\/title>\n<meta name=\"description\" content=\"STRAND 2\" \/>\n<meta name=\"robots\" content=\"index, follow, max-snippet:-1, max-image-preview:large, max-video-preview:-1\" \/>\n<link rel=\"canonical\" href=\"https:\/\/www.internationalmindfulnessconference.com\/fr\/2023\/10\/18\/volet-2-contemplatif-philosophique-et-spirituel\/\" \/>\n<meta property=\"og:locale\" content=\"fr_FR\" \/>\n<meta property=\"og:type\" content=\"article\" \/>\n<meta property=\"og:title\" content=\"Strand 2: Contemplative, philosophical, and spiritual - International Conference on Mindfulness 2024\" \/>\n<meta property=\"og:description\" content=\"STRAND 2\" \/>\n<meta property=\"og:url\" content=\"https:\/\/www.internationalmindfulnessconference.com\/fr\/2023\/10\/18\/volet-2-contemplatif-philosophique-et-spirituel\/\" \/>\n<meta property=\"og:site_name\" content=\"International Conference on Mindfulness 2024\" \/>\n<meta property=\"article:publisher\" content=\"https:\/\/www.facebook.com\/MindfulnessNetworkUK\/\" \/>\n<meta property=\"article:published_time\" content=\"2023-10-18T09:42:32+00:00\" \/>\n<meta property=\"article:modified_time\" content=\"2025-06-12T12:45:00+00:00\" \/>\n<meta property=\"og:image\" content=\"https:\/\/www.internationalmindfulnessconference.com\/wp-content\/uploads\/2023\/10\/contemplative-e1697622091540.png\" \/>\n\t<meta property=\"og:image:width\" content=\"250\" \/>\n\t<meta property=\"og:image:height\" content=\"250\" \/>\n\t<meta property=\"og:image:type\" content=\"image\/png\" \/>\n<meta name=\"author\" content=\"Madeleine Hynes\" \/>\n<meta name=\"twitter:card\" content=\"summary_large_image\" \/>\n<meta name=\"twitter:creator\" content=\"@MindfulnessN\" \/>\n<meta name=\"twitter:site\" content=\"@MindfulnessN\" \/>\n<meta name=\"twitter:label1\" content=\"\u00c9crit par\" \/>\n\t<meta name=\"twitter:data1\" content=\"Madeleine Hynes\" \/>\n\t<meta name=\"twitter:label2\" content=\"Dur\u00e9e de lecture est.\" \/>\n\t<meta name=\"twitter:data2\" content=\"6 minutes\" \/>\n<script type=\"application\/ld+json\" class=\"yoast-schema-graph\">{\"@context\":\"https:\\\/\\\/schema.org\",\"@graph\":[{\"@type\":\"Article\",\"@id\":\"https:\\\/\\\/www.internationalmindfulnessconference.com\\\/2023\\\/10\\\/18\\\/strand-2-contemplative-philosophical-and-spiritual\\\/#article\",\"isPartOf\":{\"@id\":\"https:\\\/\\\/www.internationalmindfulnessconference.com\\\/2023\\\/10\\\/18\\\/strand-2-contemplative-philosophical-and-spiritual\\\/\"},\"author\":{\"name\":\"Madeleine Hynes\",\"@id\":\"https:\\\/\\\/www.internationalmindfulnessconference.com\\\/#\\\/schema\\\/person\\\/cfeb3e23341dd4fad358eae1d7744eac\"},\"headline\":\"Strand 2: Contemplative, philosophical, and spiritual\",\"datePublished\":\"2023-10-18T09:42:32+00:00\",\"dateModified\":\"2025-06-12T12:45:00+00:00\",\"mainEntityOfPage\":{\"@id\":\"https:\\\/\\\/www.internationalmindfulnessconference.com\\\/2023\\\/10\\\/18\\\/strand-2-contemplative-philosophical-and-spiritual\\\/\"},\"wordCount\":1162,\"publisher\":{\"@id\":\"https:\\\/\\\/www.internationalmindfulnessconference.com\\\/#organization\"},\"image\":{\"@id\":\"https:\\\/\\\/www.internationalmindfulnessconference.com\\\/2023\\\/10\\\/18\\\/strand-2-contemplative-philosophical-and-spiritual\\\/#primaryimage\"},\"thumbnailUrl\":\"https:\\\/\\\/www.internationalmindfulnessconference.com\\\/wp-content\\\/uploads\\\/2023\\\/10\\\/contemplative-e1697622091540.png\",\"articleSection\":[\"Five Strands\",\"STRAND 2\"],\"inLanguage\":\"fr-BE\"},{\"@type\":\"WebPage\",\"@id\":\"https:\\\/\\\/www.internationalmindfulnessconference.com\\\/2023\\\/10\\\/18\\\/strand-2-contemplative-philosophical-and-spiritual\\\/\",\"url\":\"https:\\\/\\\/www.internationalmindfulnessconference.com\\\/2023\\\/10\\\/18\\\/strand-2-contemplative-philosophical-and-spiritual\\\/\",\"name\":\"Strand 2: Contemplative, philosophical, and spiritual - International Conference on Mindfulness 2024\",\"isPartOf\":{\"@id\":\"https:\\\/\\\/www.internationalmindfulnessconference.com\\\/#website\"},\"primaryImageOfPage\":{\"@id\":\"https:\\\/\\\/www.internationalmindfulnessconference.com\\\/2023\\\/10\\\/18\\\/strand-2-contemplative-philosophical-and-spiritual\\\/#primaryimage\"},\"image\":{\"@id\":\"https:\\\/\\\/www.internationalmindfulnessconference.com\\\/2023\\\/10\\\/18\\\/strand-2-contemplative-philosophical-and-spiritual\\\/#primaryimage\"},\"thumbnailUrl\":\"https:\\\/\\\/www.internationalmindfulnessconference.com\\\/wp-content\\\/uploads\\\/2023\\\/10\\\/contemplative-e1697622091540.png\",\"datePublished\":\"2023-10-18T09:42:32+00:00\",\"dateModified\":\"2025-06-12T12:45:00+00:00\",\"description\":\"STRAND 2\",\"breadcrumb\":{\"@id\":\"https:\\\/\\\/www.internationalmindfulnessconference.com\\\/2023\\\/10\\\/18\\\/strand-2-contemplative-philosophical-and-spiritual\\\/#breadcrumb\"},\"inLanguage\":\"fr-BE\",\"potentialAction\":[{\"@type\":\"ReadAction\",\"target\":[\"https:\\\/\\\/www.internationalmindfulnessconference.com\\\/2023\\\/10\\\/18\\\/strand-2-contemplative-philosophical-and-spiritual\\\/\"]}]},{\"@type\":\"ImageObject\",\"inLanguage\":\"fr-BE\",\"@id\":\"https:\\\/\\\/www.internationalmindfulnessconference.com\\\/2023\\\/10\\\/18\\\/strand-2-contemplative-philosophical-and-spiritual\\\/#primaryimage\",\"url\":\"https:\\\/\\\/www.internationalmindfulnessconference.com\\\/wp-content\\\/uploads\\\/2023\\\/10\\\/contemplative-e1697622091540.png\",\"contentUrl\":\"https:\\\/\\\/www.internationalmindfulnessconference.com\\\/wp-content\\\/uploads\\\/2023\\\/10\\\/contemplative-e1697622091540.png\",\"width\":250,\"height\":250,\"caption\":\"2. Contemplative. Philosophical and Spiritual\"},{\"@type\":\"BreadcrumbList\",\"@id\":\"https:\\\/\\\/www.internationalmindfulnessconference.com\\\/2023\\\/10\\\/18\\\/strand-2-contemplative-philosophical-and-spiritual\\\/#breadcrumb\",\"itemListElement\":[{\"@type\":\"ListItem\",\"position\":1,\"name\":\"Home\",\"item\":\"https:\\\/\\\/www.internationalmindfulnessconference.com\\\/\"},{\"@type\":\"ListItem\",\"position\":2,\"name\":\"Strand 2: Contemplative, philosophical, and spiritual\"}]},{\"@type\":\"WebSite\",\"@id\":\"https:\\\/\\\/www.internationalmindfulnessconference.com\\\/#website\",\"url\":\"https:\\\/\\\/www.internationalmindfulnessconference.com\\\/\",\"name\":\"International Conference on Mindfulness 2024\",\"description\":\"ICM 2024: Mindfulness in a Changing World\",\"publisher\":{\"@id\":\"https:\\\/\\\/www.internationalmindfulnessconference.com\\\/#organization\"},\"alternateName\":\"ICM 2024\",\"potentialAction\":[{\"@type\":\"SearchAction\",\"target\":{\"@type\":\"EntryPoint\",\"urlTemplate\":\"https:\\\/\\\/www.internationalmindfulnessconference.com\\\/?s={search_term_string}\"},\"query-input\":{\"@type\":\"PropertyValueSpecification\",\"valueRequired\":true,\"valueName\":\"search_term_string\"}}],\"inLanguage\":\"fr-BE\"},{\"@type\":\"Organization\",\"@id\":\"https:\\\/\\\/www.internationalmindfulnessconference.com\\\/#organization\",\"name\":\"The Mindfulness Network\",\"alternateName\":\"Mindfulness Network\",\"url\":\"https:\\\/\\\/www.internationalmindfulnessconference.com\\\/\",\"logo\":{\"@type\":\"ImageObject\",\"inLanguage\":\"fr-BE\",\"@id\":\"https:\\\/\\\/www.internationalmindfulnessconference.com\\\/#\\\/schema\\\/logo\\\/image\\\/\",\"url\":\"https:\\\/\\\/www.internationalmindfulnessconference.com\\\/wp-content\\\/uploads\\\/2023\\\/01\\\/MNLogo-300x300-1.jpg\",\"contentUrl\":\"https:\\\/\\\/www.internationalmindfulnessconference.com\\\/wp-content\\\/uploads\\\/2023\\\/01\\\/MNLogo-300x300-1.jpg\",\"width\":300,\"height\":300,\"caption\":\"The Mindfulness Network\"},\"image\":{\"@id\":\"https:\\\/\\\/www.internationalmindfulnessconference.com\\\/#\\\/schema\\\/logo\\\/image\\\/\"},\"sameAs\":[\"https:\\\/\\\/www.facebook.com\\\/MindfulnessNetworkUK\\\/\",\"https:\\\/\\\/x.com\\\/MindfulnessN\"]},{\"@type\":\"Person\",\"@id\":\"https:\\\/\\\/www.internationalmindfulnessconference.com\\\/#\\\/schema\\\/person\\\/cfeb3e23341dd4fad358eae1d7744eac\",\"name\":\"Madeleine Hynes\",\"image\":{\"@type\":\"ImageObject\",\"inLanguage\":\"fr-BE\",\"@id\":\"https:\\\/\\\/www.internationalmindfulnessconference.com\\\/wp-content\\\/wphb-cache\\\/gravatar\\\/d20\\\/d204c6c9e5fdaaac6fb784dfcbf0793ex96.jpg\",\"url\":\"https:\\\/\\\/www.internationalmindfulnessconference.com\\\/wp-content\\\/wphb-cache\\\/gravatar\\\/d20\\\/d204c6c9e5fdaaac6fb784dfcbf0793ex96.jpg\",\"contentUrl\":\"https:\\\/\\\/www.internationalmindfulnessconference.com\\\/wp-content\\\/wphb-cache\\\/gravatar\\\/d20\\\/d204c6c9e5fdaaac6fb784dfcbf0793ex96.jpg\",\"caption\":\"Madeleine Hynes\"},\"url\":\"https:\\\/\\\/www.internationalmindfulnessconference.com\\\/fr\\\/author\\\/madeleinemindfulness-network-org\\\/\"}]}<\/script>\n<!-- \/ Yoast SEO plugin. -->","yoast_head_json":{"title":"Volet 2 : Contemplatif, philosophique et spirituel - Conf\u00e9rence internationale sur la pleine conscience 2024","description":"VIGUEUR 2","robots":{"index":"index","follow":"follow","max-snippet":"max-snippet:-1","max-image-preview":"max-image-preview:large","max-video-preview":"max-video-preview:-1"},"canonical":"https:\/\/www.internationalmindfulnessconference.com\/fr\/2023\/10\/18\/volet-2-contemplatif-philosophique-et-spirituel\/","og_locale":"fr_FR","og_type":"article","og_title":"Strand 2: Contemplative, philosophical, and spiritual - International Conference on Mindfulness 2024","og_description":"STRAND 2","og_url":"https:\/\/www.internationalmindfulnessconference.com\/fr\/2023\/10\/18\/volet-2-contemplatif-philosophique-et-spirituel\/","og_site_name":"International Conference on Mindfulness 2024","article_publisher":"https:\/\/www.facebook.com\/MindfulnessNetworkUK\/","article_published_time":"2023-10-18T09:42:32+00:00","article_modified_time":"2025-06-12T12:45:00+00:00","og_image":[{"width":250,"height":250,"url":"https:\/\/www.internationalmindfulnessconference.com\/wp-content\/uploads\/2023\/10\/contemplative-e1697622091540.png","type":"image\/png"}],"author":"Madeleine Hynes","twitter_card":"summary_large_image","twitter_creator":"@MindfulnessN","twitter_site":"@MindfulnessN","twitter_misc":{"\u00c9crit par":"Madeleine Hynes","Dur\u00e9e de lecture est.":"6 minutes"},"schema":{"@context":"https:\/\/schema.org","@graph":[{"@type":"Article","@id":"https:\/\/www.internationalmindfulnessconference.com\/2023\/10\/18\/strand-2-contemplative-philosophical-and-spiritual\/#article","isPartOf":{"@id":"https:\/\/www.internationalmindfulnessconference.com\/2023\/10\/18\/strand-2-contemplative-philosophical-and-spiritual\/"},"author":{"name":"Madeleine Hynes","@id":"https:\/\/www.internationalmindfulnessconference.com\/#\/schema\/person\/cfeb3e23341dd4fad358eae1d7744eac"},"headline":"Strand 2: Contemplative, philosophical, and spiritual","datePublished":"2023-10-18T09:42:32+00:00","dateModified":"2025-06-12T12:45:00+00:00","mainEntityOfPage":{"@id":"https:\/\/www.internationalmindfulnessconference.com\/2023\/10\/18\/strand-2-contemplative-philosophical-and-spiritual\/"},"wordCount":1162,"publisher":{"@id":"https:\/\/www.internationalmindfulnessconference.com\/#organization"},"image":{"@id":"https:\/\/www.internationalmindfulnessconference.com\/2023\/10\/18\/strand-2-contemplative-philosophical-and-spiritual\/#primaryimage"},"thumbnailUrl":"https:\/\/www.internationalmindfulnessconference.com\/wp-content\/uploads\/2023\/10\/contemplative-e1697622091540.png","articleSection":["Five Strands","STRAND 2"],"inLanguage":"fr-BE"},{"@type":"WebPage","@id":"https:\/\/www.internationalmindfulnessconference.com\/2023\/10\/18\/strand-2-contemplative-philosophical-and-spiritual\/","url":"https:\/\/www.internationalmindfulnessconference.com\/2023\/10\/18\/strand-2-contemplative-philosophical-and-spiritual\/","name":"Volet 2 : Contemplatif, philosophique et spirituel - Conf\u00e9rence internationale sur la pleine conscience 2024","isPartOf":{"@id":"https:\/\/www.internationalmindfulnessconference.com\/#website"},"primaryImageOfPage":{"@id":"https:\/\/www.internationalmindfulnessconference.com\/2023\/10\/18\/strand-2-contemplative-philosophical-and-spiritual\/#primaryimage"},"image":{"@id":"https:\/\/www.internationalmindfulnessconference.com\/2023\/10\/18\/strand-2-contemplative-philosophical-and-spiritual\/#primaryimage"},"thumbnailUrl":"https:\/\/www.internationalmindfulnessconference.com\/wp-content\/uploads\/2023\/10\/contemplative-e1697622091540.png","datePublished":"2023-10-18T09:42:32+00:00","dateModified":"2025-06-12T12:45:00+00:00","description":"VIGUEUR 2","breadcrumb":{"@id":"https:\/\/www.internationalmindfulnessconference.com\/2023\/10\/18\/strand-2-contemplative-philosophical-and-spiritual\/#breadcrumb"},"inLanguage":"fr-BE","potentialAction":[{"@type":"ReadAction","target":["https:\/\/www.internationalmindfulnessconference.com\/2023\/10\/18\/strand-2-contemplative-philosophical-and-spiritual\/"]}]},{"@type":"ImageObject","inLanguage":"fr-BE","@id":"https:\/\/www.internationalmindfulnessconference.com\/2023\/10\/18\/strand-2-contemplative-philosophical-and-spiritual\/#primaryimage","url":"https:\/\/www.internationalmindfulnessconference.com\/wp-content\/uploads\/2023\/10\/contemplative-e1697622091540.png","contentUrl":"https:\/\/www.internationalmindfulnessconference.com\/wp-content\/uploads\/2023\/10\/contemplative-e1697622091540.png","width":250,"height":250,"caption":"2. Contemplative. Philosophical and Spiritual"},{"@type":"BreadcrumbList","@id":"https:\/\/www.internationalmindfulnessconference.com\/2023\/10\/18\/strand-2-contemplative-philosophical-and-spiritual\/#breadcrumb","itemListElement":[{"@type":"ListItem","position":1,"name":"Home","item":"https:\/\/www.internationalmindfulnessconference.com\/"},{"@type":"ListItem","position":2,"name":"Strand 2: Contemplative, philosophical, and spiritual"}]},{"@type":"WebSite","@id":"https:\/\/www.internationalmindfulnessconference.com\/#website","url":"https:\/\/www.internationalmindfulnessconference.com\/","name":"Conf\u00e9rence internationale sur la pleine conscience 2024","description":"ICM 2024 : La pleine conscience dans un monde en mutation","publisher":{"@id":"https:\/\/www.internationalmindfulnessconference.com\/#organization"},"alternateName":"ICM 2024","potentialAction":[{"@type":"SearchAction","target":{"@type":"EntryPoint","urlTemplate":"https:\/\/www.internationalmindfulnessconference.com\/?s={search_term_string}"},"query-input":{"@type":"PropertyValueSpecification","valueRequired":true,"valueName":"search_term_string"}}],"inLanguage":"fr-BE"},{"@type":"Organization","@id":"https:\/\/www.internationalmindfulnessconference.com\/#organization","name":"Le r\u00e9seau Mindfulness","alternateName":"Mindfulness Network","url":"https:\/\/www.internationalmindfulnessconference.com\/","logo":{"@type":"ImageObject","inLanguage":"fr-BE","@id":"https:\/\/www.internationalmindfulnessconference.com\/#\/schema\/logo\/image\/","url":"https:\/\/www.internationalmindfulnessconference.com\/wp-content\/uploads\/2023\/01\/MNLogo-300x300-1.jpg","contentUrl":"https:\/\/www.internationalmindfulnessconference.com\/wp-content\/uploads\/2023\/01\/MNLogo-300x300-1.jpg","width":300,"height":300,"caption":"The Mindfulness Network"},"image":{"@id":"https:\/\/www.internationalmindfulnessconference.com\/#\/schema\/logo\/image\/"},"sameAs":["https:\/\/www.facebook.com\/MindfulnessNetworkUK\/","https:\/\/x.com\/MindfulnessN"]},{"@type":"Person","@id":"https:\/\/www.internationalmindfulnessconference.com\/#\/schema\/person\/cfeb3e23341dd4fad358eae1d7744eac","name":"Madeleine Hynes","image":{"@type":"ImageObject","inLanguage":"fr-BE","@id":"https:\/\/www.internationalmindfulnessconference.com\/wp-content\/wphb-cache\/gravatar\/d20\/d204c6c9e5fdaaac6fb784dfcbf0793ex96.jpg","url":"https:\/\/www.internationalmindfulnessconference.com\/wp-content\/wphb-cache\/gravatar\/d20\/d204c6c9e5fdaaac6fb784dfcbf0793ex96.jpg","contentUrl":"https:\/\/www.internationalmindfulnessconference.com\/wp-content\/wphb-cache\/gravatar\/d20\/d204c6c9e5fdaaac6fb784dfcbf0793ex96.jpg","caption":"Madeleine Hynes"},"url":"https:\/\/www.internationalmindfulnessconference.com\/fr\/author\/madeleinemindfulness-network-org\/"}]}},"jetpack_featured_media_url":"https:\/\/www.internationalmindfulnessconference.com\/wp-content\/uploads\/2023\/10\/contemplative-e1697622091540.png","jetpack_sharing_enabled":true,"_links":{"self":[{"href":"https:\/\/www.internationalmindfulnessconference.com\/fr\/wp-json\/wp\/v2\/posts\/3900","targetHints":{"allow":["GET"]}}],"collection":[{"href":"https:\/\/www.internationalmindfulnessconference.com\/fr\/wp-json\/wp\/v2\/posts"}],"about":[{"href":"https:\/\/www.internationalmindfulnessconference.com\/fr\/wp-json\/wp\/v2\/types\/post"}],"author":[{"embeddable":true,"href":"https:\/\/www.internationalmindfulnessconference.com\/fr\/wp-json\/wp\/v2\/users\/3"}],"replies":[{"embeddable":true,"href":"https:\/\/www.internationalmindfulnessconference.com\/fr\/wp-json\/wp\/v2\/comments?post=3900"}],"version-history":[{"count":0,"href":"https:\/\/www.internationalmindfulnessconference.com\/fr\/wp-json\/wp\/v2\/posts\/3900\/revisions"}],"wp:featuredmedia":[{"embeddable":true,"href":"https:\/\/www.internationalmindfulnessconference.com\/fr\/wp-json\/wp\/v2\/media\/3788"}],"wp:attachment":[{"href":"https:\/\/www.internationalmindfulnessconference.com\/fr\/wp-json\/wp\/v2\/media?parent=3900"}],"wp:term":[{"taxonomy":"category","embeddable":true,"href":"https:\/\/www.internationalmindfulnessconference.com\/fr\/wp-json\/wp\/v2\/categories?post=3900"},{"taxonomy":"post_tag","embeddable":true,"href":"https:\/\/www.internationalmindfulnessconference.com\/fr\/wp-json\/wp\/v2\/tags?post=3900"}],"curies":[{"name":"wp","href":"https:\/\/api.w.org\/{rel}","templated":true}]}}