{"id":53701,"date":"2024-06-19T13:13:39","date_gmt":"2024-06-19T13:13:39","guid":{"rendered":"https:\/\/www.internationalmindfulnessconference.com\/?p=53701"},"modified":"2024-06-27T13:28:14","modified_gmt":"2024-06-27T13:28:14","slug":"programme-complet-confirme","status":"publish","type":"post","link":"https:\/\/www.internationalmindfulnessconference.com\/fr\/2024\/06\/19\/programme-complet-confirme\/","title":{"rendered":"PROGRAMME COMPLET CONFIRM\u00c9 !"},"content":{"rendered":"<p>Nous sommes ravis d'annoncer le programme complet de la conf\u00e9rence qui se tiendra pendant cinq jours \u00e0 Bangor, au Royaume-Uni. L'ordre du jour est charg\u00e9 et comprend 40 sessions individuelles, allant des discours d'ouverture et des d\u00e9bats d'experts aux ateliers interactifs et aux pratiques guid\u00e9es. L'\u00e9v\u00e9nement pr\u00e9sentera 100 pr\u00e9sentations de recherche dans cinq domaines diff\u00e9rents. Les participants ont la possibilit\u00e9 de choisir parmi sept billets diff\u00e9rents, ce qui fait de cet \u00e9v\u00e9nement l'un des ICM les plus accessibles \u00e0 ce jour. Nous souhaitons cr\u00e9er une atmosph\u00e8re accueillante pour tous, que vous participiez en personne ou en ligne.<\/p>\n\n\n\n<p>La conf\u00e9rence r\u00e9unira plus de 55 intervenants incroyables, chacun partageant son expertise et ses id\u00e9es dans le domaine de la pleine conscience. L'\u00e9tendue et la profondeur des sessions ont offert une opportunit\u00e9 unique d'apprentissage, de r\u00e9seautage et d'inspiration.<\/p>\n\n\n\n<p>Pour un aper\u00e7u d\u00e9taill\u00e9 de l'ensemble du programme, n'h\u00e9sitez pas \u00e0 explorer les sessions <a href=\"#\">ici<\/a>.<\/p>\n\n\n\n<p>C'est un \u00e9v\u00e9nement \u00e0 ne pas manquer !<\/p>\n\n\n\n<div class=\"wp-block-buttons is-layout-flex wp-block-buttons-is-layout-flex\">\n<div class=\"wp-block-button\"><a class=\"wp-block-button__link wp-element-button\" href=\"https:\/\/www.internationalmindfulnessconference.com\/fr\/programme\/\">Voir le programme<\/a><\/div>\n<\/div>\n\n\n\n<p><\/p>","protected":false},"excerpt":{"rendered":"<p>We are thrilled to announce the full conference programme to be held over five days in Bangor, UK. With a packed agenda featuring 40 individual sessions, ranging from keynotes and panel discussions to interactive workshops and guided practices. The event will showcase 100 research presentations across five diverse strands. Attendees have the option to choose [&hellip;]<\/p>\n","protected":false},"author":4,"featured_media":2677,"comment_status":"closed","ping_status":"closed","sticky":false,"template":"","format":"standard","meta":{"_view_id":"","site-sidebar-layout":"default","site-content-layout":"","ast-site-content-layout":"default","site-content-style":"default","site-sidebar-style":"default","ast-global-header-display":"","ast-banner-title-visibility":"","ast-main-header-display":"","ast-hfb-above-header-display":"","ast-hfb-below-header-display":"","ast-hfb-mobile-header-display":"","site-post-title":"","ast-breadcrumbs-content":"","ast-featured-img":"","footer-sml-layout":"","ast-disable-related-posts":"","theme-transparent-header-meta":"","adv-header-id-meta":"","stick-header-meta":"","header-above-stick-meta":"","header-main-stick-meta":"","header-below-stick-meta":"","astra-migrate-meta-layouts":"set","ast-page-background-enabled":"default","ast-page-background-meta":{"desktop":{"background-color":"","background-image":"","background-repeat":"repeat","background-position":"center center","background-size":"auto","background-attachment":"scroll","background-type":"","background-media":"","overlay-type":"","overlay-color":"","overlay-opacity":"","overlay-gradient":""},"tablet":{"background-color":"","background-image":"","background-repeat":"repeat","background-position":"center center","background-size":"auto","background-attachment":"scroll","background-type":"","background-media":"","overlay-type":"","overlay-color":"","overlay-opacity":"","overlay-gradient":""},"mobile":{"background-color":"","background-image":"","background-repeat":"repeat","background-position":"center center","background-size":"auto","background-attachment":"scroll","background-type":"","background-media":"","overlay-type":"","overlay-color":"","overlay-opacity":"","overlay-gradient":""}},"ast-content-background-meta":{"desktop":{"background-color":"var(--ast-global-color-5)","background-image":"","background-repeat":"repeat","background-position":"center center","background-size":"auto","background-attachment":"scroll","background-type":"","background-media":"","overlay-type":"","overlay-color":"","overlay-opacity":"","overlay-gradient":""},"tablet":{"background-color":"var(--ast-global-color-5)","background-image":"","background-repeat":"repeat","background-position":"center center","background-size":"auto","background-attachment":"scroll","background-type":"","background-media":"","overlay-type":"","overlay-color":"","overlay-opacity":"","overlay-gradient":""},"mobile":{"background-color":"var(--ast-global-color-5)","background-image":"","background-repeat":"repeat","background-position":"center center","background-size":"auto","background-attachment":"scroll","background-type":"","background-media":"","overlay-type":"","overlay-color":"","overlay-opacity":"","overlay-gradient":""}},"_jetpack_memberships_contains_paid_content":false,"wds_primary_category":105,"footnotes":""},"categories":[105],"tags":[],"class_list":["post-53701","post","type-post","status-publish","format-standard","has-post-thumbnail","hentry","category-news"],"yoast_head":"<!-- This site is optimized with the Yoast SEO plugin v27.5 - https:\/\/yoast.com\/product\/yoast-seo-wordpress\/ -->\n<title>FULL PROGRAMME CONFIRMED! - International Conference on Mindfulness 2024<\/title>\n<meta name=\"description\" content=\"News\" \/>\n<meta name=\"robots\" content=\"index, follow, max-snippet:-1, max-image-preview:large, max-video-preview:-1\" \/>\n<link rel=\"canonical\" href=\"https:\/\/www.internationalmindfulnessconference.com\/fr\/2024\/06\/19\/programme-complet-confirme\/\" \/>\n<meta property=\"og:locale\" content=\"fr_FR\" \/>\n<meta property=\"og:type\" content=\"article\" \/>\n<meta property=\"og:title\" content=\"FULL PROGRAMME CONFIRMED! - International Conference on Mindfulness 2024\" \/>\n<meta property=\"og:description\" content=\"News\" \/>\n<meta property=\"og:url\" content=\"https:\/\/www.internationalmindfulnessconference.com\/fr\/2024\/06\/19\/programme-complet-confirme\/\" \/>\n<meta property=\"og:site_name\" content=\"International Conference on Mindfulness 2024\" \/>\n<meta property=\"article:publisher\" content=\"https:\/\/www.facebook.com\/MindfulnessNetworkUK\/\" \/>\n<meta property=\"article:published_time\" content=\"2024-06-19T13:13:39+00:00\" \/>\n<meta property=\"article:modified_time\" content=\"2024-06-27T13:28:14+00:00\" \/>\n<meta property=\"og:image\" content=\"https:\/\/www.internationalmindfulnessconference.com\/wp-content\/uploads\/2023\/01\/marc-schulte-a2g3LM0cGFg-unsplash-scaled-e1696864327404.jpg\" \/>\n\t<meta property=\"og:image:width\" content=\"2176\" \/>\n\t<meta property=\"og:image:height\" content=\"1280\" \/>\n\t<meta property=\"og:image:type\" content=\"image\/jpeg\" \/>\n<meta name=\"author\" content=\"Joelle\" \/>\n<meta name=\"twitter:card\" content=\"summary_large_image\" \/>\n<meta name=\"twitter:creator\" content=\"@MindfulnessN\" \/>\n<meta name=\"twitter:site\" content=\"@MindfulnessN\" \/>\n<meta name=\"twitter:label1\" content=\"\u00c9crit par\" \/>\n\t<meta name=\"twitter:data1\" content=\"Joelle\" \/>\n\t<meta name=\"twitter:label2\" content=\"Dur\u00e9e de lecture est.\" \/>\n\t<meta name=\"twitter:data2\" content=\"1 minute\" \/>\n<script type=\"application\/ld+json\" class=\"yoast-schema-graph\">{\"@context\":\"https:\\\/\\\/schema.org\",\"@graph\":[{\"@type\":\"Article\",\"@id\":\"https:\\\/\\\/www.internationalmindfulnessconference.com\\\/2024\\\/06\\\/19\\\/full-programme-confirmed\\\/#article\",\"isPartOf\":{\"@id\":\"https:\\\/\\\/www.internationalmindfulnessconference.com\\\/2024\\\/06\\\/19\\\/full-programme-confirmed\\\/\"},\"author\":{\"name\":\"Joelle\",\"@id\":\"https:\\\/\\\/www.internationalmindfulnessconference.com\\\/#\\\/schema\\\/person\\\/8c7c27f8bbd1139766ae25513970a4af\"},\"headline\":\"FULL PROGRAMME CONFIRMED!\",\"datePublished\":\"2024-06-19T13:13:39+00:00\",\"dateModified\":\"2024-06-27T13:28:14+00:00\",\"mainEntityOfPage\":{\"@id\":\"https:\\\/\\\/www.internationalmindfulnessconference.com\\\/2024\\\/06\\\/19\\\/full-programme-confirmed\\\/\"},\"wordCount\":148,\"publisher\":{\"@id\":\"https:\\\/\\\/www.internationalmindfulnessconference.com\\\/#organization\"},\"image\":{\"@id\":\"https:\\\/\\\/www.internationalmindfulnessconference.com\\\/2024\\\/06\\\/19\\\/full-programme-confirmed\\\/#primaryimage\"},\"thumbnailUrl\":\"https:\\\/\\\/www.internationalmindfulnessconference.com\\\/wp-content\\\/uploads\\\/2023\\\/01\\\/marc-schulte-a2g3LM0cGFg-unsplash-scaled-e1696864327404.jpg\",\"articleSection\":[\"News\"],\"inLanguage\":\"fr-BE\"},{\"@type\":\"WebPage\",\"@id\":\"https:\\\/\\\/www.internationalmindfulnessconference.com\\\/2024\\\/06\\\/19\\\/full-programme-confirmed\\\/\",\"url\":\"https:\\\/\\\/www.internationalmindfulnessconference.com\\\/2024\\\/06\\\/19\\\/full-programme-confirmed\\\/\",\"name\":\"FULL PROGRAMME CONFIRMED! - International Conference on Mindfulness 2024\",\"isPartOf\":{\"@id\":\"https:\\\/\\\/www.internationalmindfulnessconference.com\\\/#website\"},\"primaryImageOfPage\":{\"@id\":\"https:\\\/\\\/www.internationalmindfulnessconference.com\\\/2024\\\/06\\\/19\\\/full-programme-confirmed\\\/#primaryimage\"},\"image\":{\"@id\":\"https:\\\/\\\/www.internationalmindfulnessconference.com\\\/2024\\\/06\\\/19\\\/full-programme-confirmed\\\/#primaryimage\"},\"thumbnailUrl\":\"https:\\\/\\\/www.internationalmindfulnessconference.com\\\/wp-content\\\/uploads\\\/2023\\\/01\\\/marc-schulte-a2g3LM0cGFg-unsplash-scaled-e1696864327404.jpg\",\"datePublished\":\"2024-06-19T13:13:39+00:00\",\"dateModified\":\"2024-06-27T13:28:14+00:00\",\"description\":\"News\",\"breadcrumb\":{\"@id\":\"https:\\\/\\\/www.internationalmindfulnessconference.com\\\/2024\\\/06\\\/19\\\/full-programme-confirmed\\\/#breadcrumb\"},\"inLanguage\":\"fr-BE\",\"potentialAction\":[{\"@type\":\"ReadAction\",\"target\":[\"https:\\\/\\\/www.internationalmindfulnessconference.com\\\/2024\\\/06\\\/19\\\/full-programme-confirmed\\\/\"]}]},{\"@type\":\"ImageObject\",\"inLanguage\":\"fr-BE\",\"@id\":\"https:\\\/\\\/www.internationalmindfulnessconference.com\\\/2024\\\/06\\\/19\\\/full-programme-confirmed\\\/#primaryimage\",\"url\":\"https:\\\/\\\/www.internationalmindfulnessconference.com\\\/wp-content\\\/uploads\\\/2023\\\/01\\\/marc-schulte-a2g3LM0cGFg-unsplash-scaled-e1696864327404.jpg\",\"contentUrl\":\"https:\\\/\\\/www.internationalmindfulnessconference.com\\\/wp-content\\\/uploads\\\/2023\\\/01\\\/marc-schulte-a2g3LM0cGFg-unsplash-scaled-e1696864327404.jpg\",\"width\":2176,\"height\":1280,\"caption\":\"Programme\"},{\"@type\":\"BreadcrumbList\",\"@id\":\"https:\\\/\\\/www.internationalmindfulnessconference.com\\\/2024\\\/06\\\/19\\\/full-programme-confirmed\\\/#breadcrumb\",\"itemListElement\":[{\"@type\":\"ListItem\",\"position\":1,\"name\":\"Home\",\"item\":\"https:\\\/\\\/www.internationalmindfulnessconference.com\\\/\"},{\"@type\":\"ListItem\",\"position\":2,\"name\":\"FULL PROGRAMME CONFIRMED!\"}]},{\"@type\":\"WebSite\",\"@id\":\"https:\\\/\\\/www.internationalmindfulnessconference.com\\\/#website\",\"url\":\"https:\\\/\\\/www.internationalmindfulnessconference.com\\\/\",\"name\":\"International Conference on Mindfulness 2024\",\"description\":\"ICM 2024: Mindfulness in a Changing World\",\"publisher\":{\"@id\":\"https:\\\/\\\/www.internationalmindfulnessconference.com\\\/#organization\"},\"alternateName\":\"ICM 2024\",\"potentialAction\":[{\"@type\":\"SearchAction\",\"target\":{\"@type\":\"EntryPoint\",\"urlTemplate\":\"https:\\\/\\\/www.internationalmindfulnessconference.com\\\/?s={search_term_string}\"},\"query-input\":{\"@type\":\"PropertyValueSpecification\",\"valueRequired\":true,\"valueName\":\"search_term_string\"}}],\"inLanguage\":\"fr-BE\"},{\"@type\":\"Organization\",\"@id\":\"https:\\\/\\\/www.internationalmindfulnessconference.com\\\/#organization\",\"name\":\"The Mindfulness Network\",\"alternateName\":\"Mindfulness Network\",\"url\":\"https:\\\/\\\/www.internationalmindfulnessconference.com\\\/\",\"logo\":{\"@type\":\"ImageObject\",\"inLanguage\":\"fr-BE\",\"@id\":\"https:\\\/\\\/www.internationalmindfulnessconference.com\\\/#\\\/schema\\\/logo\\\/image\\\/\",\"url\":\"https:\\\/\\\/www.internationalmindfulnessconference.com\\\/wp-content\\\/uploads\\\/2023\\\/01\\\/MNLogo-300x300-1.jpg\",\"contentUrl\":\"https:\\\/\\\/www.internationalmindfulnessconference.com\\\/wp-content\\\/uploads\\\/2023\\\/01\\\/MNLogo-300x300-1.jpg\",\"width\":300,\"height\":300,\"caption\":\"The Mindfulness Network\"},\"image\":{\"@id\":\"https:\\\/\\\/www.internationalmindfulnessconference.com\\\/#\\\/schema\\\/logo\\\/image\\\/\"},\"sameAs\":[\"https:\\\/\\\/www.facebook.com\\\/MindfulnessNetworkUK\\\/\",\"https:\\\/\\\/x.com\\\/MindfulnessN\"]},{\"@type\":\"Person\",\"@id\":\"https:\\\/\\\/www.internationalmindfulnessconference.com\\\/#\\\/schema\\\/person\\\/8c7c27f8bbd1139766ae25513970a4af\",\"name\":\"Joelle\",\"image\":{\"@type\":\"ImageObject\",\"inLanguage\":\"fr-BE\",\"@id\":\"https:\\\/\\\/www.internationalmindfulnessconference.com\\\/wp-content\\\/wphb-cache\\\/gravatar\\\/732\\\/732517fb250b638fc69f7bdc6e0c5120x96.jpg\",\"url\":\"https:\\\/\\\/www.internationalmindfulnessconference.com\\\/wp-content\\\/wphb-cache\\\/gravatar\\\/732\\\/732517fb250b638fc69f7bdc6e0c5120x96.jpg\",\"contentUrl\":\"https:\\\/\\\/www.internationalmindfulnessconference.com\\\/wp-content\\\/wphb-cache\\\/gravatar\\\/732\\\/732517fb250b638fc69f7bdc6e0c5120x96.jpg\",\"caption\":\"Joelle\"},\"url\":\"https:\\\/\\\/www.internationalmindfulnessconference.com\\\/fr\\\/author\\\/joellemindfulness-network-org\\\/\"}]}<\/script>\n<!-- \/ Yoast SEO plugin. -->","yoast_head_json":{"title":"PROGRAMME COMPLET CONFIRM\u00c9 ! - Conf\u00e9rence internationale sur la pleine conscience 2024","description":"Actualit\u00e9s","robots":{"index":"index","follow":"follow","max-snippet":"max-snippet:-1","max-image-preview":"max-image-preview:large","max-video-preview":"max-video-preview:-1"},"canonical":"https:\/\/www.internationalmindfulnessconference.com\/fr\/2024\/06\/19\/programme-complet-confirme\/","og_locale":"fr_FR","og_type":"article","og_title":"FULL PROGRAMME CONFIRMED! - International Conference on Mindfulness 2024","og_description":"News","og_url":"https:\/\/www.internationalmindfulnessconference.com\/fr\/2024\/06\/19\/programme-complet-confirme\/","og_site_name":"International Conference on Mindfulness 2024","article_publisher":"https:\/\/www.facebook.com\/MindfulnessNetworkUK\/","article_published_time":"2024-06-19T13:13:39+00:00","article_modified_time":"2024-06-27T13:28:14+00:00","og_image":[{"width":2176,"height":1280,"url":"https:\/\/www.internationalmindfulnessconference.com\/wp-content\/uploads\/2023\/01\/marc-schulte-a2g3LM0cGFg-unsplash-scaled-e1696864327404.jpg","type":"image\/jpeg"}],"author":"Joelle","twitter_card":"summary_large_image","twitter_creator":"@MindfulnessN","twitter_site":"@MindfulnessN","twitter_misc":{"\u00c9crit par":"Joelle","Dur\u00e9e de lecture est.":"1 minute"},"schema":{"@context":"https:\/\/schema.org","@graph":[{"@type":"Article","@id":"https:\/\/www.internationalmindfulnessconference.com\/2024\/06\/19\/full-programme-confirmed\/#article","isPartOf":{"@id":"https:\/\/www.internationalmindfulnessconference.com\/2024\/06\/19\/full-programme-confirmed\/"},"author":{"name":"Joelle","@id":"https:\/\/www.internationalmindfulnessconference.com\/#\/schema\/person\/8c7c27f8bbd1139766ae25513970a4af"},"headline":"FULL PROGRAMME CONFIRMED!","datePublished":"2024-06-19T13:13:39+00:00","dateModified":"2024-06-27T13:28:14+00:00","mainEntityOfPage":{"@id":"https:\/\/www.internationalmindfulnessconference.com\/2024\/06\/19\/full-programme-confirmed\/"},"wordCount":148,"publisher":{"@id":"https:\/\/www.internationalmindfulnessconference.com\/#organization"},"image":{"@id":"https:\/\/www.internationalmindfulnessconference.com\/2024\/06\/19\/full-programme-confirmed\/#primaryimage"},"thumbnailUrl":"https:\/\/www.internationalmindfulnessconference.com\/wp-content\/uploads\/2023\/01\/marc-schulte-a2g3LM0cGFg-unsplash-scaled-e1696864327404.jpg","articleSection":["News"],"inLanguage":"fr-BE"},{"@type":"WebPage","@id":"https:\/\/www.internationalmindfulnessconference.com\/2024\/06\/19\/full-programme-confirmed\/","url":"https:\/\/www.internationalmindfulnessconference.com\/2024\/06\/19\/full-programme-confirmed\/","name":"PROGRAMME COMPLET CONFIRM\u00c9 ! - Conf\u00e9rence internationale sur la pleine conscience 2024","isPartOf":{"@id":"https:\/\/www.internationalmindfulnessconference.com\/#website"},"primaryImageOfPage":{"@id":"https:\/\/www.internationalmindfulnessconference.com\/2024\/06\/19\/full-programme-confirmed\/#primaryimage"},"image":{"@id":"https:\/\/www.internationalmindfulnessconference.com\/2024\/06\/19\/full-programme-confirmed\/#primaryimage"},"thumbnailUrl":"https:\/\/www.internationalmindfulnessconference.com\/wp-content\/uploads\/2023\/01\/marc-schulte-a2g3LM0cGFg-unsplash-scaled-e1696864327404.jpg","datePublished":"2024-06-19T13:13:39+00:00","dateModified":"2024-06-27T13:28:14+00:00","description":"Actualit\u00e9s","breadcrumb":{"@id":"https:\/\/www.internationalmindfulnessconference.com\/2024\/06\/19\/full-programme-confirmed\/#breadcrumb"},"inLanguage":"fr-BE","potentialAction":[{"@type":"ReadAction","target":["https:\/\/www.internationalmindfulnessconference.com\/2024\/06\/19\/full-programme-confirmed\/"]}]},{"@type":"ImageObject","inLanguage":"fr-BE","@id":"https:\/\/www.internationalmindfulnessconference.com\/2024\/06\/19\/full-programme-confirmed\/#primaryimage","url":"https:\/\/www.internationalmindfulnessconference.com\/wp-content\/uploads\/2023\/01\/marc-schulte-a2g3LM0cGFg-unsplash-scaled-e1696864327404.jpg","contentUrl":"https:\/\/www.internationalmindfulnessconference.com\/wp-content\/uploads\/2023\/01\/marc-schulte-a2g3LM0cGFg-unsplash-scaled-e1696864327404.jpg","width":2176,"height":1280,"caption":"Programme"},{"@type":"BreadcrumbList","@id":"https:\/\/www.internationalmindfulnessconference.com\/2024\/06\/19\/full-programme-confirmed\/#breadcrumb","itemListElement":[{"@type":"ListItem","position":1,"name":"Home","item":"https:\/\/www.internationalmindfulnessconference.com\/"},{"@type":"ListItem","position":2,"name":"FULL PROGRAMME CONFIRMED!"}]},{"@type":"WebSite","@id":"https:\/\/www.internationalmindfulnessconference.com\/#website","url":"https:\/\/www.internationalmindfulnessconference.com\/","name":"Conf\u00e9rence internationale sur la pleine conscience 2024","description":"ICM 2024 : La pleine conscience dans un monde en mutation","publisher":{"@id":"https:\/\/www.internationalmindfulnessconference.com\/#organization"},"alternateName":"ICM 2024","potentialAction":[{"@type":"SearchAction","target":{"@type":"EntryPoint","urlTemplate":"https:\/\/www.internationalmindfulnessconference.com\/?s={search_term_string}"},"query-input":{"@type":"PropertyValueSpecification","valueRequired":true,"valueName":"search_term_string"}}],"inLanguage":"fr-BE"},{"@type":"Organization","@id":"https:\/\/www.internationalmindfulnessconference.com\/#organization","name":"Le r\u00e9seau Mindfulness","alternateName":"Mindfulness Network","url":"https:\/\/www.internationalmindfulnessconference.com\/","logo":{"@type":"ImageObject","inLanguage":"fr-BE","@id":"https:\/\/www.internationalmindfulnessconference.com\/#\/schema\/logo\/image\/","url":"https:\/\/www.internationalmindfulnessconference.com\/wp-content\/uploads\/2023\/01\/MNLogo-300x300-1.jpg","contentUrl":"https:\/\/www.internationalmindfulnessconference.com\/wp-content\/uploads\/2023\/01\/MNLogo-300x300-1.jpg","width":300,"height":300,"caption":"The Mindfulness Network"},"image":{"@id":"https:\/\/www.internationalmindfulnessconference.com\/#\/schema\/logo\/image\/"},"sameAs":["https:\/\/www.facebook.com\/MindfulnessNetworkUK\/","https:\/\/x.com\/MindfulnessN"]},{"@type":"Person","@id":"https:\/\/www.internationalmindfulnessconference.com\/#\/schema\/person\/8c7c27f8bbd1139766ae25513970a4af","name":"Joelle","image":{"@type":"ImageObject","inLanguage":"fr-BE","@id":"https:\/\/www.internationalmindfulnessconference.com\/wp-content\/wphb-cache\/gravatar\/732\/732517fb250b638fc69f7bdc6e0c5120x96.jpg","url":"https:\/\/www.internationalmindfulnessconference.com\/wp-content\/wphb-cache\/gravatar\/732\/732517fb250b638fc69f7bdc6e0c5120x96.jpg","contentUrl":"https:\/\/www.internationalmindfulnessconference.com\/wp-content\/wphb-cache\/gravatar\/732\/732517fb250b638fc69f7bdc6e0c5120x96.jpg","caption":"Joelle"},"url":"https:\/\/www.internationalmindfulnessconference.com\/fr\/author\/joellemindfulness-network-org\/"}]}},"jetpack_featured_media_url":"https:\/\/www.internationalmindfulnessconference.com\/wp-content\/uploads\/2023\/01\/marc-schulte-a2g3LM0cGFg-unsplash-scaled-e1696864327404.jpg","jetpack_sharing_enabled":true,"_links":{"self":[{"href":"https:\/\/www.internationalmindfulnessconference.com\/fr\/wp-json\/wp\/v2\/posts\/53701","targetHints":{"allow":["GET"]}}],"collection":[{"href":"https:\/\/www.internationalmindfulnessconference.com\/fr\/wp-json\/wp\/v2\/posts"}],"about":[{"href":"https:\/\/www.internationalmindfulnessconference.com\/fr\/wp-json\/wp\/v2\/types\/post"}],"author":[{"embeddable":true,"href":"https:\/\/www.internationalmindfulnessconference.com\/fr\/wp-json\/wp\/v2\/users\/4"}],"replies":[{"embeddable":true,"href":"https:\/\/www.internationalmindfulnessconference.com\/fr\/wp-json\/wp\/v2\/comments?post=53701"}],"version-history":[{"count":0,"href":"https:\/\/www.internationalmindfulnessconference.com\/fr\/wp-json\/wp\/v2\/posts\/53701\/revisions"}],"wp:featuredmedia":[{"embeddable":true,"href":"https:\/\/www.internationalmindfulnessconference.com\/fr\/wp-json\/wp\/v2\/media\/2677"}],"wp:attachment":[{"href":"https:\/\/www.internationalmindfulnessconference.com\/fr\/wp-json\/wp\/v2\/media?parent=53701"}],"wp:term":[{"taxonomy":"category","embeddable":true,"href":"https:\/\/www.internationalmindfulnessconference.com\/fr\/wp-json\/wp\/v2\/categories?post=53701"},{"taxonomy":"post_tag","embeddable":true,"href":"https:\/\/www.internationalmindfulnessconference.com\/fr\/wp-json\/wp\/v2\/tags?post=53701"}],"curies":[{"name":"wp","href":"https:\/\/api.w.org\/{rel}","templated":true}]}}