{"id":53704,"date":"2024-06-05T13:29:11","date_gmt":"2024-06-05T13:29:11","guid":{"rendered":"https:\/\/www.internationalmindfulnessconference.com\/?p=53704"},"modified":"2024-06-27T13:40:53","modified_gmt":"2024-06-27T13:40:53","slug":"rencontrer-les-orateurs-de-la-conference","status":"publish","type":"post","link":"https:\/\/www.internationalmindfulnessconference.com\/fr\/2024\/06\/05\/rencontrer-les-orateurs-de-la-conference\/","title":{"rendered":"Rencontrer les orateurs de la CONF\u00c9RENCE"},"content":{"rendered":"<p>Nous sommes ravis de vous pr\u00e9senter les 55 orateurs incroyables qui participeront \u00e0 la prochaine conf\u00e9rence internationale sur la pleine conscience, qui se tiendra \u00e0 Bangor, au Royaume-Uni, du 2 au 6 ao\u00fbt. Pendant cinq jours, ces leaders d'opinion partageront leurs connaissances et leurs id\u00e9es au cours de 40 sessions captivantes, couvrant un large \u00e9ventail de sujets de recherche et d'id\u00e9es sur la pleine conscience.<\/p>\n\n\n\n<p>Nos intervenants viennent d'horizons divers, repr\u00e9sentant le monde universitaire, les d\u00e9cideurs politiques, les contemplatifs et divers domaines de recherche. Leurs pr\u00e9sentations s'articuleront autour de cinq axes principaux, ce qui permettra \u00e0 chacun d'y trouver son compte. De la recherche r\u00e9volutionnaire aux applications pratiques de la pleine conscience, chaque orateur apporte un point de vue unique.<\/p>\n\n\n\n<p>Nous vous invitons \u00e0 d\u00e9couvrir la liste compl\u00e8te des intervenants <a href=\"https:\/\/www.internationalmindfulnessconference.com\/fr\/intervenants\/\">ici<\/a>.<\/p>\n\n\n\n<p>Nous attendons avec impatience de voir quelles collaborations et innovations futures na\u00eetront de ce rassemblement !<\/p>\n\n\n\n<div class=\"wp-block-buttons is-layout-flex wp-block-buttons-is-layout-flex\">\n<div class=\"wp-block-button\"><a class=\"wp-block-button__link wp-element-button\" href=\"https:\/\/www.internationalmindfulnessconference.com\/fr\/intervenants\/\">Voir tous les intervenants<\/a><\/div>\n<\/div>","protected":false},"excerpt":{"rendered":"<p>We are excited to introduce the 55 incredible speakers who will feature in the upcoming International Conference on Mindfulness in Bangor, UK, 2-6 August. Over five days, these thought leaders will share their knowledge and insights across 40 engaging sessions, covering a wide range of research topics and mindfulness insight. Our speakers come from diverse [&hellip;]<\/p>\n","protected":false},"author":4,"featured_media":4024,"comment_status":"closed","ping_status":"closed","sticky":false,"template":"","format":"standard","meta":{"_view_id":"","site-sidebar-layout":"default","site-content-layout":"","ast-site-content-layout":"default","site-content-style":"default","site-sidebar-style":"default","ast-global-header-display":"","ast-banner-title-visibility":"","ast-main-header-display":"","ast-hfb-above-header-display":"","ast-hfb-below-header-display":"","ast-hfb-mobile-header-display":"","site-post-title":"","ast-breadcrumbs-content":"","ast-featured-img":"","footer-sml-layout":"","ast-disable-related-posts":"","theme-transparent-header-meta":"","adv-header-id-meta":"","stick-header-meta":"","header-above-stick-meta":"","header-main-stick-meta":"","header-below-stick-meta":"","astra-migrate-meta-layouts":"set","ast-page-background-enabled":"default","ast-page-background-meta":{"desktop":{"background-color":"","background-image":"","background-repeat":"repeat","background-position":"center center","background-size":"auto","background-attachment":"scroll","background-type":"","background-media":"","overlay-type":"","overlay-color":"","overlay-opacity":"","overlay-gradient":""},"tablet":{"background-color":"","background-image":"","background-repeat":"repeat","background-position":"center center","background-size":"auto","background-attachment":"scroll","background-type":"","background-media":"","overlay-type":"","overlay-color":"","overlay-opacity":"","overlay-gradient":""},"mobile":{"background-color":"","background-image":"","background-repeat":"repeat","background-position":"center center","background-size":"auto","background-attachment":"scroll","background-type":"","background-media":"","overlay-type":"","overlay-color":"","overlay-opacity":"","overlay-gradient":""}},"ast-content-background-meta":{"desktop":{"background-color":"var(--ast-global-color-5)","background-image":"","background-repeat":"repeat","background-position":"center center","background-size":"auto","background-attachment":"scroll","background-type":"","background-media":"","overlay-type":"","overlay-color":"","overlay-opacity":"","overlay-gradient":""},"tablet":{"background-color":"var(--ast-global-color-5)","background-image":"","background-repeat":"repeat","background-position":"center center","background-size":"auto","background-attachment":"scroll","background-type":"","background-media":"","overlay-type":"","overlay-color":"","overlay-opacity":"","overlay-gradient":""},"mobile":{"background-color":"var(--ast-global-color-5)","background-image":"","background-repeat":"repeat","background-position":"center center","background-size":"auto","background-attachment":"scroll","background-type":"","background-media":"","overlay-type":"","overlay-color":"","overlay-opacity":"","overlay-gradient":""}},"_jetpack_memberships_contains_paid_content":false,"wds_primary_category":105,"footnotes":""},"categories":[105],"tags":[],"class_list":["post-53704","post","type-post","status-publish","format-standard","has-post-thumbnail","hentry","category-news"],"yoast_head":"<!-- This site is optimized with the Yoast SEO plugin v27.5 - https:\/\/yoast.com\/product\/yoast-seo-wordpress\/ -->\n<title>Meet the CONFERENCE Speakers - International Conference on Mindfulness 2024<\/title>\n<meta name=\"description\" content=\"News\" \/>\n<meta name=\"robots\" content=\"index, follow, max-snippet:-1, max-image-preview:large, max-video-preview:-1\" \/>\n<link rel=\"canonical\" href=\"https:\/\/www.internationalmindfulnessconference.com\/fr\/2024\/06\/05\/rencontrer-les-orateurs-de-la-conference\/\" \/>\n<meta property=\"og:locale\" content=\"fr_FR\" \/>\n<meta property=\"og:type\" content=\"article\" \/>\n<meta property=\"og:title\" content=\"Meet the CONFERENCE Speakers - International Conference on Mindfulness 2024\" \/>\n<meta property=\"og:description\" content=\"News\" \/>\n<meta property=\"og:url\" content=\"https:\/\/www.internationalmindfulnessconference.com\/fr\/2024\/06\/05\/rencontrer-les-orateurs-de-la-conference\/\" \/>\n<meta property=\"og:site_name\" content=\"International Conference on Mindfulness 2024\" \/>\n<meta property=\"article:publisher\" content=\"https:\/\/www.facebook.com\/MindfulnessNetworkUK\/\" \/>\n<meta property=\"article:published_time\" content=\"2024-06-05T13:29:11+00:00\" \/>\n<meta property=\"article:modified_time\" content=\"2024-06-27T13:40:53+00:00\" \/>\n<meta property=\"og:image\" content=\"https:\/\/www.internationalmindfulnessconference.com\/wp-content\/uploads\/2023\/10\/Speakers.jpg\" \/>\n\t<meta property=\"og:image:width\" content=\"4000\" \/>\n\t<meta property=\"og:image:height\" content=\"2988\" \/>\n\t<meta property=\"og:image:type\" content=\"image\/jpeg\" \/>\n<meta name=\"author\" content=\"Joelle\" \/>\n<meta name=\"twitter:card\" content=\"summary_large_image\" \/>\n<meta name=\"twitter:creator\" content=\"@MindfulnessN\" \/>\n<meta name=\"twitter:site\" content=\"@MindfulnessN\" \/>\n<meta name=\"twitter:label1\" content=\"\u00c9crit par\" \/>\n\t<meta name=\"twitter:data1\" content=\"Joelle\" \/>\n\t<meta name=\"twitter:label2\" content=\"Dur\u00e9e de lecture est.\" \/>\n\t<meta name=\"twitter:data2\" content=\"1 minute\" \/>\n<script type=\"application\/ld+json\" class=\"yoast-schema-graph\">{\"@context\":\"https:\\\/\\\/schema.org\",\"@graph\":[{\"@type\":\"Article\",\"@id\":\"https:\\\/\\\/www.internationalmindfulnessconference.com\\\/2024\\\/06\\\/05\\\/meet-the-conference-speakers\\\/#article\",\"isPartOf\":{\"@id\":\"https:\\\/\\\/www.internationalmindfulnessconference.com\\\/2024\\\/06\\\/05\\\/meet-the-conference-speakers\\\/\"},\"author\":{\"name\":\"Joelle\",\"@id\":\"https:\\\/\\\/www.internationalmindfulnessconference.com\\\/#\\\/schema\\\/person\\\/8c7c27f8bbd1139766ae25513970a4af\"},\"headline\":\"Meet the CONFERENCE Speakers\",\"datePublished\":\"2024-06-05T13:29:11+00:00\",\"dateModified\":\"2024-06-27T13:40:53+00:00\",\"mainEntityOfPage\":{\"@id\":\"https:\\\/\\\/www.internationalmindfulnessconference.com\\\/2024\\\/06\\\/05\\\/meet-the-conference-speakers\\\/\"},\"wordCount\":129,\"publisher\":{\"@id\":\"https:\\\/\\\/www.internationalmindfulnessconference.com\\\/#organization\"},\"image\":{\"@id\":\"https:\\\/\\\/www.internationalmindfulnessconference.com\\\/2024\\\/06\\\/05\\\/meet-the-conference-speakers\\\/#primaryimage\"},\"thumbnailUrl\":\"https:\\\/\\\/www.internationalmindfulnessconference.com\\\/wp-content\\\/uploads\\\/2023\\\/10\\\/Speakers.jpg\",\"articleSection\":[\"News\"],\"inLanguage\":\"fr-BE\"},{\"@type\":\"WebPage\",\"@id\":\"https:\\\/\\\/www.internationalmindfulnessconference.com\\\/2024\\\/06\\\/05\\\/meet-the-conference-speakers\\\/\",\"url\":\"https:\\\/\\\/www.internationalmindfulnessconference.com\\\/2024\\\/06\\\/05\\\/meet-the-conference-speakers\\\/\",\"name\":\"Meet the CONFERENCE Speakers - International Conference on Mindfulness 2024\",\"isPartOf\":{\"@id\":\"https:\\\/\\\/www.internationalmindfulnessconference.com\\\/#website\"},\"primaryImageOfPage\":{\"@id\":\"https:\\\/\\\/www.internationalmindfulnessconference.com\\\/2024\\\/06\\\/05\\\/meet-the-conference-speakers\\\/#primaryimage\"},\"image\":{\"@id\":\"https:\\\/\\\/www.internationalmindfulnessconference.com\\\/2024\\\/06\\\/05\\\/meet-the-conference-speakers\\\/#primaryimage\"},\"thumbnailUrl\":\"https:\\\/\\\/www.internationalmindfulnessconference.com\\\/wp-content\\\/uploads\\\/2023\\\/10\\\/Speakers.jpg\",\"datePublished\":\"2024-06-05T13:29:11+00:00\",\"dateModified\":\"2024-06-27T13:40:53+00:00\",\"description\":\"News\",\"breadcrumb\":{\"@id\":\"https:\\\/\\\/www.internationalmindfulnessconference.com\\\/2024\\\/06\\\/05\\\/meet-the-conference-speakers\\\/#breadcrumb\"},\"inLanguage\":\"fr-BE\",\"potentialAction\":[{\"@type\":\"ReadAction\",\"target\":[\"https:\\\/\\\/www.internationalmindfulnessconference.com\\\/2024\\\/06\\\/05\\\/meet-the-conference-speakers\\\/\"]}]},{\"@type\":\"ImageObject\",\"inLanguage\":\"fr-BE\",\"@id\":\"https:\\\/\\\/www.internationalmindfulnessconference.com\\\/2024\\\/06\\\/05\\\/meet-the-conference-speakers\\\/#primaryimage\",\"url\":\"https:\\\/\\\/www.internationalmindfulnessconference.com\\\/wp-content\\\/uploads\\\/2023\\\/10\\\/Speakers.jpg\",\"contentUrl\":\"https:\\\/\\\/www.internationalmindfulnessconference.com\\\/wp-content\\\/uploads\\\/2023\\\/10\\\/Speakers.jpg\",\"width\":4000,\"height\":2988},{\"@type\":\"BreadcrumbList\",\"@id\":\"https:\\\/\\\/www.internationalmindfulnessconference.com\\\/2024\\\/06\\\/05\\\/meet-the-conference-speakers\\\/#breadcrumb\",\"itemListElement\":[{\"@type\":\"ListItem\",\"position\":1,\"name\":\"Home\",\"item\":\"https:\\\/\\\/www.internationalmindfulnessconference.com\\\/\"},{\"@type\":\"ListItem\",\"position\":2,\"name\":\"Meet the CONFERENCE Speakers\"}]},{\"@type\":\"WebSite\",\"@id\":\"https:\\\/\\\/www.internationalmindfulnessconference.com\\\/#website\",\"url\":\"https:\\\/\\\/www.internationalmindfulnessconference.com\\\/\",\"name\":\"International Conference on Mindfulness 2024\",\"description\":\"ICM 2024: Mindfulness in a Changing World\",\"publisher\":{\"@id\":\"https:\\\/\\\/www.internationalmindfulnessconference.com\\\/#organization\"},\"alternateName\":\"ICM 2024\",\"potentialAction\":[{\"@type\":\"SearchAction\",\"target\":{\"@type\":\"EntryPoint\",\"urlTemplate\":\"https:\\\/\\\/www.internationalmindfulnessconference.com\\\/?s={search_term_string}\"},\"query-input\":{\"@type\":\"PropertyValueSpecification\",\"valueRequired\":true,\"valueName\":\"search_term_string\"}}],\"inLanguage\":\"fr-BE\"},{\"@type\":\"Organization\",\"@id\":\"https:\\\/\\\/www.internationalmindfulnessconference.com\\\/#organization\",\"name\":\"The Mindfulness Network\",\"alternateName\":\"Mindfulness Network\",\"url\":\"https:\\\/\\\/www.internationalmindfulnessconference.com\\\/\",\"logo\":{\"@type\":\"ImageObject\",\"inLanguage\":\"fr-BE\",\"@id\":\"https:\\\/\\\/www.internationalmindfulnessconference.com\\\/#\\\/schema\\\/logo\\\/image\\\/\",\"url\":\"https:\\\/\\\/www.internationalmindfulnessconference.com\\\/wp-content\\\/uploads\\\/2023\\\/01\\\/MNLogo-300x300-1.jpg\",\"contentUrl\":\"https:\\\/\\\/www.internationalmindfulnessconference.com\\\/wp-content\\\/uploads\\\/2023\\\/01\\\/MNLogo-300x300-1.jpg\",\"width\":300,\"height\":300,\"caption\":\"The Mindfulness Network\"},\"image\":{\"@id\":\"https:\\\/\\\/www.internationalmindfulnessconference.com\\\/#\\\/schema\\\/logo\\\/image\\\/\"},\"sameAs\":[\"https:\\\/\\\/www.facebook.com\\\/MindfulnessNetworkUK\\\/\",\"https:\\\/\\\/x.com\\\/MindfulnessN\"]},{\"@type\":\"Person\",\"@id\":\"https:\\\/\\\/www.internationalmindfulnessconference.com\\\/#\\\/schema\\\/person\\\/8c7c27f8bbd1139766ae25513970a4af\",\"name\":\"Joelle\",\"image\":{\"@type\":\"ImageObject\",\"inLanguage\":\"fr-BE\",\"@id\":\"https:\\\/\\\/www.internationalmindfulnessconference.com\\\/wp-content\\\/wphb-cache\\\/gravatar\\\/732\\\/732517fb250b638fc69f7bdc6e0c5120x96.jpg\",\"url\":\"https:\\\/\\\/www.internationalmindfulnessconference.com\\\/wp-content\\\/wphb-cache\\\/gravatar\\\/732\\\/732517fb250b638fc69f7bdc6e0c5120x96.jpg\",\"contentUrl\":\"https:\\\/\\\/www.internationalmindfulnessconference.com\\\/wp-content\\\/wphb-cache\\\/gravatar\\\/732\\\/732517fb250b638fc69f7bdc6e0c5120x96.jpg\",\"caption\":\"Joelle\"},\"url\":\"https:\\\/\\\/www.internationalmindfulnessconference.com\\\/fr\\\/author\\\/joellemindfulness-network-org\\\/\"}]}<\/script>\n<!-- \/ Yoast SEO plugin. -->","yoast_head_json":{"title":"Rencontrez les intervenants de la CONF\u00c9RENCE - Conf\u00e9rence internationale sur la pleine conscience 2024","description":"Actualit\u00e9s","robots":{"index":"index","follow":"follow","max-snippet":"max-snippet:-1","max-image-preview":"max-image-preview:large","max-video-preview":"max-video-preview:-1"},"canonical":"https:\/\/www.internationalmindfulnessconference.com\/fr\/2024\/06\/05\/rencontrer-les-orateurs-de-la-conference\/","og_locale":"fr_FR","og_type":"article","og_title":"Meet the CONFERENCE Speakers - International Conference on Mindfulness 2024","og_description":"News","og_url":"https:\/\/www.internationalmindfulnessconference.com\/fr\/2024\/06\/05\/rencontrer-les-orateurs-de-la-conference\/","og_site_name":"International Conference on Mindfulness 2024","article_publisher":"https:\/\/www.facebook.com\/MindfulnessNetworkUK\/","article_published_time":"2024-06-05T13:29:11+00:00","article_modified_time":"2024-06-27T13:40:53+00:00","og_image":[{"width":4000,"height":2988,"url":"https:\/\/www.internationalmindfulnessconference.com\/wp-content\/uploads\/2023\/10\/Speakers.jpg","type":"image\/jpeg"}],"author":"Joelle","twitter_card":"summary_large_image","twitter_creator":"@MindfulnessN","twitter_site":"@MindfulnessN","twitter_misc":{"\u00c9crit par":"Joelle","Dur\u00e9e de lecture est.":"1 minute"},"schema":{"@context":"https:\/\/schema.org","@graph":[{"@type":"Article","@id":"https:\/\/www.internationalmindfulnessconference.com\/2024\/06\/05\/meet-the-conference-speakers\/#article","isPartOf":{"@id":"https:\/\/www.internationalmindfulnessconference.com\/2024\/06\/05\/meet-the-conference-speakers\/"},"author":{"name":"Joelle","@id":"https:\/\/www.internationalmindfulnessconference.com\/#\/schema\/person\/8c7c27f8bbd1139766ae25513970a4af"},"headline":"Meet the CONFERENCE Speakers","datePublished":"2024-06-05T13:29:11+00:00","dateModified":"2024-06-27T13:40:53+00:00","mainEntityOfPage":{"@id":"https:\/\/www.internationalmindfulnessconference.com\/2024\/06\/05\/meet-the-conference-speakers\/"},"wordCount":129,"publisher":{"@id":"https:\/\/www.internationalmindfulnessconference.com\/#organization"},"image":{"@id":"https:\/\/www.internationalmindfulnessconference.com\/2024\/06\/05\/meet-the-conference-speakers\/#primaryimage"},"thumbnailUrl":"https:\/\/www.internationalmindfulnessconference.com\/wp-content\/uploads\/2023\/10\/Speakers.jpg","articleSection":["News"],"inLanguage":"fr-BE"},{"@type":"WebPage","@id":"https:\/\/www.internationalmindfulnessconference.com\/2024\/06\/05\/meet-the-conference-speakers\/","url":"https:\/\/www.internationalmindfulnessconference.com\/2024\/06\/05\/meet-the-conference-speakers\/","name":"Rencontrez les intervenants de la CONF\u00c9RENCE - Conf\u00e9rence internationale sur la pleine conscience 2024","isPartOf":{"@id":"https:\/\/www.internationalmindfulnessconference.com\/#website"},"primaryImageOfPage":{"@id":"https:\/\/www.internationalmindfulnessconference.com\/2024\/06\/05\/meet-the-conference-speakers\/#primaryimage"},"image":{"@id":"https:\/\/www.internationalmindfulnessconference.com\/2024\/06\/05\/meet-the-conference-speakers\/#primaryimage"},"thumbnailUrl":"https:\/\/www.internationalmindfulnessconference.com\/wp-content\/uploads\/2023\/10\/Speakers.jpg","datePublished":"2024-06-05T13:29:11+00:00","dateModified":"2024-06-27T13:40:53+00:00","description":"Actualit\u00e9s","breadcrumb":{"@id":"https:\/\/www.internationalmindfulnessconference.com\/2024\/06\/05\/meet-the-conference-speakers\/#breadcrumb"},"inLanguage":"fr-BE","potentialAction":[{"@type":"ReadAction","target":["https:\/\/www.internationalmindfulnessconference.com\/2024\/06\/05\/meet-the-conference-speakers\/"]}]},{"@type":"ImageObject","inLanguage":"fr-BE","@id":"https:\/\/www.internationalmindfulnessconference.com\/2024\/06\/05\/meet-the-conference-speakers\/#primaryimage","url":"https:\/\/www.internationalmindfulnessconference.com\/wp-content\/uploads\/2023\/10\/Speakers.jpg","contentUrl":"https:\/\/www.internationalmindfulnessconference.com\/wp-content\/uploads\/2023\/10\/Speakers.jpg","width":4000,"height":2988},{"@type":"BreadcrumbList","@id":"https:\/\/www.internationalmindfulnessconference.com\/2024\/06\/05\/meet-the-conference-speakers\/#breadcrumb","itemListElement":[{"@type":"ListItem","position":1,"name":"Home","item":"https:\/\/www.internationalmindfulnessconference.com\/"},{"@type":"ListItem","position":2,"name":"Meet the CONFERENCE Speakers"}]},{"@type":"WebSite","@id":"https:\/\/www.internationalmindfulnessconference.com\/#website","url":"https:\/\/www.internationalmindfulnessconference.com\/","name":"Conf\u00e9rence internationale sur la pleine conscience 2024","description":"ICM 2024 : La pleine conscience dans un monde en mutation","publisher":{"@id":"https:\/\/www.internationalmindfulnessconference.com\/#organization"},"alternateName":"ICM 2024","potentialAction":[{"@type":"SearchAction","target":{"@type":"EntryPoint","urlTemplate":"https:\/\/www.internationalmindfulnessconference.com\/?s={search_term_string}"},"query-input":{"@type":"PropertyValueSpecification","valueRequired":true,"valueName":"search_term_string"}}],"inLanguage":"fr-BE"},{"@type":"Organization","@id":"https:\/\/www.internationalmindfulnessconference.com\/#organization","name":"Le r\u00e9seau Mindfulness","alternateName":"Mindfulness Network","url":"https:\/\/www.internationalmindfulnessconference.com\/","logo":{"@type":"ImageObject","inLanguage":"fr-BE","@id":"https:\/\/www.internationalmindfulnessconference.com\/#\/schema\/logo\/image\/","url":"https:\/\/www.internationalmindfulnessconference.com\/wp-content\/uploads\/2023\/01\/MNLogo-300x300-1.jpg","contentUrl":"https:\/\/www.internationalmindfulnessconference.com\/wp-content\/uploads\/2023\/01\/MNLogo-300x300-1.jpg","width":300,"height":300,"caption":"The Mindfulness Network"},"image":{"@id":"https:\/\/www.internationalmindfulnessconference.com\/#\/schema\/logo\/image\/"},"sameAs":["https:\/\/www.facebook.com\/MindfulnessNetworkUK\/","https:\/\/x.com\/MindfulnessN"]},{"@type":"Person","@id":"https:\/\/www.internationalmindfulnessconference.com\/#\/schema\/person\/8c7c27f8bbd1139766ae25513970a4af","name":"Joelle","image":{"@type":"ImageObject","inLanguage":"fr-BE","@id":"https:\/\/www.internationalmindfulnessconference.com\/wp-content\/wphb-cache\/gravatar\/732\/732517fb250b638fc69f7bdc6e0c5120x96.jpg","url":"https:\/\/www.internationalmindfulnessconference.com\/wp-content\/wphb-cache\/gravatar\/732\/732517fb250b638fc69f7bdc6e0c5120x96.jpg","contentUrl":"https:\/\/www.internationalmindfulnessconference.com\/wp-content\/wphb-cache\/gravatar\/732\/732517fb250b638fc69f7bdc6e0c5120x96.jpg","caption":"Joelle"},"url":"https:\/\/www.internationalmindfulnessconference.com\/fr\/author\/joellemindfulness-network-org\/"}]}},"jetpack_featured_media_url":"https:\/\/www.internationalmindfulnessconference.com\/wp-content\/uploads\/2023\/10\/Speakers.jpg","jetpack_sharing_enabled":true,"_links":{"self":[{"href":"https:\/\/www.internationalmindfulnessconference.com\/fr\/wp-json\/wp\/v2\/posts\/53704","targetHints":{"allow":["GET"]}}],"collection":[{"href":"https:\/\/www.internationalmindfulnessconference.com\/fr\/wp-json\/wp\/v2\/posts"}],"about":[{"href":"https:\/\/www.internationalmindfulnessconference.com\/fr\/wp-json\/wp\/v2\/types\/post"}],"author":[{"embeddable":true,"href":"https:\/\/www.internationalmindfulnessconference.com\/fr\/wp-json\/wp\/v2\/users\/4"}],"replies":[{"embeddable":true,"href":"https:\/\/www.internationalmindfulnessconference.com\/fr\/wp-json\/wp\/v2\/comments?post=53704"}],"version-history":[{"count":0,"href":"https:\/\/www.internationalmindfulnessconference.com\/fr\/wp-json\/wp\/v2\/posts\/53704\/revisions"}],"wp:featuredmedia":[{"embeddable":true,"href":"https:\/\/www.internationalmindfulnessconference.com\/fr\/wp-json\/wp\/v2\/media\/4024"}],"wp:attachment":[{"href":"https:\/\/www.internationalmindfulnessconference.com\/fr\/wp-json\/wp\/v2\/media?parent=53704"}],"wp:term":[{"taxonomy":"category","embeddable":true,"href":"https:\/\/www.internationalmindfulnessconference.com\/fr\/wp-json\/wp\/v2\/categories?post=53704"},{"taxonomy":"post_tag","embeddable":true,"href":"https:\/\/www.internationalmindfulnessconference.com\/fr\/wp-json\/wp\/v2\/tags?post=53704"}],"curies":[{"name":"wp","href":"https:\/\/api.w.org\/{rel}","templated":true}]}}