{"id":5885,"date":"2023-12-01T11:23:54","date_gmt":"2023-12-01T11:23:54","guid":{"rendered":"https:\/\/www.internationalmindfulnessconference.com\/?p=5885"},"modified":"2025-06-12T12:48:22","modified_gmt":"2025-06-12T12:48:22","slug":"volet-4-application-et-innovation-au-niveau-local-et-dans-le-monde-reel","status":"publish","type":"post","link":"https:\/\/www.internationalmindfulnessconference.com\/fr\/2023\/12\/01\/volet-4-application-et-innovation-au-niveau-local-et-dans-le-monde-reel\/","title":{"rendered":"Volet 4 : la base, l'application dans le monde r\u00e9el et l'innovation"},"content":{"rendered":"<div data-elementor-type=\"wp-post\" data-elementor-id=\"5885\" class=\"elementor elementor-5885\" data-elementor-post-type=\"post\">\n\t\t\t\t\t\t<section class=\"elementor-section elementor-top-section elementor-element elementor-element-a32db97 elementor-section-boxed elementor-section-height-default elementor-section-height-default\" data-id=\"a32db97\" data-element_type=\"section\" data-e-type=\"section\">\n\t\t\t\t\t\t<div class=\"elementor-container elementor-column-gap-default\">\n\t\t\t\t\t<div class=\"elementor-column elementor-col-100 elementor-top-column elementor-element elementor-element-cb12a4f\" data-id=\"cb12a4f\" data-element_type=\"column\" data-e-type=\"column\">\n\t\t\t<div class=\"elementor-widget-wrap elementor-element-populated\">\n\t\t\t\t\t\t<div class=\"elementor-element elementor-element-9630d1e elementor-widget elementor-widget-heading\" data-id=\"9630d1e\" data-element_type=\"widget\" data-e-type=\"widget\" data-widget_type=\"heading.default\">\n\t\t\t\t<div class=\"elementor-widget-container\">\n\t\t\t\t\t<h2 class=\"elementor-heading-title elementor-size-default\">La base, l'application dans le monde r\u00e9el et l'innovation<\/h2>\t\t\t\t<\/div>\n\t\t\t\t<\/div>\n\t\t\t\t<div class=\"elementor-element elementor-element-6e34560 elementor-widget-divider--view-line elementor-widget elementor-widget-divider\" data-id=\"6e34560\" data-element_type=\"widget\" data-e-type=\"widget\" data-widget_type=\"divider.default\">\n\t\t\t\t<div class=\"elementor-widget-container\">\n\t\t\t\t\t\t\t<div class=\"elementor-divider\">\n\t\t\t<span class=\"elementor-divider-separator\">\n\t\t\t\t\t\t<\/span>\n\t\t<\/div>\n\t\t\t\t\t\t<\/div>\n\t\t\t\t<\/div>\n\t\t\t\t<div class=\"elementor-element elementor-element-01ca7a5 elementor-widget elementor-widget-text-editor\" data-id=\"01ca7a5\" data-element_type=\"widget\" data-e-type=\"widget\" data-widget_type=\"text-editor.default\">\n\t\t\t\t<div class=\"elementor-widget-container\">\n\t\t\t\t\t\t\t\t\t<p><strong><span class=\"TextRun SCXW264531000 BCX0\" lang=\"EN-GB\" xml:lang=\"EN-GB\" data-contrast=\"none\"><span class=\"NormalTextRun SCXW264531000 BCX0\">Comment la pleine conscience s'int\u00e8gre-t-elle dans la vie r\u00e9elle ? <\/span><\/span><\/strong><\/p><p><span class=\"TextRun SCXW264531000 BCX0\" lang=\"EN-GB\" xml:lang=\"EN-GB\" data-contrast=\"none\"><span class=\"NormalTextRun SCXW264531000 BCX0\">Notre monde en mutation a besoin de moyens nouveaux, cr\u00e9atifs et adapt\u00e9s au contexte pour offrir la pleine conscience. Dans ce volet, <\/span><span class=\"NormalTextRun SCXW264531000 BCX0\">nous<\/span><span class=\"NormalTextRun SCXW264531000 BCX0\"> partager les joies et les d\u00e9fis li\u00e9s \u00e0 l'\u00e9laboration et \u00e0 l'enseignement de programmes bas\u00e9s sur la pleine conscience dans des contextes quotidiens. <\/span><span class=\"NormalTextRun SCXW264531000 BCX0\">Nous<\/span><span class=\"NormalTextRun SCXW264531000 BCX0\"> apprendre des innovateurs travaillant dans des environnements diff\u00e9rents et d\u00e9couvrir des moyens de <\/span><span class=\"NormalTextRun SCXW264531000 BCX0\">maintenir<\/span><span class=\"NormalTextRun SCXW264531000 BCX0\"> l'int\u00e9grit\u00e9 et la profondeur de notre travail tout en embrassant <\/span><span class=\"NormalTextRun SCXW264531000 BCX0\">nouvelles id\u00e9es<\/span><span class=\"NormalTextRun SCXW264531000 BCX0\">.<\/span><\/span><span class=\"EOP SCXW264531000 BCX0\" data-ccp-props=\"{&quot;201341983&quot;:0,&quot;335559739&quot;:160,&quot;335559740&quot;:259}\">\u00a0<\/span><\/p><p><strong>Le volet 4 comprend, sans s'y limiter, les \u00e9l\u00e9ments suivants :<\/strong><\/p><ul><li>Approches innovantes en mati\u00e8re d'inclusion, d'\u00e9galit\u00e9 et de diversit\u00e9<\/li><li>Approches locales - mise en \u0153uvre innovante<\/li><li>Approches innovantes en mati\u00e8re de soins de sant\u00e9<\/li><li>L'IA et la pleine conscience<\/li><li>Intersectionnalit\u00e9<\/li><li>La pleine conscience sur le lieu de travail<\/li><li>Applications th\u00e9rapeutiques de la pleine conscience<\/li><\/ul>\t\t\t\t\t\t\t\t<\/div>\n\t\t\t\t<\/div>\n\t\t\t\t\t<\/div>\n\t\t<\/div>\n\t\t\t\t\t<\/div>\n\t\t<\/section>\n\t\t\t\t<section class=\"elementor-section elementor-top-section elementor-element elementor-element-83a0fef elementor-section-boxed elementor-section-height-default elementor-section-height-default\" data-id=\"83a0fef\" data-element_type=\"section\" data-e-type=\"section\">\n\t\t\t\t\t\t<div class=\"elementor-container elementor-column-gap-default\">\n\t\t\t\t\t<div class=\"elementor-column elementor-col-100 elementor-top-column elementor-element elementor-element-7bb19938\" data-id=\"7bb19938\" data-element_type=\"column\" data-e-type=\"column\">\n\t\t\t<div class=\"elementor-widget-wrap elementor-element-populated\">\n\t\t\t\t\t\t<div class=\"elementor-element elementor-element-49fe7661 elementor-widget-divider--view-line elementor-widget elementor-widget-divider\" data-id=\"49fe7661\" data-element_type=\"widget\" data-e-type=\"widget\" data-widget_type=\"divider.default\">\n\t\t\t\t<div class=\"elementor-widget-container\">\n\t\t\t\t\t\t\t<div class=\"elementor-divider\">\n\t\t\t<span class=\"elementor-divider-separator\">\n\t\t\t\t\t\t<\/span>\n\t\t<\/div>\n\t\t\t\t\t\t<\/div>\n\t\t\t\t<\/div>\n\t\t\t\t<div class=\"elementor-element elementor-element-1663b5e8 elementor-widget elementor-widget-text-editor\" data-id=\"1663b5e8\" data-element_type=\"widget\" data-e-type=\"widget\" data-widget_type=\"text-editor.default\">\n\t\t\t\t<div class=\"elementor-widget-container\">\n\t\t\t\t\t\t\t\t\t<p>Le volet 4 commence par une allocution d'Amit Bernstein. Vous pourrez ensuite choisir d'assister \u00e0 une table ronde, un atelier, un symposium de recherche ou une pratique guid\u00e9e, qui se tiendront dans diff\u00e9rents espaces du Pontio Centre de l'universit\u00e9 de Bangor.<\/p>\t\t\t\t\t\t\t\t<\/div>\n\t\t\t\t<\/div>\n\t\t\t\t<div class=\"elementor-element elementor-element-826c058 elementor-widget-divider--view-line elementor-widget elementor-widget-divider\" data-id=\"826c058\" data-element_type=\"widget\" data-e-type=\"widget\" data-widget_type=\"divider.default\">\n\t\t\t\t<div class=\"elementor-widget-container\">\n\t\t\t\t\t\t\t<div class=\"elementor-divider\">\n\t\t\t<span class=\"elementor-divider-separator\">\n\t\t\t\t\t\t<\/span>\n\t\t<\/div>\n\t\t\t\t\t\t<\/div>\n\t\t\t\t<\/div>\n\t\t\t\t<div class=\"elementor-element elementor-element-665347c elementor-widget elementor-widget-toggle\" data-id=\"665347c\" data-element_type=\"widget\" data-e-type=\"widget\" data-widget_type=\"toggle.default\">\n\t\t\t\t<div class=\"elementor-widget-container\">\n\t\t\t\t\t\t\t<div class=\"elementor-toggle\">\n\t\t\t\t\t\t\t<div class=\"elementor-toggle-item\">\n\t\t\t\t\t<div id=\"elementor-tab-title-1071\" class=\"elementor-tab-title\" data-tab=\"1\" role=\"button\" aria-controls=\"elementor-tab-content-1071\" aria-expanded=\"false\">\n\t\t\t\t\t\t\t\t\t\t\t\t<span class=\"elementor-toggle-icon elementor-toggle-icon-left\" aria-hidden=\"true\">\n\t\t\t\t\t\t\t\t\t\t\t\t\t\t\t<span class=\"elementor-toggle-icon-closed\"><i class=\"fas fa-caret-right\"><\/i><\/span>\n\t\t\t\t\t\t\t\t<span class=\"elementor-toggle-icon-opened\"><i class=\"elementor-toggle-icon-opened fas fa-caret-up\"><\/i><\/span>\n\t\t\t\t\t\t\t\t\t\t\t\t\t<\/span>\n\t\t\t\t\t\t\t\t\t\t\t\t<a class=\"elementor-toggle-title\" tabindex=\"0\">Dr Maura Kenny<\/a>\n\t\t\t\t\t<\/div>\n\n\t\t\t\t\t<div id=\"elementor-tab-content-1071\" class=\"elementor-tab-content elementor-clearfix\" data-tab=\"1\" role=\"region\" aria-labelledby=\"elementor-tab-title-1071\"><p>Maura parlera du cours de 6 semaines sur l'autogestion de la sant\u00e9 qu'elle a d\u00e9velopp\u00e9, bas\u00e9 sur le programme de th\u00e9rapie cognitive bas\u00e9e sur la pleine conscience (Mindfulness-Based Cognitive Therapy). Ce cours propose de nouvelles fa\u00e7ons d'aborder les d\u00e9fis courants auxquels les m\u00e9decins et autres professionnels de la sant\u00e9 sont confront\u00e9s tout au long de leur carri\u00e8re.<\/p><p><a href=\"https:\/\/www.mindfulscp.com\/mindful-self-care-course.html\">https:\/\/www.mindfulscp.com\/mindful-self-care-course.html<\/a><\/p><\/div>\n\t\t\t\t<\/div>\n\t\t\t\t\t\t\t<div class=\"elementor-toggle-item\">\n\t\t\t\t\t<div id=\"elementor-tab-title-1072\" class=\"elementor-tab-title\" data-tab=\"2\" role=\"button\" aria-controls=\"elementor-tab-content-1072\" aria-expanded=\"false\">\n\t\t\t\t\t\t\t\t\t\t\t\t<span class=\"elementor-toggle-icon elementor-toggle-icon-left\" aria-hidden=\"true\">\n\t\t\t\t\t\t\t\t\t\t\t\t\t\t\t<span class=\"elementor-toggle-icon-closed\"><i class=\"fas fa-caret-right\"><\/i><\/span>\n\t\t\t\t\t\t\t\t<span class=\"elementor-toggle-icon-opened\"><i class=\"elementor-toggle-icon-opened fas fa-caret-up\"><\/i><\/span>\n\t\t\t\t\t\t\t\t\t\t\t\t\t<\/span>\n\t\t\t\t\t\t\t\t\t\t\t\t<a class=\"elementor-toggle-title\" tabindex=\"0\">Dr Mick Krasner<\/a>\n\t\t\t\t\t<\/div>\n\n\t\t\t\t\t<div id=\"elementor-tab-content-1072\" class=\"elementor-tab-content elementor-clearfix\" data-tab=\"2\" role=\"region\" aria-labelledby=\"elementor-tab-title-1072\"><p>Mick discutera du d\u00e9veloppement du programme Mindful Practice in Medicine et de la fa\u00e7on dont il a \u00e9t\u00e9 appliqu\u00e9 pour changer les facteurs individuels et structurels qui peuvent aider les professionnels de la sant\u00e9 \u00e0 s'\u00e9panouir.<\/p><p>Epstein RM, Marshall F, Sanders M, Krasner MS. Effect of an Intensive Mindful Practice Workshop on Patient-Centered Compassionate Care, Clinician Well-Being, Work Engagement, and Teamwork. J Contin Educ Health Prof. 2022 Jan 1;42(1):19-27. doi : 10.1097\/CEH.0000000000000379. PMID : 34459443.<\/p><p>Krasner MS, Epstein RM, Beckman H, Suchman AL, Chapman B, Mooney CJ, Quill TE. Association of an educational program in mindful communication with burnout, empathy, and attitudes among primary care physicians. JAMA. 2009 Sep 23;302(12):1284-93. doi : 10.1001\/jama.2009.1384. PMID : 19773563.<\/p><\/div>\n\t\t\t\t<\/div>\n\t\t\t\t\t\t\t<div class=\"elementor-toggle-item\">\n\t\t\t\t\t<div id=\"elementor-tab-title-1073\" class=\"elementor-tab-title\" data-tab=\"3\" role=\"button\" aria-controls=\"elementor-tab-content-1073\" aria-expanded=\"false\">\n\t\t\t\t\t\t\t\t\t\t\t\t<span class=\"elementor-toggle-icon elementor-toggle-icon-left\" aria-hidden=\"true\">\n\t\t\t\t\t\t\t\t\t\t\t\t\t\t\t<span class=\"elementor-toggle-icon-closed\"><i class=\"fas fa-caret-right\"><\/i><\/span>\n\t\t\t\t\t\t\t\t<span class=\"elementor-toggle-icon-opened\"><i class=\"elementor-toggle-icon-opened fas fa-caret-up\"><\/i><\/span>\n\t\t\t\t\t\t\t\t\t\t\t\t\t<\/span>\n\t\t\t\t\t\t\t\t\t\t\t\t<a class=\"elementor-toggle-title\" tabindex=\"0\">Professeur Carter Lebares<\/a>\n\t\t\t\t\t<\/div>\n\n\t\t\t\t\t<div id=\"elementor-tab-content-1073\" class=\"elementor-tab-content elementor-clearfix\" data-tab=\"3\" role=\"region\" aria-labelledby=\"elementor-tab-title-1073\"><p>Carter parlera du travail qu'elle a effectu\u00e9 avec ses coll\u00e8gues pour cr\u00e9er un MBI simplifi\u00e9 et d\u00e9pouill\u00e9 afin de convenir aux chirurgiens et autres professionnels de la sant\u00e9 press\u00e9s par le temps (y compris les \u00e9tudiants en m\u00e9decine, les infirmi\u00e8res des unit\u00e9s de soins intensifs, les internistes et les v\u00e9t\u00e9rinaires). Il s'agit notamment de mettre l'accent sur la m\u00e9ditation \"informelle\" (appel\u00e9e \"m\u00e9ditation active\" par certains), mais aussi sur le langage et le rythme. Les facteurs qui favorisent l'adh\u00e9sion et la participation des participants, la valeur per\u00e7ue par les gardiens et la viabilit\u00e9 \u00e0 long terme seront \u00e9tudi\u00e9s.<\/p><p>Lebares CC, . Coaston TN, Delucchi KL, Guvva EV, Shen WT, Staffaroni AM, Kramer JH, Epel ES, Hecht FM, Ascher NL, Harris HW, Cole SW (2021).<\/p><p>Formation am\u00e9lior\u00e9e \u00e0 la r\u00e9silience au stress chez les chirurgiens : Iterative Adaptation and Biopsychosocial Effects in 2 Small Randomized Trials. Ann Surg, 1;273(3):424-432. doi : 10.1097\/SLA.0000000000004145.<\/p><p>Luton OW, James OP, Mellor K, Lebares CC, et al (2021). Enhanced stress-resilience training for surgical trainees (Formation am\u00e9lior\u00e9e \u00e0 la r\u00e9sistance au stress pour les stagiaires en chirurgie). BJS Open.5(4):zrab054. doi:10.1093\/bjsopen\/zrab054<\/p><\/div>\n\t\t\t\t<\/div>\n\t\t\t\t\t\t\t\t<\/div>\n\t\t\t\t\t\t<\/div>\n\t\t\t\t<\/div>\n\t\t\t\t<div class=\"elementor-element elementor-element-48e76fd2 elementor-widget-divider--view-line elementor-widget elementor-widget-divider\" data-id=\"48e76fd2\" data-element_type=\"widget\" data-e-type=\"widget\" data-widget_type=\"divider.default\">\n\t\t\t\t<div class=\"elementor-widget-container\">\n\t\t\t\t\t\t\t<div class=\"elementor-divider\">\n\t\t\t<span class=\"elementor-divider-separator\">\n\t\t\t\t\t\t<\/span>\n\t\t<\/div>\n\t\t\t\t\t\t<\/div>\n\t\t\t\t<\/div>\n\t\t\t\t<div class=\"elementor-element elementor-element-3234c10e elementor-widget-divider--view-line elementor-widget elementor-widget-divider\" data-id=\"3234c10e\" data-element_type=\"widget\" data-e-type=\"widget\" data-widget_type=\"divider.default\">\n\t\t\t\t<div class=\"elementor-widget-container\">\n\t\t\t\t\t\t\t<div class=\"elementor-divider\">\n\t\t\t<span class=\"elementor-divider-separator\">\n\t\t\t\t\t\t<\/span>\n\t\t<\/div>\n\t\t\t\t\t\t<\/div>\n\t\t\t\t<\/div>\n\t\t\t\t<div class=\"elementor-element elementor-element-f844bda elementor-widget elementor-widget-toggle\" data-id=\"f844bda\" data-element_type=\"widget\" data-e-type=\"widget\" data-widget_type=\"toggle.default\">\n\t\t\t\t<div class=\"elementor-widget-container\">\n\t\t\t\t\t\t\t<div class=\"elementor-toggle\">\n\t\t\t\t\t\t\t<div class=\"elementor-toggle-item\">\n\t\t\t\t\t<div id=\"elementor-tab-title-2601\" class=\"elementor-tab-title\" data-tab=\"1\" role=\"button\" aria-controls=\"elementor-tab-content-2601\" aria-expanded=\"false\">\n\t\t\t\t\t\t\t\t\t\t\t\t<span class=\"elementor-toggle-icon elementor-toggle-icon-left\" aria-hidden=\"true\">\n\t\t\t\t\t\t\t\t\t\t\t\t\t\t\t<span class=\"elementor-toggle-icon-closed\"><i class=\"fas fa-caret-right\"><\/i><\/span>\n\t\t\t\t\t\t\t\t<span class=\"elementor-toggle-icon-opened\"><i class=\"elementor-toggle-icon-opened fas fa-caret-up\"><\/i><\/span>\n\t\t\t\t\t\t\t\t\t\t\t\t\t<\/span>\n\t\t\t\t\t\t\t\t\t\t\t\t<a class=\"elementor-toggle-title\" tabindex=\"0\">Objectifs d'apprentissage<\/a>\n\t\t\t\t\t<\/div>\n\n\t\t\t\t\t<div id=\"elementor-tab-content-2601\" class=\"elementor-tab-content elementor-clearfix\" data-tab=\"1\" role=\"region\" aria-labelledby=\"elementor-tab-title-2601\"><p>Au cours de cette pr\u00e9sentation, les participants pourront<\/p><p>1. \u00c9couter les enseignants et les participants de la MBCP parler de leurs exp\u00e9riences de la pleine conscience dans la p\u00e9riode p\u00e9rinatale.<\/p><p>2. S'informer sur l'impact potentiel du stress, y compris le stress chronique du racisme, sur les r\u00e9sultats p\u00e9rinataux.<\/p><p>3. Explorer les fa\u00e7ons dont les sch\u00e9mas interg\u00e9n\u00e9rationnels de souffrance peuvent \u00eatre interrompus, gr\u00e2ce \u00e0 la formation et \u00e0 la pratique de la pleine conscience.<\/p><p>R\u00e9f\u00e9rences : <a href=\"https:\/\/www.mindfulbirthing.org\/research\">https:\/\/www.mindfulbirthing.org\/research<\/a><\/p><\/div>\n\t\t\t\t<\/div>\n\t\t\t\t\t\t\t\t<\/div>\n\t\t\t\t\t\t<\/div>\n\t\t\t\t<\/div>\n\t\t\t\t<div class=\"elementor-element elementor-element-6f4091c0 elementor-widget-divider--view-line elementor-widget elementor-widget-divider\" data-id=\"6f4091c0\" data-element_type=\"widget\" data-e-type=\"widget\" data-widget_type=\"divider.default\">\n\t\t\t\t<div class=\"elementor-widget-container\">\n\t\t\t\t\t\t\t<div class=\"elementor-divider\">\n\t\t\t<span class=\"elementor-divider-separator\">\n\t\t\t\t\t\t<\/span>\n\t\t<\/div>\n\t\t\t\t\t\t<\/div>\n\t\t\t\t<\/div>\n\t\t\t\t<div class=\"elementor-element elementor-element-6aa4afe5 elementor-widget-divider--view-line elementor-widget elementor-widget-divider\" data-id=\"6aa4afe5\" data-element_type=\"widget\" data-e-type=\"widget\" data-widget_type=\"divider.default\">\n\t\t\t\t<div class=\"elementor-widget-container\">\n\t\t\t\t\t\t\t<div class=\"elementor-divider\">\n\t\t\t<span class=\"elementor-divider-separator\">\n\t\t\t\t\t\t<\/span>\n\t\t<\/div>\n\t\t\t\t\t\t<\/div>\n\t\t\t\t<\/div>\n\t\t\t\t<div class=\"elementor-element elementor-element-7e799be elementor-widget-divider--view-line elementor-widget elementor-widget-divider\" data-id=\"7e799be\" data-element_type=\"widget\" data-e-type=\"widget\" data-widget_type=\"divider.default\">\n\t\t\t\t<div class=\"elementor-widget-container\">\n\t\t\t\t\t\t\t<div class=\"elementor-divider\">\n\t\t\t<span class=\"elementor-divider-separator\">\n\t\t\t\t\t\t<\/span>\n\t\t<\/div>\n\t\t\t\t\t\t<\/div>\n\t\t\t\t<\/div>\n\t\t\t\t\t<\/div>\n\t\t<\/div>\n\t\t\t\t\t<\/div>\n\t\t<\/section>\n\t\t\t\t<section class=\"elementor-section elementor-top-section elementor-element elementor-element-a828fc8 elementor-section-height-default elementor-section-boxed elementor-section-height-default\" data-id=\"a828fc8\" data-element_type=\"section\" data-e-type=\"section\">\n\t\t\t\t\t\t<div class=\"elementor-container elementor-column-gap-default\">\n\t\t\t\t\t<div class=\"elementor-column elementor-col-50 elementor-inner-column elementor-element elementor-element-7fe0fac\" data-id=\"7fe0fac\" data-element_type=\"column\" data-e-type=\"column\">\n\t\t\t<div class=\"elementor-widget-wrap\">\n\t\t\t\t\t\t\t<\/div>\n\t\t<\/div>\n\t\t\t\t<div class=\"elementor-column elementor-col-50 elementor-inner-column elementor-element elementor-element-6aa1ff7\" data-id=\"6aa1ff7\" data-element_type=\"column\" data-e-type=\"column\">\n\t\t\t<div class=\"elementor-widget-wrap elementor-element-populated\">\n\t\t\t\t\t\t<div class=\"elementor-element elementor-element-d90b2b9 elementor-widget elementor-widget-text-editor\" data-id=\"d90b2b9\" data-element_type=\"widget\" data-e-type=\"widget\" data-widget_type=\"text-editor.default\">\n\t\t\t\t<div class=\"elementor-widget-container\">\n\t\t\t\t\t\t\t\t\t<p><strong>La base, l'innovation et l'\u00e9galit\u00e9<\/strong><\/p>\t\t\t\t\t\t\t\t<\/div>\n\t\t\t\t<\/div>\n\t\t\t\t<div class=\"elementor-element elementor-element-8c099e7 elementor-widget elementor-widget-price-list\" data-id=\"8c099e7\" data-element_type=\"widget\" data-e-type=\"widget\" data-widget_type=\"price-list.default\">\n\t\t\t\t<div class=\"elementor-widget-container\">\n\t\t\t\t\t\n\t\t<ul class=\"elementor-price-list\">\n\n\t\t\t\t\t\t\t\t\t<li><a class=\"elementor-price-list-item\" href=\"#\">\t\t\t\t\n\t\t\t\t<div class=\"elementor-price-list-text\">\n\t\t\t\t\t\t\t\t\t<div class=\"elementor-price-list-header\">\n\t\t\t\t\t\t\t\t\t\t\t<span class=\"elementor-price-list-title\">\n\t\t\t\t\t\t\t\u00c9valuation de l'applicabilit\u00e9 et de la perception des pratiques de pleine conscience dans l'industrie de la beaut\u00e9 d'un petit \u00c9tat insulaire : Une approche th\u00e9orique ancr\u00e9e\t\t\t\t\t\t<\/span>\n\t\t\t\t\t\t\t\t\t\t\t\t\t\t\t\t\t\t<span class=\"elementor-price-list-separator\"><\/span>\n\t\t\t\t\t\t\t\t\t\t\t\t\t\t\t\t\t\t\t<span class=\"elementor-price-list-price\">Nadia Cauchi<\/span>\n\t\t\t\t\t\t\t\t\t\t<\/div>\n\t\t\t\t\t\t\t\t\t\t\t\t<\/div>\n\t\t\t\t<\/a><\/li>\t\t\t\t\t\t\t\t\t\t\t\t<li><a class=\"elementor-price-list-item\" href=\"#\">\t\t\t\t\n\t\t\t\t<div class=\"elementor-price-list-text\">\n\t\t\t\t\t\t\t\t\t<div class=\"elementor-price-list-header\">\n\t\t\t\t\t\t\t\t\t\t\t<span class=\"elementor-price-list-title\">\n\t\t\t\t\t\t\tUn conte de notre temps : la pleine conscience, la pand\u00e9mie de Covid-19 et les enseignants en formation.\t\t\t\t\t\t<\/span>\n\t\t\t\t\t\t\t\t\t\t\t\t\t\t\t\t\t\t<span class=\"elementor-price-list-separator\"><\/span>\n\t\t\t\t\t\t\t\t\t\t\t\t\t\t\t\t\t\t\t<span class=\"elementor-price-list-price\">Natalie Reynolds<\/span>\n\t\t\t\t\t\t\t\t\t\t<\/div>\n\t\t\t\t\t\t\t\t\t\t\t\t<\/div>\n\t\t\t\t<\/a><\/li>\t\t\t\t\t\t\t\t\t\t\t\t<li><a class=\"elementor-price-list-item\" href=\"#\">\t\t\t\t\n\t\t\t\t<div class=\"elementor-price-list-text\">\n\t\t\t\t\t\t\t\t\t<div class=\"elementor-price-list-header\">\n\t\t\t\t\t\t\t\t\t\t\t<span class=\"elementor-price-list-title\">\n\t\t\t\t\t\t\tTransformer la d\u00e9tresse empathique en compassion - Le parcours d'un h\u00e9ros pour les aidants familiaux.\t\t\t\t\t\t<\/span>\n\t\t\t\t\t\t\t\t\t\t\t\t\t\t\t\t\t\t<span class=\"elementor-price-list-separator\"><\/span>\n\t\t\t\t\t\t\t\t\t\t\t\t\t\t\t\t\t\t\t<span class=\"elementor-price-list-price\">Jacqueline Seery<\/span>\n\t\t\t\t\t\t\t\t\t\t<\/div>\n\t\t\t\t\t\t\t\t\t\t\t\t<\/div>\n\t\t\t\t<\/a><\/li>\t\t\t\t\t\t\t\t\t\t\t\t<li><a class=\"elementor-price-list-item\" href=\"#\">\t\t\t\t\n\t\t\t\t<div class=\"elementor-price-list-text\">\n\t\t\t\t\t\t\t\t\t<div class=\"elementor-price-list-header\">\n\t\t\t\t\t\t\t\t\t\t\t<span class=\"elementor-price-list-title\">\n\t\t\t\t\t\t\tConceptualiser les pratiques contemplatives : explorer les impacts de la pleine conscience dans l'enseignement de l'architecture d'int\u00e9rieur\t\t\t\t\t\t<\/span>\n\t\t\t\t\t\t\t\t\t\t\t\t\t\t\t\t\t\t<span class=\"elementor-price-list-separator\"><\/span>\n\t\t\t\t\t\t\t\t\t\t\t\t\t\t\t\t\t\t\t<span class=\"elementor-price-list-price\">Bur\u00e7ak Altay<\/span>\n\t\t\t\t\t\t\t\t\t\t<\/div>\n\t\t\t\t\t\t\t\t\t\t\t\t<\/div>\n\t\t\t\t<\/a><\/li>\t\t\t\t\t\t\t\t\t\t\t\t<li><a class=\"elementor-price-list-item\" href=\"#\">\t\t\t\t\n\t\t\t\t<div class=\"elementor-price-list-text\">\n\t\t\t\t\t\t\t\t\t<div class=\"elementor-price-list-header\">\n\t\t\t\t\t\t\t\t\t\t\t<span class=\"elementor-price-list-title\">\n\t\t\t\t\t\t\tR\u00e9duction du stress bas\u00e9e sur la pleine conscience (Mindfulness-Based Stress Reduction) - Couverture de l'assurance maladie : Si, comment et quand ? Une analyse Delphi des parties prenantes de l'application int\u00e9gr\u00e9e des connaissances (iKT) ?\t\t\t\t\t\t<\/span>\n\t\t\t\t\t\t\t\t\t\t\t\t\t\t\t\t\t\t<span class=\"elementor-price-list-separator\"><\/span>\n\t\t\t\t\t\t\t\t\t\t\t\t\t\t\t\t\t\t\t<span class=\"elementor-price-list-price\">Eric Loucks<\/span>\n\t\t\t\t\t\t\t\t\t\t<\/div>\n\t\t\t\t\t\t\t\t\t\t\t\t<\/div>\n\t\t\t\t<\/a><\/li>\t\t\t\t\t\n\t\t<\/ul>\n\n\t\t\t\t\t\t<\/div>\n\t\t\t\t<\/div>\n\t\t\t\t\t<\/div>\n\t\t<\/div>\n\t\t\t\t\t<\/div>\n\t\t<\/section>\n\t\t\t\t<section class=\"elementor-section elementor-top-section elementor-element elementor-element-4f43a9c elementor-section-height-default elementor-section-boxed elementor-section-height-default\" data-id=\"4f43a9c\" data-element_type=\"section\" data-e-type=\"section\">\n\t\t\t\t\t\t<div class=\"elementor-container elementor-column-gap-default\">\n\t\t\t\t\t<div class=\"elementor-column elementor-col-50 elementor-inner-column elementor-element elementor-element-491cade\" data-id=\"491cade\" data-element_type=\"column\" data-e-type=\"column\">\n\t\t\t<div class=\"elementor-widget-wrap\">\n\t\t\t\t\t\t\t<\/div>\n\t\t<\/div>\n\t\t\t\t<div class=\"elementor-column elementor-col-50 elementor-inner-column elementor-element elementor-element-0fa7b21\" data-id=\"0fa7b21\" data-element_type=\"column\" data-e-type=\"column\" data-settings=\"{&quot;background_background&quot;:&quot;classic&quot;}\">\n\t\t\t<div class=\"elementor-widget-wrap elementor-element-populated\">\n\t\t\t\t\t\t<div class=\"elementor-element elementor-element-7e8d227 elementor-widget elementor-widget-text-editor\" data-id=\"7e8d227\" data-element_type=\"widget\" data-e-type=\"widget\" data-widget_type=\"text-editor.default\">\n\t\t\t\t<div class=\"elementor-widget-container\">\n\t\t\t\t\t\t\t\t\t<p><strong>La vie de compassion bas\u00e9e sur la pleine conscience<\/strong> (Groupe de recherche)<\/p>\t\t\t\t\t\t\t\t<\/div>\n\t\t\t\t<\/div>\n\t\t\t\t<div class=\"elementor-element elementor-element-e45b9d2 elementor-widget elementor-widget-price-list\" data-id=\"e45b9d2\" data-element_type=\"widget\" data-e-type=\"widget\" data-widget_type=\"price-list.default\">\n\t\t\t\t<div class=\"elementor-widget-container\">\n\t\t\t\t\t\n\t\t<ul class=\"elementor-price-list\">\n\n\t\t\t\t\t\t\t\t\t<li><a class=\"elementor-price-list-item\" href=\"#\">\t\t\t\t\n\t\t\t\t<div class=\"elementor-price-list-text\">\n\t\t\t\t\t\t\t\t\t<div class=\"elementor-price-list-header\">\n\t\t\t\t\t\t\t\t\t\t\t<span class=\"elementor-price-list-title\">\n\t\t\t\t\t\t\tR\u00e9tablissement d'une d\u00e9pression r\u00e9currente : l'efficacit\u00e9 d'une vie de compassion bas\u00e9e sur la pleine conscience dans le cas d'une d\u00e9pression r\u00e9currente\t\t\t\t\t\t<\/span>\n\t\t\t\t\t\t\t\t\t\t\t\t\t\t\t\t\t\t<span class=\"elementor-price-list-separator\"><\/span>\n\t\t\t\t\t\t\t\t\t\t\t\t\t\t\t\t\t\t\t<span class=\"elementor-price-list-price\">Marloes Huijbers<\/span>\n\t\t\t\t\t\t\t\t\t\t<\/div>\n\t\t\t\t\t\t\t\t\t\t\t\t<\/div>\n\t\t\t\t<\/a><\/li>\t\t\t\t\t\t\t\t\t\t\t\t<li><a class=\"elementor-price-list-item\" href=\"#\">\t\t\t\t\n\t\t\t\t<div class=\"elementor-price-list-text\">\n\t\t\t\t\t\t\t\t\t<div class=\"elementor-price-list-header\">\n\t\t\t\t\t\t\t\t\t\t\t<span class=\"elementor-price-list-title\">\n\t\t\t\t\t\t\tM\u00e9canismes de changement de la vie de compassion bas\u00e9e sur la pleine conscience pour la d\u00e9pression r\u00e9currente : examen de l'\u00e9vitement exp\u00e9rientiel, de la peur de l'autocompassion et de l'affect positif en tant que m\u00e9diateurs potentiels de la r\u00e9ponse.\t\t\t\t\t\t<\/span>\n\t\t\t\t\t\t\t\t\t\t\t\t\t\t\t\t\t\t<span class=\"elementor-price-list-separator\"><\/span>\n\t\t\t\t\t\t\t\t\t\t\t\t\t\t\t\t\t\t\t<span class=\"elementor-price-list-price\">Imke Hanssen<\/span>\n\t\t\t\t\t\t\t\t\t\t<\/div>\n\t\t\t\t\t\t\t\t\t\t\t\t<\/div>\n\t\t\t\t<\/a><\/li>\t\t\t\t\t\t\t\t\t\t\t\t<li><a class=\"elementor-price-list-item\" href=\"#\">\t\t\t\t\n\t\t\t\t<div class=\"elementor-price-list-text\">\n\t\t\t\t\t\t\t\t\t<div class=\"elementor-price-list-header\">\n\t\t\t\t\t\t\t\t\t\t\t<span class=\"elementor-price-list-title\">\n\t\t\t\t\t\t\tInteraction entre l'autocompassion et l'affect au cours d'une vie de compassion bas\u00e9e sur la pleine conscience (MBCL) pour une d\u00e9pression r\u00e9currente : Une analyse des trajectoires latentes autor\u00e9gressives\t\t\t\t\t\t<\/span>\n\t\t\t\t\t\t\t\t\t\t\t\t\t\t\t\t\t\t<span class=\"elementor-price-list-separator\"><\/span>\n\t\t\t\t\t\t\t\t\t\t\t\t\t\t\t\t\t\t\t<span class=\"elementor-price-list-price\">Marleen ter Avest<\/span>\n\t\t\t\t\t\t\t\t\t\t<\/div>\n\t\t\t\t\t\t\t\t\t\t\t\t<\/div>\n\t\t\t\t<\/a><\/li>\t\t\t\t\t\t\t\t\t\t\t\t<li><a class=\"elementor-price-list-item\" href=\"#\">\t\t\t\t\n\t\t\t\t<div class=\"elementor-price-list-text\">\n\t\t\t\t\t\t\t\t\t<div class=\"elementor-price-list-header\">\n\t\t\t\t\t\t\t\t\t\t\t<span class=\"elementor-price-list-title\">\n\t\t\t\t\t\t\tChangements dans les sch\u00e9mas de soi apr\u00e8s un traitement de la d\u00e9pression r\u00e9currente fond\u00e9 sur la pleine conscience et la compassion : une \u00e9tude \u00e0 m\u00e9thodes mixtes\t\t\t\t\t\t<\/span>\n\t\t\t\t\t\t\t\t\t\t\t\t\t\t\t\t\t\t<span class=\"elementor-price-list-separator\"><\/span>\n\t\t\t\t\t\t\t\t\t\t\t\t\t\t\t\t\t\t\t<span class=\"elementor-price-list-price\">Vera Scheepbouwer<\/span>\n\t\t\t\t\t\t\t\t\t\t<\/div>\n\t\t\t\t\t\t\t\t\t\t\t\t<\/div>\n\t\t\t\t<\/a><\/li>\t\t\t\t\t\n\t\t<\/ul>\n\n\t\t\t\t\t\t<\/div>\n\t\t\t\t<\/div>\n\t\t\t\t\t<\/div>\n\t\t<\/div>\n\t\t\t\t\t<\/div>\n\t\t<\/section>\n\t\t\t\t<section class=\"elementor-section elementor-top-section elementor-element elementor-element-e867020 elementor-section-height-default elementor-section-boxed elementor-section-height-default\" data-id=\"e867020\" data-element_type=\"section\" data-e-type=\"section\">\n\t\t\t\t\t\t<div class=\"elementor-container elementor-column-gap-default\">\n\t\t\t\t\t<div class=\"elementor-column elementor-col-50 elementor-inner-column elementor-element elementor-element-c40c9bf\" data-id=\"c40c9bf\" data-element_type=\"column\" data-e-type=\"column\">\n\t\t\t<div class=\"elementor-widget-wrap\">\n\t\t\t\t\t\t\t<\/div>\n\t\t<\/div>\n\t\t\t\t<div class=\"elementor-column elementor-col-50 elementor-inner-column elementor-element elementor-element-00eb5e5\" data-id=\"00eb5e5\" data-element_type=\"column\" data-e-type=\"column\">\n\t\t\t<div class=\"elementor-widget-wrap elementor-element-populated\">\n\t\t\t\t\t\t<div class=\"elementor-element elementor-element-ac87e4d elementor-widget elementor-widget-text-editor\" data-id=\"ac87e4d\" data-element_type=\"widget\" data-e-type=\"widget\" data-widget_type=\"text-editor.default\">\n\t\t\t\t<div class=\"elementor-widget-container\">\n\t\t\t\t\t\t\t\t\t<p><strong>Mindfulness pour le personnel de sant\u00e9 <\/strong>(Groupe de recherche)<\/p>\t\t\t\t\t\t\t\t<\/div>\n\t\t\t\t<\/div>\n\t\t\t\t<div class=\"elementor-element elementor-element-6f84278 elementor-widget elementor-widget-price-list\" data-id=\"6f84278\" data-element_type=\"widget\" data-e-type=\"widget\" data-widget_type=\"price-list.default\">\n\t\t\t\t<div class=\"elementor-widget-container\">\n\t\t\t\t\t\n\t\t<ul class=\"elementor-price-list\">\n\n\t\t\t\t\t\t\t\t\t<li><a class=\"elementor-price-list-item\" href=\"#\">\t\t\t\t\n\t\t\t\t<div class=\"elementor-price-list-text\">\n\t\t\t\t\t\t\t\t\t<div class=\"elementor-price-list-header\">\n\t\t\t\t\t\t\t\t\t\t\t<span class=\"elementor-price-list-title\">\n\t\t\t\t\t\t\tUn bref cours de Mindful Self Care : l'exp\u00e9rience ta\u00efwanaise\t\t\t\t\t\t<\/span>\n\t\t\t\t\t\t\t\t\t\t\t\t\t\t\t\t\t\t<span class=\"elementor-price-list-separator\"><\/span>\n\t\t\t\t\t\t\t\t\t\t\t\t\t\t\t\t\t\t\t<span class=\"elementor-price-list-price\">Jian-Hong Chen<\/span>\n\t\t\t\t\t\t\t\t\t\t<\/div>\n\t\t\t\t\t\t\t\t\t\t\t\t<\/div>\n\t\t\t\t<\/a><\/li>\t\t\t\t\t\t\t\t\t\t\t\t<li><a class=\"elementor-price-list-item\" href=\"#\">\t\t\t\t\n\t\t\t\t<div class=\"elementor-price-list-text\">\n\t\t\t\t\t\t\t\t\t<div class=\"elementor-price-list-header\">\n\t\t\t\t\t\t\t\t\t\t\t<span class=\"elementor-price-list-title\">\n\t\t\t\t\t\t\tUn bref cours de Mindful Self Care pour le personnel de sant\u00e9 : l'exp\u00e9rience du NHS\t\t\t\t\t\t<\/span>\n\t\t\t\t\t\t\t\t\t\t\t\t\t\t\t\t\t\t<span class=\"elementor-price-list-separator\"><\/span>\n\t\t\t\t\t\t\t\t\t\t\t\t\t\t\t\t\t\t\t<span class=\"elementor-price-list-price\">Maura Kenny<\/span>\n\t\t\t\t\t\t\t\t\t\t<\/div>\n\t\t\t\t\t\t\t\t\t\t\t\t<\/div>\n\t\t\t\t<\/a><\/li>\t\t\t\t\t\t\t\t\t\t\t\t<li><a class=\"elementor-price-list-item\" href=\"#\">\t\t\t\t\n\t\t\t\t<div class=\"elementor-price-list-text\">\n\t\t\t\t\t\t\t\t\t<div class=\"elementor-price-list-header\">\n\t\t\t\t\t\t\t\t\t\t\t<span class=\"elementor-price-list-title\">\n\t\t\t\t\t\t\tLa pleine conscience pour la vie : R\u00e9sultats et implications d'un essai contr\u00f4l\u00e9 randomis\u00e9 \u00e9valuant la th\u00e9rapie cognitive bas\u00e9e sur la pleine conscience pour la formation \u00e0 la vie du personnel du NHS\t\t\t\t\t\t<\/span>\n\t\t\t\t\t\t\t\t\t\t\t\t\t\t\t\t\t\t<span class=\"elementor-price-list-separator\"><\/span>\n\t\t\t\t\t\t\t\t\t\t\t\t\t\t\t\t\t\t\t<span class=\"elementor-price-list-price\">Clara Strauss<\/span>\n\t\t\t\t\t\t\t\t\t\t<\/div>\n\t\t\t\t\t\t\t\t\t\t\t\t<\/div>\n\t\t\t\t<\/a><\/li>\t\t\t\t\t\t\t\t\t\t\t\t<li><a class=\"elementor-price-list-item\" href=\"#\">\t\t\t\t\n\t\t\t\t<div class=\"elementor-price-list-text\">\n\t\t\t\t\t\t\t\t\t<div class=\"elementor-price-list-header\">\n\t\t\t\t\t\t\t\t\t\t\t<span class=\"elementor-price-list-title\">\n\t\t\t\t\t\t\tL'exp\u00e9rience du programme national britannique de formation \u00e0 la MBCT dans le cadre des th\u00e9rapies parlantes du NHS\t\t\t\t\t\t<\/span>\n\t\t\t\t\t\t\t\t\t\t\t\t\t\t\t\t\t\t<span class=\"elementor-price-list-separator\"><\/span>\n\t\t\t\t\t\t\t\t\t\t\t\t\t\t\t\t\t\t\t<span class=\"elementor-price-list-price\">Robert Marx et Tim Sweeney<\/span>\n\t\t\t\t\t\t\t\t\t\t<\/div>\n\t\t\t\t\t\t\t\t\t\t\t\t<\/div>\n\t\t\t\t<\/a><\/li>\t\t\t\t\t\n\t\t<\/ul>\n\n\t\t\t\t\t\t<\/div>\n\t\t\t\t<\/div>\n\t\t\t\t\t<\/div>\n\t\t<\/div>\n\t\t\t\t\t<\/div>\n\t\t<\/section>\n\t\t\t\t<section class=\"elementor-section elementor-top-section elementor-element elementor-element-e61d456 elementor-section-height-default elementor-section-boxed elementor-section-height-default\" data-id=\"e61d456\" data-element_type=\"section\" data-e-type=\"section\">\n\t\t\t\t\t\t<div class=\"elementor-container elementor-column-gap-default\">\n\t\t\t\t\t<div class=\"elementor-column elementor-col-50 elementor-inner-column elementor-element elementor-element-0508c02\" data-id=\"0508c02\" data-element_type=\"column\" data-e-type=\"column\">\n\t\t\t<div class=\"elementor-widget-wrap\">\n\t\t\t\t\t\t\t<\/div>\n\t\t<\/div>\n\t\t\t\t<div class=\"elementor-column elementor-col-50 elementor-inner-column elementor-element elementor-element-9c8846f\" data-id=\"9c8846f\" data-element_type=\"column\" data-e-type=\"column\" data-settings=\"{&quot;background_background&quot;:&quot;classic&quot;}\">\n\t\t\t<div class=\"elementor-widget-wrap elementor-element-populated\">\n\t\t\t\t\t\t<div class=\"elementor-element elementor-element-29d7716 elementor-widget elementor-widget-text-editor\" data-id=\"29d7716\" data-element_type=\"widget\" data-e-type=\"widget\" data-widget_type=\"text-editor.default\">\n\t\t\t\t<div class=\"elementor-widget-container\">\n\t\t\t\t\t\t\t\t\t<p><strong>La pleine conscience pour les populations cliniques\/la pleine conscience et le monde num\u00e9rique <\/strong><\/p>\t\t\t\t\t\t\t\t<\/div>\n\t\t\t\t<\/div>\n\t\t\t\t<div class=\"elementor-element elementor-element-c09484e elementor-widget elementor-widget-price-list\" data-id=\"c09484e\" data-element_type=\"widget\" data-e-type=\"widget\" data-widget_type=\"price-list.default\">\n\t\t\t\t<div class=\"elementor-widget-container\">\n\t\t\t\t\t\n\t\t<ul class=\"elementor-price-list\">\n\n\t\t\t\t\t\t\t\t\t<li><a class=\"elementor-price-list-item\" href=\"#\">\t\t\t\t\n\t\t\t\t<div class=\"elementor-price-list-text\">\n\t\t\t\t\t\t\t\t\t<div class=\"elementor-price-list-header\">\n\t\t\t\t\t\t\t\t\t\t\t<span class=\"elementor-price-list-title\">\n\t\t\t\t\t\t\tTh\u00e9rapie bas\u00e9e sur la pleine conscience pour la gestion de la fatigue - int\u00e9gration de l'exp\u00e9rience du patient avec les meilleures pratiques en mati\u00e8re d'autogestion et de MBAs\t\t\t\t\t\t<\/span>\n\t\t\t\t\t\t\t\t\t\t\t\t\t\t\t\t\t\t<span class=\"elementor-price-list-separator\"><\/span>\n\t\t\t\t\t\t\t\t\t\t\t\t\t\t\t\t\t\t\t<span class=\"elementor-price-list-price\">Fiona Mckechnie<\/span>\n\t\t\t\t\t\t\t\t\t\t<\/div>\n\t\t\t\t\t\t\t\t\t\t\t\t<\/div>\n\t\t\t\t<\/a><\/li>\t\t\t\t\t\t\t\t\t\t\t\t<li><a class=\"elementor-price-list-item\" href=\"#\">\t\t\t\t\n\t\t\t\t<div class=\"elementor-price-list-text\">\n\t\t\t\t\t\t\t\t\t<div class=\"elementor-price-list-header\">\n\t\t\t\t\t\t\t\t\t\t\t<span class=\"elementor-price-list-title\">\n\t\t\t\t\t\t\tProtocole de soutien \u00e0 la r\u00e9cup\u00e9ration apr\u00e8s un accident vasculaire c\u00e9r\u00e9bral bas\u00e9 sur la pleine conscience (MBRFS) :  Une \u00e9tude pilote\t\t\t\t\t\t<\/span>\n\t\t\t\t\t\t\t\t\t\t\t\t\t\t\t\t\t\t<span class=\"elementor-price-list-separator\"><\/span>\n\t\t\t\t\t\t\t\t\t\t\t\t\t\t\t\t\t\t\t<span class=\"elementor-price-list-price\">Lori Gray<\/span>\n\t\t\t\t\t\t\t\t\t\t<\/div>\n\t\t\t\t\t\t\t\t\t\t\t\t<\/div>\n\t\t\t\t<\/a><\/li>\t\t\t\t\t\t\t\t\t\t\t\t<li><a class=\"elementor-price-list-item\" href=\"#\">\t\t\t\t\n\t\t\t\t<div class=\"elementor-price-list-text\">\n\t\t\t\t\t\t\t\t\t<div class=\"elementor-price-list-header\">\n\t\t\t\t\t\t\t\t\t\t\t<span class=\"elementor-price-list-title\">\n\t\t\t\t\t\t\tApp vs. MBSR - The Middle Way : Impact of a Hybrid Mindfulness-Based Intervention on Health Professions Students, Faculty and Staff's Perceived Stress, Self-compassion and Well-being.\t\t\t\t\t\t<\/span>\n\t\t\t\t\t\t\t\t\t\t\t\t\t\t\t\t\t\t<span class=\"elementor-price-list-separator\"><\/span>\n\t\t\t\t\t\t\t\t\t\t\t\t\t\t\t\t\t\t\t<span class=\"elementor-price-list-price\">Sophie Revillard Kaufman<\/span>\n\t\t\t\t\t\t\t\t\t\t<\/div>\n\t\t\t\t\t\t\t\t\t\t\t\t<\/div>\n\t\t\t\t<\/a><\/li>\t\t\t\t\t\t\t\t\t\t\t\t<li><a class=\"elementor-price-list-item\" href=\"#\">\t\t\t\t\n\t\t\t\t<div class=\"elementor-price-list-text\">\n\t\t\t\t\t\t\t\t\t<div class=\"elementor-price-list-header\">\n\t\t\t\t\t\t\t\t\t\t\t<span class=\"elementor-price-list-title\">\n\t\t\t\t\t\t\tEfficacit\u00e9 de la th\u00e9rapie cognitive br\u00e8ve bas\u00e9e sur la pleine conscience en ligne pour l'am\u00e9lioration de la productivit\u00e9 sur le lieu de travail : r\u00e9sultats d'un essai contr\u00f4l\u00e9 randomis\u00e9\t\t\t\t\t\t<\/span>\n\t\t\t\t\t\t\t\t\t\t\t\t\t\t\t\t\t\t<span class=\"elementor-price-list-separator\"><\/span>\n\t\t\t\t\t\t\t\t\t\t\t\t\t\t\t\t\t\t\t<span class=\"elementor-price-list-price\">Mitsuhiro Sado<\/span>\n\t\t\t\t\t\t\t\t\t\t<\/div>\n\t\t\t\t\t\t\t\t\t\t\t\t<\/div>\n\t\t\t\t<\/a><\/li>\t\t\t\t\t\n\t\t<\/ul>\n\n\t\t\t\t\t\t<\/div>\n\t\t\t\t<\/div>\n\t\t\t\t\t<\/div>\n\t\t<\/div>\n\t\t\t\t\t<\/div>\n\t\t<\/section>\n\t\t\t\t<section class=\"elementor-section elementor-top-section elementor-element elementor-element-a3cc325 elementor-section-height-default elementor-section-boxed elementor-section-height-default\" data-id=\"a3cc325\" data-element_type=\"section\" data-e-type=\"section\">\n\t\t\t\t\t\t<div class=\"elementor-container elementor-column-gap-default\">\n\t\t\t\t\t<div class=\"elementor-column elementor-col-50 elementor-inner-column elementor-element elementor-element-3b730ba\" data-id=\"3b730ba\" data-element_type=\"column\" data-e-type=\"column\">\n\t\t\t<div class=\"elementor-widget-wrap\">\n\t\t\t\t\t\t\t<\/div>\n\t\t<\/div>\n\t\t\t\t<div class=\"elementor-column elementor-col-50 elementor-inner-column elementor-element elementor-element-f195fad\" data-id=\"f195fad\" data-element_type=\"column\" data-e-type=\"column\">\n\t\t\t<div class=\"elementor-widget-wrap elementor-element-populated\">\n\t\t\t\t\t\t<div class=\"elementor-element elementor-element-0722999 elementor-widget elementor-widget-text-editor\" data-id=\"0722999\" data-element_type=\"widget\" data-e-type=\"widget\" data-widget_type=\"text-editor.default\">\n\t\t\t\t<div class=\"elementor-widget-container\">\n\t\t\t\t\t\t\t\t\t<p><strong>Pleine conscience et m\u00e9decine\/lieu de travail <\/strong><\/p>\t\t\t\t\t\t\t\t<\/div>\n\t\t\t\t<\/div>\n\t\t\t\t<div class=\"elementor-element elementor-element-7caecd1 elementor-widget elementor-widget-price-list\" data-id=\"7caecd1\" data-element_type=\"widget\" data-e-type=\"widget\" data-widget_type=\"price-list.default\">\n\t\t\t\t<div class=\"elementor-widget-container\">\n\t\t\t\t\t\n\t\t<ul class=\"elementor-price-list\">\n\n\t\t\t\t\t\t\t\t\t<li><a class=\"elementor-price-list-item\" href=\"#\">\t\t\t\t\n\t\t\t\t<div class=\"elementor-price-list-text\">\n\t\t\t\t\t\t\t\t\t<div class=\"elementor-price-list-header\">\n\t\t\t\t\t\t\t\t\t\t\t<span class=\"elementor-price-list-title\">\n\t\t\t\t\t\t\tPeut-on am\u00e9liorer la r\u00e9sistance au stress des m\u00e9decins de demain gr\u00e2ce \u00e0 la pleine conscience ?\t\t\t\t\t\t<\/span>\n\t\t\t\t\t\t\t\t\t\t\t\t\t\t\t\t\t\t<span class=\"elementor-price-list-separator\"><\/span>\n\t\t\t\t\t\t\t\t\t\t\t\t\t\t\t\t\t\t\t<span class=\"elementor-price-list-price\">Georgina Budd<\/span>\n\t\t\t\t\t\t\t\t\t\t<\/div>\n\t\t\t\t\t\t\t\t\t\t\t\t<\/div>\n\t\t\t\t<\/a><\/li>\t\t\t\t\t\t\t\t\t\t\t\t<li><a class=\"elementor-price-list-item\" href=\"#\">\t\t\t\t\n\t\t\t\t<div class=\"elementor-price-list-text\">\n\t\t\t\t\t\t\t\t\t<div class=\"elementor-price-list-header\">\n\t\t\t\t\t\t\t\t\t\t\t<span class=\"elementor-price-list-title\">\n\t\t\t\t\t\t\tL'efficacit\u00e9 du balayage corporel sur l'am\u00e9lioration de l'\u00e9tat de manque induit par la r\u00e9alit\u00e9 virtuelle dans une population souffrant de troubles li\u00e9s \u00e0 l'utilisation d'amph\u00e9tamines\t\t\t\t\t\t<\/span>\n\t\t\t\t\t\t\t\t\t\t\t\t\t\t\t\t\t\t<span class=\"elementor-price-list-separator\"><\/span>\n\t\t\t\t\t\t\t\t\t\t\t\t\t\t\t\t\t\t\t<span class=\"elementor-price-list-price\">Kun-hua Lee<\/span>\n\t\t\t\t\t\t\t\t\t\t<\/div>\n\t\t\t\t\t\t\t\t\t\t\t\t<\/div>\n\t\t\t\t<\/a><\/li>\t\t\t\t\t\t\t\t\t\t\t\t<li><a class=\"elementor-price-list-item\" href=\"#\">\t\t\t\t\n\t\t\t\t<div class=\"elementor-price-list-text\">\n\t\t\t\t\t\t\t\t\t<div class=\"elementor-price-list-header\">\n\t\t\t\t\t\t\t\t\t\t\t<span class=\"elementor-price-list-title\">\n\t\t\t\t\t\t\tL'entra\u00eenement \u00e0 la r\u00e9silience au stress renforce les substrats neuronaux et les mesures biocomportementales associ\u00e9es \u00e0 la comp\u00e9tence et \u00e0 la r\u00e9silience chez les r\u00e9sidents en chirurgie et ceux qui se concentrent sur les proc\u00e9dures : Un essai prospectif randomis\u00e9\t\t\t\t\t\t<\/span>\n\t\t\t\t\t\t\t\t\t\t\t\t\t\t\t\t\t\t<span class=\"elementor-price-list-separator\"><\/span>\n\t\t\t\t\t\t\t\t\t\t\t\t\t\t\t\t\t\t\t<span class=\"elementor-price-list-price\">Carter Lebares<\/span>\n\t\t\t\t\t\t\t\t\t\t<\/div>\n\t\t\t\t\t\t\t\t\t\t\t\t<\/div>\n\t\t\t\t<\/a><\/li>\t\t\t\t\t\t\t\t\t\t\t\t<li><a class=\"elementor-price-list-item\" href=\"#\">\t\t\t\t\n\t\t\t\t<div class=\"elementor-price-list-text\">\n\t\t\t\t\t\t\t\t\t<div class=\"elementor-price-list-header\">\n\t\t\t\t\t\t\t\t\t\t\t<span class=\"elementor-price-list-title\">\n\t\t\t\t\t\t\tFormation am\u00e9lior\u00e9e \u00e0 la r\u00e9silience au stress pour les stagiaires en chirurgie au Royaume-Uni ; \u00e9valuation de l'effet et de l'\u00e9volution\t\t\t\t\t\t<\/span>\n\t\t\t\t\t\t\t\t\t\t\t\t\t\t\t\t\t\t<span class=\"elementor-price-list-separator\"><\/span>\n\t\t\t\t\t\t\t\t\t\t\t\t\t\t\t\t\t\t\t<span class=\"elementor-price-list-price\">Oliver Luton<\/span>\n\t\t\t\t\t\t\t\t\t\t<\/div>\n\t\t\t\t\t\t\t\t\t\t\t\t<\/div>\n\t\t\t\t<\/a><\/li>\t\t\t\t\t\t\t\t\t\t\t\t<li><a class=\"elementor-price-list-item\" href=\"#\">\t\t\t\t\n\t\t\t\t<div class=\"elementor-price-list-text\">\n\t\t\t\t\t\t\t\t\t<div class=\"elementor-price-list-header\">\n\t\t\t\t\t\t\t\t\t\t\t<span class=\"elementor-price-list-title\">\n\t\t\t\t\t\t\tAm\u00e9liorer le bien-\u00eatre du personnel : A Case Study of Peer-to-Peer Mindfulness-Based Programmes at UN Human Rights.\t\t\t\t\t\t<\/span>\n\t\t\t\t\t\t\t\t\t\t\t\t\t\t\t\t\t\t<span class=\"elementor-price-list-separator\"><\/span>\n\t\t\t\t\t\t\t\t\t\t\t\t\t\t\t\t\t\t\t<span class=\"elementor-price-list-price\">Mara Lisa Arizaga<\/span>\n\t\t\t\t\t\t\t\t\t\t<\/div>\n\t\t\t\t\t\t\t\t\t\t\t\t<\/div>\n\t\t\t\t<\/a><\/li>\t\t\t\t\t\n\t\t<\/ul>\n\n\t\t\t\t\t\t<\/div>\n\t\t\t\t<\/div>\n\t\t\t\t\t<\/div>\n\t\t<\/div>\n\t\t\t\t\t<\/div>\n\t\t<\/section>\n\t\t\t\t<section class=\"elementor-section elementor-top-section elementor-element elementor-element-5532f4e elementor-section-boxed elementor-section-height-default elementor-section-height-default\" data-id=\"5532f4e\" data-element_type=\"section\" data-e-type=\"section\">\n\t\t\t\t\t\t<div class=\"elementor-container elementor-column-gap-default\">\n\t\t\t\t\t<div class=\"elementor-column elementor-col-100 elementor-top-column elementor-element elementor-element-2bd37995\" data-id=\"2bd37995\" data-element_type=\"column\" data-e-type=\"column\">\n\t\t\t<div class=\"elementor-widget-wrap elementor-element-populated\">\n\t\t\t\t\t\t<div class=\"elementor-element elementor-element-6275dd8 elementor-widget-divider--view-line elementor-widget elementor-widget-divider\" data-id=\"6275dd8\" data-element_type=\"widget\" data-e-type=\"widget\" data-widget_type=\"divider.default\">\n\t\t\t\t<div class=\"elementor-widget-container\">\n\t\t\t\t\t\t\t<div class=\"elementor-divider\">\n\t\t\t<span class=\"elementor-divider-separator\">\n\t\t\t\t\t\t<\/span>\n\t\t<\/div>\n\t\t\t\t\t\t<\/div>\n\t\t\t\t<\/div>\n\t\t\t\t\t<\/div>\n\t\t<\/div>\n\t\t\t\t\t<\/div>\n\t\t<\/section>\n\t\t\t\t<\/div>","protected":false},"excerpt":{"rendered":"<p>Grassroots, real world application, and innovation How does mindfulness fit into real life? Our changing world needs new, creative, and context-specific ways to offer mindfulness. In this strand, we\u2019ll share the joys and challenges of developing and teaching mindfulness-based programmes in everyday settings. We&#8217;ll learn from innovators working across a range of different environments and [&hellip;]<\/p>\n","protected":false},"author":3,"featured_media":5892,"comment_status":"closed","ping_status":"closed","sticky":false,"template":"","format":"standard","meta":{"_view_id":"","site-sidebar-layout":"default","site-content-layout":"","ast-site-content-layout":"default","site-content-style":"default","site-sidebar-style":"default","ast-global-header-display":"","ast-banner-title-visibility":"","ast-main-header-display":"","ast-hfb-above-header-display":"","ast-hfb-below-header-display":"","ast-hfb-mobile-header-display":"","site-post-title":"","ast-breadcrumbs-content":"","ast-featured-img":"","footer-sml-layout":"","ast-disable-related-posts":"","theme-transparent-header-meta":"","adv-header-id-meta":"","stick-header-meta":"","header-above-stick-meta":"","header-main-stick-meta":"","header-below-stick-meta":"","astra-migrate-meta-layouts":"set","ast-page-background-enabled":"default","ast-page-background-meta":{"desktop":{"background-color":"","background-image":"","background-repeat":"repeat","background-position":"center center","background-size":"auto","background-attachment":"scroll","background-type":"","background-media":"","overlay-type":"","overlay-color":"","overlay-opacity":"","overlay-gradient":""},"tablet":{"background-color":"","background-image":"","background-repeat":"repeat","background-position":"center center","background-size":"auto","background-attachment":"scroll","background-type":"","background-media":"","overlay-type":"","overlay-color":"","overlay-opacity":"","overlay-gradient":""},"mobile":{"background-color":"","background-image":"","background-repeat":"repeat","background-position":"center center","background-size":"auto","background-attachment":"scroll","background-type":"","background-media":"","overlay-type":"","overlay-color":"","overlay-opacity":"","overlay-gradient":""}},"ast-content-background-meta":{"desktop":{"background-color":"var(--ast-global-color-5)","background-image":"","background-repeat":"repeat","background-position":"center center","background-size":"auto","background-attachment":"scroll","background-type":"","background-media":"","overlay-type":"","overlay-color":"","overlay-opacity":"","overlay-gradient":""},"tablet":{"background-color":"var(--ast-global-color-5)","background-image":"","background-repeat":"repeat","background-position":"center center","background-size":"auto","background-attachment":"scroll","background-type":"","background-media":"","overlay-type":"","overlay-color":"","overlay-opacity":"","overlay-gradient":""},"mobile":{"background-color":"var(--ast-global-color-5)","background-image":"","background-repeat":"repeat","background-position":"center center","background-size":"auto","background-attachment":"scroll","background-type":"","background-media":"","overlay-type":"","overlay-color":"","overlay-opacity":"","overlay-gradient":""}},"_jetpack_memberships_contains_paid_content":false,"wds_primary_category":82,"footnotes":""},"categories":[82,100],"tags":[102,101,103],"class_list":["post-5885","post","type-post","status-publish","format-standard","has-post-thumbnail","hentry","category-five-strands","category-strand-4","tag-five-strands","tag-icm2024","tag-strand-4"],"yoast_head":"<!-- This site is optimized with the Yoast SEO plugin v27.5 - https:\/\/yoast.com\/product\/yoast-seo-wordpress\/ -->\n<title>Strand 4: Grassroots, real-world application, and innovation - International Conference on Mindfulness 2024<\/title>\n<meta name=\"description\" content=\"Five Strands\" \/>\n<meta name=\"robots\" content=\"index, follow, max-snippet:-1, max-image-preview:large, max-video-preview:-1\" \/>\n<link rel=\"canonical\" href=\"https:\/\/www.internationalmindfulnessconference.com\/fr\/2023\/12\/01\/volet-4-application-et-innovation-au-niveau-local-et-dans-le-monde-reel\/\" \/>\n<meta property=\"og:locale\" content=\"fr_FR\" \/>\n<meta property=\"og:type\" content=\"article\" \/>\n<meta property=\"og:title\" content=\"Strand 4: Grassroots, real-world application, and innovation - International Conference on Mindfulness 2024\" \/>\n<meta property=\"og:description\" content=\"Five Strands\" \/>\n<meta property=\"og:url\" content=\"https:\/\/www.internationalmindfulnessconference.com\/fr\/2023\/12\/01\/volet-4-application-et-innovation-au-niveau-local-et-dans-le-monde-reel\/\" \/>\n<meta property=\"og:site_name\" content=\"International Conference on Mindfulness 2024\" \/>\n<meta property=\"article:publisher\" content=\"https:\/\/www.facebook.com\/MindfulnessNetworkUK\/\" \/>\n<meta property=\"article:published_time\" content=\"2023-12-01T11:23:54+00:00\" \/>\n<meta property=\"article:modified_time\" content=\"2025-06-12T12:48:22+00:00\" \/>\n<meta property=\"og:image\" content=\"https:\/\/www.internationalmindfulnessconference.com\/wp-content\/uploads\/2023\/12\/Innovation.png\" \/>\n\t<meta property=\"og:image:width\" content=\"1024\" \/>\n\t<meta property=\"og:image:height\" content=\"1024\" \/>\n\t<meta property=\"og:image:type\" content=\"image\/png\" \/>\n<meta name=\"author\" content=\"Madeleine Hynes\" \/>\n<meta name=\"twitter:card\" content=\"summary_large_image\" \/>\n<meta name=\"twitter:creator\" content=\"@MindfulnessN\" \/>\n<meta name=\"twitter:site\" content=\"@MindfulnessN\" \/>\n<meta name=\"twitter:label1\" content=\"\u00c9crit par\" \/>\n\t<meta name=\"twitter:data1\" content=\"Madeleine Hynes\" \/>\n\t<meta name=\"twitter:label2\" content=\"Dur\u00e9e de lecture est.\" \/>\n\t<meta name=\"twitter:data2\" content=\"10 minutes\" \/>\n<script type=\"application\/ld+json\" class=\"yoast-schema-graph\">{\"@context\":\"https:\\\/\\\/schema.org\",\"@graph\":[{\"@type\":\"Article\",\"@id\":\"https:\\\/\\\/www.internationalmindfulnessconference.com\\\/2023\\\/12\\\/01\\\/strand-4-grassroots-real-world-application-and-innovation\\\/#article\",\"isPartOf\":{\"@id\":\"https:\\\/\\\/www.internationalmindfulnessconference.com\\\/2023\\\/12\\\/01\\\/strand-4-grassroots-real-world-application-and-innovation\\\/\"},\"author\":{\"name\":\"Madeleine Hynes\",\"@id\":\"https:\\\/\\\/www.internationalmindfulnessconference.com\\\/#\\\/schema\\\/person\\\/cfeb3e23341dd4fad358eae1d7744eac\"},\"headline\":\"Strand 4: Grassroots, real-world application, and innovation\",\"datePublished\":\"2023-12-01T11:23:54+00:00\",\"dateModified\":\"2025-06-12T12:48:22+00:00\",\"mainEntityOfPage\":{\"@id\":\"https:\\\/\\\/www.internationalmindfulnessconference.com\\\/2023\\\/12\\\/01\\\/strand-4-grassroots-real-world-application-and-innovation\\\/\"},\"wordCount\":2291,\"publisher\":{\"@id\":\"https:\\\/\\\/www.internationalmindfulnessconference.com\\\/#organization\"},\"image\":{\"@id\":\"https:\\\/\\\/www.internationalmindfulnessconference.com\\\/2023\\\/12\\\/01\\\/strand-4-grassroots-real-world-application-and-innovation\\\/#primaryimage\"},\"thumbnailUrl\":\"https:\\\/\\\/www.internationalmindfulnessconference.com\\\/wp-content\\\/uploads\\\/2023\\\/12\\\/Innovation.png\",\"keywords\":[\"five strands\",\"ICM:2024\",\"strand 4\"],\"articleSection\":[\"Five Strands\",\"STRAND 4\"],\"inLanguage\":\"fr-BE\"},{\"@type\":\"WebPage\",\"@id\":\"https:\\\/\\\/www.internationalmindfulnessconference.com\\\/2023\\\/12\\\/01\\\/strand-4-grassroots-real-world-application-and-innovation\\\/\",\"url\":\"https:\\\/\\\/www.internationalmindfulnessconference.com\\\/2023\\\/12\\\/01\\\/strand-4-grassroots-real-world-application-and-innovation\\\/\",\"name\":\"Strand 4: Grassroots, real-world application, and innovation - International Conference on Mindfulness 2024\",\"isPartOf\":{\"@id\":\"https:\\\/\\\/www.internationalmindfulnessconference.com\\\/#website\"},\"primaryImageOfPage\":{\"@id\":\"https:\\\/\\\/www.internationalmindfulnessconference.com\\\/2023\\\/12\\\/01\\\/strand-4-grassroots-real-world-application-and-innovation\\\/#primaryimage\"},\"image\":{\"@id\":\"https:\\\/\\\/www.internationalmindfulnessconference.com\\\/2023\\\/12\\\/01\\\/strand-4-grassroots-real-world-application-and-innovation\\\/#primaryimage\"},\"thumbnailUrl\":\"https:\\\/\\\/www.internationalmindfulnessconference.com\\\/wp-content\\\/uploads\\\/2023\\\/12\\\/Innovation.png\",\"datePublished\":\"2023-12-01T11:23:54+00:00\",\"dateModified\":\"2025-06-12T12:48:22+00:00\",\"description\":\"Five Strands\",\"breadcrumb\":{\"@id\":\"https:\\\/\\\/www.internationalmindfulnessconference.com\\\/2023\\\/12\\\/01\\\/strand-4-grassroots-real-world-application-and-innovation\\\/#breadcrumb\"},\"inLanguage\":\"fr-BE\",\"potentialAction\":[{\"@type\":\"ReadAction\",\"target\":[\"https:\\\/\\\/www.internationalmindfulnessconference.com\\\/2023\\\/12\\\/01\\\/strand-4-grassroots-real-world-application-and-innovation\\\/\"]}]},{\"@type\":\"ImageObject\",\"inLanguage\":\"fr-BE\",\"@id\":\"https:\\\/\\\/www.internationalmindfulnessconference.com\\\/2023\\\/12\\\/01\\\/strand-4-grassroots-real-world-application-and-innovation\\\/#primaryimage\",\"url\":\"https:\\\/\\\/www.internationalmindfulnessconference.com\\\/wp-content\\\/uploads\\\/2023\\\/12\\\/Innovation.png\",\"contentUrl\":\"https:\\\/\\\/www.internationalmindfulnessconference.com\\\/wp-content\\\/uploads\\\/2023\\\/12\\\/Innovation.png\",\"width\":1024,\"height\":1024},{\"@type\":\"BreadcrumbList\",\"@id\":\"https:\\\/\\\/www.internationalmindfulnessconference.com\\\/2023\\\/12\\\/01\\\/strand-4-grassroots-real-world-application-and-innovation\\\/#breadcrumb\",\"itemListElement\":[{\"@type\":\"ListItem\",\"position\":1,\"name\":\"Home\",\"item\":\"https:\\\/\\\/www.internationalmindfulnessconference.com\\\/\"},{\"@type\":\"ListItem\",\"position\":2,\"name\":\"Strand 4: Grassroots, real-world application, and innovation\"}]},{\"@type\":\"WebSite\",\"@id\":\"https:\\\/\\\/www.internationalmindfulnessconference.com\\\/#website\",\"url\":\"https:\\\/\\\/www.internationalmindfulnessconference.com\\\/\",\"name\":\"International Conference on Mindfulness 2024\",\"description\":\"ICM 2024: Mindfulness in a Changing World\",\"publisher\":{\"@id\":\"https:\\\/\\\/www.internationalmindfulnessconference.com\\\/#organization\"},\"alternateName\":\"ICM 2024\",\"potentialAction\":[{\"@type\":\"SearchAction\",\"target\":{\"@type\":\"EntryPoint\",\"urlTemplate\":\"https:\\\/\\\/www.internationalmindfulnessconference.com\\\/?s={search_term_string}\"},\"query-input\":{\"@type\":\"PropertyValueSpecification\",\"valueRequired\":true,\"valueName\":\"search_term_string\"}}],\"inLanguage\":\"fr-BE\"},{\"@type\":\"Organization\",\"@id\":\"https:\\\/\\\/www.internationalmindfulnessconference.com\\\/#organization\",\"name\":\"The Mindfulness Network\",\"alternateName\":\"Mindfulness Network\",\"url\":\"https:\\\/\\\/www.internationalmindfulnessconference.com\\\/\",\"logo\":{\"@type\":\"ImageObject\",\"inLanguage\":\"fr-BE\",\"@id\":\"https:\\\/\\\/www.internationalmindfulnessconference.com\\\/#\\\/schema\\\/logo\\\/image\\\/\",\"url\":\"https:\\\/\\\/www.internationalmindfulnessconference.com\\\/wp-content\\\/uploads\\\/2023\\\/01\\\/MNLogo-300x300-1.jpg\",\"contentUrl\":\"https:\\\/\\\/www.internationalmindfulnessconference.com\\\/wp-content\\\/uploads\\\/2023\\\/01\\\/MNLogo-300x300-1.jpg\",\"width\":300,\"height\":300,\"caption\":\"The Mindfulness Network\"},\"image\":{\"@id\":\"https:\\\/\\\/www.internationalmindfulnessconference.com\\\/#\\\/schema\\\/logo\\\/image\\\/\"},\"sameAs\":[\"https:\\\/\\\/www.facebook.com\\\/MindfulnessNetworkUK\\\/\",\"https:\\\/\\\/x.com\\\/MindfulnessN\"]},{\"@type\":\"Person\",\"@id\":\"https:\\\/\\\/www.internationalmindfulnessconference.com\\\/#\\\/schema\\\/person\\\/cfeb3e23341dd4fad358eae1d7744eac\",\"name\":\"Madeleine Hynes\",\"image\":{\"@type\":\"ImageObject\",\"inLanguage\":\"fr-BE\",\"@id\":\"https:\\\/\\\/www.internationalmindfulnessconference.com\\\/wp-content\\\/wphb-cache\\\/gravatar\\\/d20\\\/d204c6c9e5fdaaac6fb784dfcbf0793ex96.jpg\",\"url\":\"https:\\\/\\\/www.internationalmindfulnessconference.com\\\/wp-content\\\/wphb-cache\\\/gravatar\\\/d20\\\/d204c6c9e5fdaaac6fb784dfcbf0793ex96.jpg\",\"contentUrl\":\"https:\\\/\\\/www.internationalmindfulnessconference.com\\\/wp-content\\\/wphb-cache\\\/gravatar\\\/d20\\\/d204c6c9e5fdaaac6fb784dfcbf0793ex96.jpg\",\"caption\":\"Madeleine Hynes\"},\"url\":\"https:\\\/\\\/www.internationalmindfulnessconference.com\\\/fr\\\/author\\\/madeleinemindfulness-network-org\\\/\"}]}<\/script>\n<!-- \/ Yoast SEO plugin. -->","yoast_head_json":{"title":"Volet 4 : Base, application dans le monde r\u00e9el et innovation - Conf\u00e9rence internationale sur la pleine conscience 2024","description":"Cinq brins","robots":{"index":"index","follow":"follow","max-snippet":"max-snippet:-1","max-image-preview":"max-image-preview:large","max-video-preview":"max-video-preview:-1"},"canonical":"https:\/\/www.internationalmindfulnessconference.com\/fr\/2023\/12\/01\/volet-4-application-et-innovation-au-niveau-local-et-dans-le-monde-reel\/","og_locale":"fr_FR","og_type":"article","og_title":"Strand 4: Grassroots, real-world application, and innovation - International Conference on Mindfulness 2024","og_description":"Five Strands","og_url":"https:\/\/www.internationalmindfulnessconference.com\/fr\/2023\/12\/01\/volet-4-application-et-innovation-au-niveau-local-et-dans-le-monde-reel\/","og_site_name":"International Conference on Mindfulness 2024","article_publisher":"https:\/\/www.facebook.com\/MindfulnessNetworkUK\/","article_published_time":"2023-12-01T11:23:54+00:00","article_modified_time":"2025-06-12T12:48:22+00:00","og_image":[{"width":1024,"height":1024,"url":"https:\/\/www.internationalmindfulnessconference.com\/wp-content\/uploads\/2023\/12\/Innovation.png","type":"image\/png"}],"author":"Madeleine Hynes","twitter_card":"summary_large_image","twitter_creator":"@MindfulnessN","twitter_site":"@MindfulnessN","twitter_misc":{"\u00c9crit par":"Madeleine Hynes","Dur\u00e9e de lecture est.":"10 minutes"},"schema":{"@context":"https:\/\/schema.org","@graph":[{"@type":"Article","@id":"https:\/\/www.internationalmindfulnessconference.com\/2023\/12\/01\/strand-4-grassroots-real-world-application-and-innovation\/#article","isPartOf":{"@id":"https:\/\/www.internationalmindfulnessconference.com\/2023\/12\/01\/strand-4-grassroots-real-world-application-and-innovation\/"},"author":{"name":"Madeleine Hynes","@id":"https:\/\/www.internationalmindfulnessconference.com\/#\/schema\/person\/cfeb3e23341dd4fad358eae1d7744eac"},"headline":"Strand 4: Grassroots, real-world application, and innovation","datePublished":"2023-12-01T11:23:54+00:00","dateModified":"2025-06-12T12:48:22+00:00","mainEntityOfPage":{"@id":"https:\/\/www.internationalmindfulnessconference.com\/2023\/12\/01\/strand-4-grassroots-real-world-application-and-innovation\/"},"wordCount":2291,"publisher":{"@id":"https:\/\/www.internationalmindfulnessconference.com\/#organization"},"image":{"@id":"https:\/\/www.internationalmindfulnessconference.com\/2023\/12\/01\/strand-4-grassroots-real-world-application-and-innovation\/#primaryimage"},"thumbnailUrl":"https:\/\/www.internationalmindfulnessconference.com\/wp-content\/uploads\/2023\/12\/Innovation.png","keywords":["five strands","ICM:2024","strand 4"],"articleSection":["Five Strands","STRAND 4"],"inLanguage":"fr-BE"},{"@type":"WebPage","@id":"https:\/\/www.internationalmindfulnessconference.com\/2023\/12\/01\/strand-4-grassroots-real-world-application-and-innovation\/","url":"https:\/\/www.internationalmindfulnessconference.com\/2023\/12\/01\/strand-4-grassroots-real-world-application-and-innovation\/","name":"Volet 4 : Base, application dans le monde r\u00e9el et innovation - Conf\u00e9rence internationale sur la pleine conscience 2024","isPartOf":{"@id":"https:\/\/www.internationalmindfulnessconference.com\/#website"},"primaryImageOfPage":{"@id":"https:\/\/www.internationalmindfulnessconference.com\/2023\/12\/01\/strand-4-grassroots-real-world-application-and-innovation\/#primaryimage"},"image":{"@id":"https:\/\/www.internationalmindfulnessconference.com\/2023\/12\/01\/strand-4-grassroots-real-world-application-and-innovation\/#primaryimage"},"thumbnailUrl":"https:\/\/www.internationalmindfulnessconference.com\/wp-content\/uploads\/2023\/12\/Innovation.png","datePublished":"2023-12-01T11:23:54+00:00","dateModified":"2025-06-12T12:48:22+00:00","description":"Cinq brins","breadcrumb":{"@id":"https:\/\/www.internationalmindfulnessconference.com\/2023\/12\/01\/strand-4-grassroots-real-world-application-and-innovation\/#breadcrumb"},"inLanguage":"fr-BE","potentialAction":[{"@type":"ReadAction","target":["https:\/\/www.internationalmindfulnessconference.com\/2023\/12\/01\/strand-4-grassroots-real-world-application-and-innovation\/"]}]},{"@type":"ImageObject","inLanguage":"fr-BE","@id":"https:\/\/www.internationalmindfulnessconference.com\/2023\/12\/01\/strand-4-grassroots-real-world-application-and-innovation\/#primaryimage","url":"https:\/\/www.internationalmindfulnessconference.com\/wp-content\/uploads\/2023\/12\/Innovation.png","contentUrl":"https:\/\/www.internationalmindfulnessconference.com\/wp-content\/uploads\/2023\/12\/Innovation.png","width":1024,"height":1024},{"@type":"BreadcrumbList","@id":"https:\/\/www.internationalmindfulnessconference.com\/2023\/12\/01\/strand-4-grassroots-real-world-application-and-innovation\/#breadcrumb","itemListElement":[{"@type":"ListItem","position":1,"name":"Home","item":"https:\/\/www.internationalmindfulnessconference.com\/"},{"@type":"ListItem","position":2,"name":"Strand 4: Grassroots, real-world application, and innovation"}]},{"@type":"WebSite","@id":"https:\/\/www.internationalmindfulnessconference.com\/#website","url":"https:\/\/www.internationalmindfulnessconference.com\/","name":"Conf\u00e9rence internationale sur la pleine conscience 2024","description":"ICM 2024 : La pleine conscience dans un monde en mutation","publisher":{"@id":"https:\/\/www.internationalmindfulnessconference.com\/#organization"},"alternateName":"ICM 2024","potentialAction":[{"@type":"SearchAction","target":{"@type":"EntryPoint","urlTemplate":"https:\/\/www.internationalmindfulnessconference.com\/?s={search_term_string}"},"query-input":{"@type":"PropertyValueSpecification","valueRequired":true,"valueName":"search_term_string"}}],"inLanguage":"fr-BE"},{"@type":"Organization","@id":"https:\/\/www.internationalmindfulnessconference.com\/#organization","name":"Le r\u00e9seau Mindfulness","alternateName":"Mindfulness Network","url":"https:\/\/www.internationalmindfulnessconference.com\/","logo":{"@type":"ImageObject","inLanguage":"fr-BE","@id":"https:\/\/www.internationalmindfulnessconference.com\/#\/schema\/logo\/image\/","url":"https:\/\/www.internationalmindfulnessconference.com\/wp-content\/uploads\/2023\/01\/MNLogo-300x300-1.jpg","contentUrl":"https:\/\/www.internationalmindfulnessconference.com\/wp-content\/uploads\/2023\/01\/MNLogo-300x300-1.jpg","width":300,"height":300,"caption":"The Mindfulness Network"},"image":{"@id":"https:\/\/www.internationalmindfulnessconference.com\/#\/schema\/logo\/image\/"},"sameAs":["https:\/\/www.facebook.com\/MindfulnessNetworkUK\/","https:\/\/x.com\/MindfulnessN"]},{"@type":"Person","@id":"https:\/\/www.internationalmindfulnessconference.com\/#\/schema\/person\/cfeb3e23341dd4fad358eae1d7744eac","name":"Madeleine Hynes","image":{"@type":"ImageObject","inLanguage":"fr-BE","@id":"https:\/\/www.internationalmindfulnessconference.com\/wp-content\/wphb-cache\/gravatar\/d20\/d204c6c9e5fdaaac6fb784dfcbf0793ex96.jpg","url":"https:\/\/www.internationalmindfulnessconference.com\/wp-content\/wphb-cache\/gravatar\/d20\/d204c6c9e5fdaaac6fb784dfcbf0793ex96.jpg","contentUrl":"https:\/\/www.internationalmindfulnessconference.com\/wp-content\/wphb-cache\/gravatar\/d20\/d204c6c9e5fdaaac6fb784dfcbf0793ex96.jpg","caption":"Madeleine Hynes"},"url":"https:\/\/www.internationalmindfulnessconference.com\/fr\/author\/madeleinemindfulness-network-org\/"}]}},"jetpack_featured_media_url":"https:\/\/www.internationalmindfulnessconference.com\/wp-content\/uploads\/2023\/12\/Innovation.png","jetpack_sharing_enabled":true,"_links":{"self":[{"href":"https:\/\/www.internationalmindfulnessconference.com\/fr\/wp-json\/wp\/v2\/posts\/5885","targetHints":{"allow":["GET"]}}],"collection":[{"href":"https:\/\/www.internationalmindfulnessconference.com\/fr\/wp-json\/wp\/v2\/posts"}],"about":[{"href":"https:\/\/www.internationalmindfulnessconference.com\/fr\/wp-json\/wp\/v2\/types\/post"}],"author":[{"embeddable":true,"href":"https:\/\/www.internationalmindfulnessconference.com\/fr\/wp-json\/wp\/v2\/users\/3"}],"replies":[{"embeddable":true,"href":"https:\/\/www.internationalmindfulnessconference.com\/fr\/wp-json\/wp\/v2\/comments?post=5885"}],"version-history":[{"count":0,"href":"https:\/\/www.internationalmindfulnessconference.com\/fr\/wp-json\/wp\/v2\/posts\/5885\/revisions"}],"wp:featuredmedia":[{"embeddable":true,"href":"https:\/\/www.internationalmindfulnessconference.com\/fr\/wp-json\/wp\/v2\/media\/5892"}],"wp:attachment":[{"href":"https:\/\/www.internationalmindfulnessconference.com\/fr\/wp-json\/wp\/v2\/media?parent=5885"}],"wp:term":[{"taxonomy":"category","embeddable":true,"href":"https:\/\/www.internationalmindfulnessconference.com\/fr\/wp-json\/wp\/v2\/categories?post=5885"},{"taxonomy":"post_tag","embeddable":true,"href":"https:\/\/www.internationalmindfulnessconference.com\/fr\/wp-json\/wp\/v2\/tags?post=5885"}],"curies":[{"name":"wp","href":"https:\/\/api.w.org\/{rel}","templated":true}]}}