{"id":37601,"date":"2024-04-30T11:41:05","date_gmt":"2024-04-30T11:41:05","guid":{"rendered":"https:\/\/www.internationalmindfulnessconference.com\/?p=37601"},"modified":"2024-05-02T10:11:02","modified_gmt":"2024-05-02T10:11:02","slug":"icm2024-insights-navigating-neurodiversity-pt-2","status":"publish","type":"post","link":"https:\/\/www.internationalmindfulnessconference.com\/fr_fr\/2024\/04\/30\/icm2024-insights-navigating-neurodiversity-pt-2\/","title":{"rendered":"ICM:2024 INSIGHTS - NAVIGUER DANS LA NEURODIVERSIT\u00c9 PT.2"},"content":{"rendered":"<div data-elementor-type=\"wp-post\" data-elementor-id=\"37601\" class=\"elementor elementor-37601\" data-elementor-post-type=\"post\">\n\t\t\t\t\t\t<section class=\"elementor-section elementor-top-section elementor-element elementor-element-6b89928 elementor-section-boxed elementor-section-height-default elementor-section-height-default\" data-id=\"6b89928\" data-element_type=\"section\" data-e-type=\"section\">\n\t\t\t\t\t\t<div class=\"elementor-container elementor-column-gap-default\">\n\t\t\t\t\t<div class=\"elementor-column elementor-col-100 elementor-top-column elementor-element elementor-element-39e635ff\" data-id=\"39e635ff\" data-element_type=\"column\" data-e-type=\"column\">\n\t\t\t<div class=\"elementor-widget-wrap elementor-element-populated\">\n\t\t\t\t\t\t<div class=\"elementor-element elementor-element-8d7b231 elementor-widget elementor-widget-text-editor\" data-id=\"8d7b231\" data-element_type=\"widget\" data-e-type=\"widget\" data-widget_type=\"text-editor.default\">\n\t\t\t\t<div class=\"elementor-widget-container\">\n\t\t\t\t\t\t\t\t\t<p>Notre objectif est de rendre la 2024 International Mindfulness Conference aussi largement et facilement accessible que possible, y compris en accueillant des m\u00e9ditants neurodivergents. L'exploration de la neurodiversit\u00e9 apporte de nouvelles perspectives pour la pratique, l'enseignement et la recherche sur la pleine conscience. Dans ce blog, un membre neurodivergent de notre groupe consultatif EDI r\u00e9pond aux questions sur la neurodiversit\u00e9 et explique nos efforts pour cr\u00e9er une conf\u00e9rence incluant les neurodivergents.<\/p>\t\t\t\t\t\t\t\t<\/div>\n\t\t\t\t<\/div>\n\t\t\t\t<div class=\"elementor-element elementor-element-67416e4 elementor-widget-divider--view-line elementor-widget elementor-widget-divider\" data-id=\"67416e4\" data-element_type=\"widget\" data-e-type=\"widget\" data-widget_type=\"divider.default\">\n\t\t\t\t<div class=\"elementor-widget-container\">\n\t\t\t\t\t\t\t<div class=\"elementor-divider\">\n\t\t\t<span class=\"elementor-divider-separator\">\n\t\t\t\t\t\t<\/span>\n\t\t<\/div>\n\t\t\t\t\t\t<\/div>\n\t\t\t\t<\/div>\n\t\t\t\t<div class=\"elementor-element elementor-element-493a5684 elementor-widget elementor-widget-text-editor\" data-id=\"493a5684\" data-element_type=\"widget\" data-e-type=\"widget\" data-widget_type=\"text-editor.default\">\n\t\t\t\t<div class=\"elementor-widget-container\">\n\t\t\t\t\t\t\t\t\t<p><\/p>\n<h6><strong>Pourquoi est-il important de prendre en compte la neurodiversit\u00e9 dans le domaine de la pleine conscience ?<\/strong><\/h6>\n<p>\u00a0<\/p>\n<p>On estime que 15-20% de la population est neurodivergente (<a href=\"https:\/\/academic.oup.com\/bmb\/article\/135\/1\/108\/5913187\" target=\"_blank\" rel=\"noopener\">Doyle, 2020<\/a>), de sorte que les enseignants et les chercheurs en mati\u00e8re de pleine conscience sont susceptibles d'avoir des personnes neurodivergentes dans leur classe ou leur \u00e9tude de recherche. L'enseignant ou le chercheur est peut-\u00eatre neurodivergent. La personne peut \u00eatre consciente ou non de sa neurodivergence.<\/p>\n<p>Les personnes neurodivergentes sont susceptibles de vivre le monde diff\u00e9remment de la neuromajorit\u00e9. Accueillir les modes de pens\u00e9e et d'\u00eatre neurodivergents remet en question nos id\u00e9es sur la mani\u00e8re dont la cognition et l'int\u00e9roception \"devraient fonctionner\", ouvrant la voie \u00e0 de nouvelles fa\u00e7ons d'appr\u00e9hender le monde.<\/p>\n<p><\/p>\t\t\t\t\t\t\t\t<\/div>\n\t\t\t\t<\/div>\n\t\t\t\t<section class=\"elementor-section elementor-inner-section elementor-element elementor-element-2009f2e elementor-section-boxed elementor-section-height-default elementor-section-height-default\" data-id=\"2009f2e\" data-element_type=\"section\" data-e-type=\"section\">\n\t\t\t\t\t\t<div class=\"elementor-container elementor-column-gap-default\">\n\t\t\t\t\t<div class=\"elementor-column elementor-col-50 elementor-inner-column elementor-element elementor-element-39af737\" data-id=\"39af737\" data-element_type=\"column\" data-e-type=\"column\">\n\t\t\t<div class=\"elementor-widget-wrap elementor-element-populated\">\n\t\t\t\t\t\t<div class=\"elementor-element elementor-element-3438a74 elementor-widget elementor-widget-image\" data-id=\"3438a74\" data-element_type=\"widget\" data-e-type=\"widget\" data-widget_type=\"image.default\">\n\t\t\t\t<div class=\"elementor-widget-container\">\n\t\t\t\t\t\t\t\t\t\t\t\t\t\t\t<img fetchpriority=\"high\" decoding=\"async\" width=\"940\" height=\"788\" src=\"https:\/\/www.internationalmindfulnessconference.com\/wp-content\/uploads\/2024\/04\/teachers.png\" class=\"attachment-large size-large wp-image-38110\" alt=\"\" srcset=\"https:\/\/www.internationalmindfulnessconference.com\/wp-content\/uploads\/2024\/04\/teachers.png 940w, https:\/\/www.internationalmindfulnessconference.com\/wp-content\/uploads\/2024\/04\/teachers-300x251.png 300w, https:\/\/www.internationalmindfulnessconference.com\/wp-content\/uploads\/2024\/04\/teachers-768x644.png 768w, https:\/\/www.internationalmindfulnessconference.com\/wp-content\/uploads\/2024\/04\/teachers-14x12.png 14w, https:\/\/www.internationalmindfulnessconference.com\/wp-content\/uploads\/2024\/04\/teachers-600x503.png 600w\" sizes=\"(max-width: 940px) 100vw, 940px\" \/>\t\t\t\t\t\t\t\t\t\t\t\t\t\t\t<\/div>\n\t\t\t\t<\/div>\n\t\t\t\t\t<\/div>\n\t\t<\/div>\n\t\t\t\t<div class=\"elementor-column elementor-col-50 elementor-inner-column elementor-element elementor-element-ba2a357\" data-id=\"ba2a357\" data-element_type=\"column\" data-e-type=\"column\">\n\t\t\t<div class=\"elementor-widget-wrap elementor-element-populated\">\n\t\t\t\t\t\t<div class=\"elementor-element elementor-element-886cc1f elementor-widget elementor-widget-text-editor\" data-id=\"886cc1f\" data-element_type=\"widget\" data-e-type=\"widget\" data-widget_type=\"text-editor.default\">\n\t\t\t\t<div class=\"elementor-widget-container\">\n\t\t\t\t\t\t\t\t\t<p>Les enseignants doivent savoir comment inclure et soutenir les participants neurodivergents, \u00e0 la fois par des options sensibles aux neurodivergents pendant l'enseignement en groupe complet et par la mise en place d'am\u00e9nagements et de soutien pour les individus. Les cadres et activit\u00e9s propos\u00e9s dans le cadre des interventions de pleine conscience peuvent ne pas avoir de sens pour les personnes neurodivergentes. Nous devons \u00eatre en mesure de valider l'exp\u00e9rience individuelle et de faire preuve de curiosit\u00e9 lorsque celle-ci nous conduit \u00e0 des endroits qui sortent des sentiers battus. Cela vaut \u00e9galement pour la formation et la supervision des enseignants : le soutien aux stagiaires neurodivergents devrait id\u00e9alement inclure l'apport de m\u00e9ditants neurodivergents exp\u00e9riment\u00e9s.<\/p>\t\t\t\t\t\t\t\t<\/div>\n\t\t\t\t<\/div>\n\t\t\t\t\t<\/div>\n\t\t<\/div>\n\t\t\t\t\t<\/div>\n\t\t<\/section>\n\t\t\t\t\t<\/div>\n\t\t<\/div>\n\t\t\t\t\t<\/div>\n\t\t<\/section>\n\t\t\t\t<section class=\"elementor-section elementor-top-section elementor-element elementor-element-29d0459 elementor-section-boxed elementor-section-height-default elementor-section-height-default\" data-id=\"29d0459\" data-element_type=\"section\" data-e-type=\"section\">\n\t\t\t\t\t\t<div class=\"elementor-container elementor-column-gap-default\">\n\t\t\t\t\t<div class=\"elementor-column elementor-col-100 elementor-top-column elementor-element elementor-element-bb2ba45\" data-id=\"bb2ba45\" data-element_type=\"column\" data-e-type=\"column\">\n\t\t\t<div class=\"elementor-widget-wrap elementor-element-populated\">\n\t\t\t\t\t\t<div class=\"elementor-element elementor-element-cdc13a3 elementor-widget elementor-widget-text-editor\" data-id=\"cdc13a3\" data-element_type=\"widget\" data-e-type=\"widget\" data-widget_type=\"text-editor.default\">\n\t\t\t\t<div class=\"elementor-widget-container\">\n\t\t\t\t\t\t\t\t\t<p>Les enseignants doivent \u00e9galement savoir que les personnes neurodivergentes pr\u00e9sentent une incidence plus \u00e9lev\u00e9e de maladies mentales et de traumatismes en raison d'une s\u00e9rie de facteurs tels que la stigmatisation, le stress des minorit\u00e9s, le masquage et les dommages iatrog\u00e8nes (dommages caus\u00e9s par les soins m\u00e9dicaux). La recherche indique que la pleine conscience peut \u00eatre efficace pour r\u00e9duire la d\u00e9tresse mentale chez certaines personnes neurodivergentes, mais des travaux suppl\u00e9mentaires sont n\u00e9cessaires. Il est important que les \u00e9tudiants, les professionnels et les participants adoptent des approches tenant compte de la neurodiversit\u00e9 et des traumatismes pour pr\u00e9server la sant\u00e9 mentale (<a href=\"https:\/\/link.springer.com\/article\/10.1007\/s10803-022-05670-4\" target=\"_blank\" rel=\"noopener\">Shaw et al, 2022<\/a>; <a href=\"https:\/\/www.bps.org.uk\/psychologist\/what-does-it-mean-be-neurodiversity-affirmative\" target=\"_blank\" rel=\"noopener\">Hartman et al, 2024<\/a>).<\/p>\n<p>Les chercheurs sur la pleine conscience doivent savoir qu'une minorit\u00e9 significative de tout \u00e9chantillon de population sera neurodivergente, et envisager de l'inclure dans les informations d\u00e9mographiques des participants. La recherche sur les exp\u00e9riences des m\u00e9ditants neurodivergents est un domaine en pleine expansion, qui prend en compte les perspectives potentiellement plus larges offertes par l'adoption du paradigme de la neurodiversit\u00e9 (<a href=\"https:\/\/acamh.onlinelibrary.wiley.com\/doi\/full\/10.1111\/jcpp.13534\" target=\"_blank\" rel=\"noopener\">Pellicano et den Houting, 2022<\/a>) et l'utilisation des meilleures pratiques en mati\u00e8re de m\u00e9thodes de recherche participatives et inclusives (par ex, <a href=\"http:\/\/chrome-extension:\/\/efaidnbmnnnibpcajpcglclefindmkaj\/https:\/\/www.autismcrc.com.au\/best-practice\/sites\/default\/files\/resources\/Participatory_and_Inclusive_Autism_Research_Practice_Guides.pdf\" target=\"_blank\" rel=\"noopener\">den Houting, 2021<\/a>; <a href=\"https:\/\/aaspire.org\/inclusion-toolkit\/participatory-research\/\" target=\"_blank\" rel=\"noopener\">AASPIRE, 2022<\/a>).<\/p>\t\t\t\t\t\t\t\t<\/div>\n\t\t\t\t<\/div>\n\t\t\t\t\t<\/div>\n\t\t<\/div>\n\t\t\t\t\t<\/div>\n\t\t<\/section>\n\t\t\t\t<\/div>","protected":false},"excerpt":{"rendered":"<p>La deuxi\u00e8me partie de la s\u00e9rie examine les raisons pour lesquelles la neurodiversit\u00e9 est importante \u00e0 prendre en compte dans le domaine de la pleine conscience.<\/p>","protected":false},"author":3,"featured_media":37269,"comment_status":"closed","ping_status":"closed","sticky":false,"template":"","format":"standard","meta":{"_view_id":"","site-sidebar-layout":"default","site-content-layout":"","ast-site-content-layout":"default","site-content-style":"default","site-sidebar-style":"default","ast-global-header-display":"","ast-banner-title-visibility":"","ast-main-header-display":"","ast-hfb-above-header-display":"","ast-hfb-below-header-display":"","ast-hfb-mobile-header-display":"","site-post-title":"","ast-breadcrumbs-content":"","ast-featured-img":"","footer-sml-layout":"","ast-disable-related-posts":"","theme-transparent-header-meta":"","adv-header-id-meta":"","stick-header-meta":"","header-above-stick-meta":"","header-main-stick-meta":"","header-below-stick-meta":"","astra-migrate-meta-layouts":"set","ast-page-background-enabled":"default","ast-page-background-meta":{"desktop":{"background-color":"","background-image":"","background-repeat":"repeat","background-position":"center center","background-size":"auto","background-attachment":"scroll","background-type":"","background-media":"","overlay-type":"","overlay-color":"","overlay-opacity":"","overlay-gradient":""},"tablet":{"background-color":"","background-image":"","background-repeat":"repeat","background-position":"center center","background-size":"auto","background-attachment":"scroll","background-type":"","background-media":"","overlay-type":"","overlay-color":"","overlay-opacity":"","overlay-gradient":""},"mobile":{"background-color":"","background-image":"","background-repeat":"repeat","background-position":"center center","background-size":"auto","background-attachment":"scroll","background-type":"","background-media":"","overlay-type":"","overlay-color":"","overlay-opacity":"","overlay-gradient":""}},"ast-content-background-meta":{"desktop":{"background-color":"var(--ast-global-color-5)","background-image":"","background-repeat":"repeat","background-position":"center center","background-size":"auto","background-attachment":"scroll","background-type":"","background-media":"","overlay-type":"","overlay-color":"","overlay-opacity":"","overlay-gradient":""},"tablet":{"background-color":"var(--ast-global-color-5)","background-image":"","background-repeat":"repeat","background-position":"center center","background-size":"auto","background-attachment":"scroll","background-type":"","background-media":"","overlay-type":"","overlay-color":"","overlay-opacity":"","overlay-gradient":""},"mobile":{"background-color":"var(--ast-global-color-5)","background-image":"","background-repeat":"repeat","background-position":"center center","background-size":"auto","background-attachment":"scroll","background-type":"","background-media":"","overlay-type":"","overlay-color":"","overlay-opacity":"","overlay-gradient":""}},"_jetpack_memberships_contains_paid_content":false,"wds_primary_category":119,"footnotes":""},"categories":[119],"tags":[124,122,101,120],"class_list":["post-37601","post","type-post","status-publish","format-standard","has-post-thumbnail","hentry","category-conference-insights","tag-accessibility","tag-conference-insights","tag-icm2024","tag-neurodiversity"],"yoast_head":"<!-- This site is optimized with the Yoast SEO plugin v27.5 - https:\/\/yoast.com\/product\/yoast-seo-wordpress\/ -->\n<title>ICM:2024 INSIGHTS \u2013 NAVIGATING NEURODIVERSITY PT.2 - International Conference on Mindfulness 2024<\/title>\n<meta name=\"description\" content=\"Conference Insights\" \/>\n<meta name=\"robots\" content=\"index, follow, max-snippet:-1, max-image-preview:large, max-video-preview:-1\" \/>\n<link rel=\"canonical\" href=\"https:\/\/www.internationalmindfulnessconference.com\/fr_fr\/2024\/04\/30\/icm2024-insights-navigating-neurodiversity-pt-2\/\" \/>\n<meta property=\"og:locale\" content=\"fr_FR\" \/>\n<meta property=\"og:type\" content=\"article\" \/>\n<meta property=\"og:title\" content=\"ICM:2024 INSIGHTS \u2013 NAVIGATING NEURODIVERSITY PT.2 - International Conference on Mindfulness 2024\" \/>\n<meta property=\"og:description\" content=\"Conference Insights\" \/>\n<meta property=\"og:url\" content=\"https:\/\/www.internationalmindfulnessconference.com\/fr_fr\/2024\/04\/30\/icm2024-insights-navigating-neurodiversity-pt-2\/\" \/>\n<meta property=\"og:site_name\" content=\"International Conference on Mindfulness 2024\" \/>\n<meta property=\"article:publisher\" content=\"https:\/\/www.facebook.com\/MindfulnessNetworkUK\/\" \/>\n<meta property=\"article:published_time\" content=\"2024-04-30T11:41:05+00:00\" \/>\n<meta property=\"article:modified_time\" content=\"2024-05-02T10:11:02+00:00\" \/>\n<meta property=\"og:image\" content=\"https:\/\/www.internationalmindfulnessconference.com\/wp-content\/uploads\/2024\/04\/insight_.png\" \/>\n\t<meta property=\"og:image:width\" content=\"1500\" \/>\n\t<meta property=\"og:image:height\" content=\"500\" \/>\n\t<meta property=\"og:image:type\" content=\"image\/png\" \/>\n<meta name=\"author\" content=\"Madeleine Hynes\" \/>\n<meta name=\"twitter:card\" content=\"summary_large_image\" \/>\n<meta name=\"twitter:creator\" content=\"@MindfulnessN\" \/>\n<meta name=\"twitter:site\" content=\"@MindfulnessN\" \/>\n<meta name=\"twitter:label1\" content=\"\u00c9crit par\" \/>\n\t<meta name=\"twitter:data1\" content=\"Madeleine Hynes\" \/>\n\t<meta name=\"twitter:label2\" content=\"Dur\u00e9e de lecture estim\u00e9e\" \/>\n\t<meta name=\"twitter:data2\" content=\"3 minutes\" \/>\n<script type=\"application\/ld+json\" class=\"yoast-schema-graph\">{\"@context\":\"https:\\\/\\\/schema.org\",\"@graph\":[{\"@type\":\"Article\",\"@id\":\"https:\\\/\\\/www.internationalmindfulnessconference.com\\\/2024\\\/04\\\/30\\\/icm2024-insights-navigating-neurodiversity-pt-2\\\/#article\",\"isPartOf\":{\"@id\":\"https:\\\/\\\/www.internationalmindfulnessconference.com\\\/2024\\\/04\\\/30\\\/icm2024-insights-navigating-neurodiversity-pt-2\\\/\"},\"author\":{\"name\":\"Madeleine Hynes\",\"@id\":\"https:\\\/\\\/www.internationalmindfulnessconference.com\\\/#\\\/schema\\\/person\\\/cfeb3e23341dd4fad358eae1d7744eac\"},\"headline\":\"ICM:2024 INSIGHTS \u2013 NAVIGATING NEURODIVERSITY PT.2\",\"datePublished\":\"2024-04-30T11:41:05+00:00\",\"dateModified\":\"2024-05-02T10:11:02+00:00\",\"mainEntityOfPage\":{\"@id\":\"https:\\\/\\\/www.internationalmindfulnessconference.com\\\/2024\\\/04\\\/30\\\/icm2024-insights-navigating-neurodiversity-pt-2\\\/\"},\"wordCount\":388,\"publisher\":{\"@id\":\"https:\\\/\\\/www.internationalmindfulnessconference.com\\\/#organization\"},\"image\":{\"@id\":\"https:\\\/\\\/www.internationalmindfulnessconference.com\\\/2024\\\/04\\\/30\\\/icm2024-insights-navigating-neurodiversity-pt-2\\\/#primaryimage\"},\"thumbnailUrl\":\"https:\\\/\\\/www.internationalmindfulnessconference.com\\\/wp-content\\\/uploads\\\/2024\\\/04\\\/insight_.png\",\"keywords\":[\"accessibility\",\"conference insights\",\"ICM:2024\",\"neurodiversity\"],\"articleSection\":[\"Conference Insights\"],\"inLanguage\":\"fr-FR\"},{\"@type\":\"WebPage\",\"@id\":\"https:\\\/\\\/www.internationalmindfulnessconference.com\\\/2024\\\/04\\\/30\\\/icm2024-insights-navigating-neurodiversity-pt-2\\\/\",\"url\":\"https:\\\/\\\/www.internationalmindfulnessconference.com\\\/2024\\\/04\\\/30\\\/icm2024-insights-navigating-neurodiversity-pt-2\\\/\",\"name\":\"ICM:2024 INSIGHTS \u2013 NAVIGATING NEURODIVERSITY PT.2 - International Conference on Mindfulness 2024\",\"isPartOf\":{\"@id\":\"https:\\\/\\\/www.internationalmindfulnessconference.com\\\/#website\"},\"primaryImageOfPage\":{\"@id\":\"https:\\\/\\\/www.internationalmindfulnessconference.com\\\/2024\\\/04\\\/30\\\/icm2024-insights-navigating-neurodiversity-pt-2\\\/#primaryimage\"},\"image\":{\"@id\":\"https:\\\/\\\/www.internationalmindfulnessconference.com\\\/2024\\\/04\\\/30\\\/icm2024-insights-navigating-neurodiversity-pt-2\\\/#primaryimage\"},\"thumbnailUrl\":\"https:\\\/\\\/www.internationalmindfulnessconference.com\\\/wp-content\\\/uploads\\\/2024\\\/04\\\/insight_.png\",\"datePublished\":\"2024-04-30T11:41:05+00:00\",\"dateModified\":\"2024-05-02T10:11:02+00:00\",\"description\":\"Conference Insights\",\"breadcrumb\":{\"@id\":\"https:\\\/\\\/www.internationalmindfulnessconference.com\\\/2024\\\/04\\\/30\\\/icm2024-insights-navigating-neurodiversity-pt-2\\\/#breadcrumb\"},\"inLanguage\":\"fr-FR\",\"potentialAction\":[{\"@type\":\"ReadAction\",\"target\":[\"https:\\\/\\\/www.internationalmindfulnessconference.com\\\/2024\\\/04\\\/30\\\/icm2024-insights-navigating-neurodiversity-pt-2\\\/\"]}]},{\"@type\":\"ImageObject\",\"inLanguage\":\"fr-FR\",\"@id\":\"https:\\\/\\\/www.internationalmindfulnessconference.com\\\/2024\\\/04\\\/30\\\/icm2024-insights-navigating-neurodiversity-pt-2\\\/#primaryimage\",\"url\":\"https:\\\/\\\/www.internationalmindfulnessconference.com\\\/wp-content\\\/uploads\\\/2024\\\/04\\\/insight_.png\",\"contentUrl\":\"https:\\\/\\\/www.internationalmindfulnessconference.com\\\/wp-content\\\/uploads\\\/2024\\\/04\\\/insight_.png\",\"width\":1500,\"height\":500},{\"@type\":\"BreadcrumbList\",\"@id\":\"https:\\\/\\\/www.internationalmindfulnessconference.com\\\/2024\\\/04\\\/30\\\/icm2024-insights-navigating-neurodiversity-pt-2\\\/#breadcrumb\",\"itemListElement\":[{\"@type\":\"ListItem\",\"position\":1,\"name\":\"Home\",\"item\":\"https:\\\/\\\/www.internationalmindfulnessconference.com\\\/\"},{\"@type\":\"ListItem\",\"position\":2,\"name\":\"ICM:2024 INSIGHTS \u2013 NAVIGATING NEURODIVERSITY PT.2\"}]},{\"@type\":\"WebSite\",\"@id\":\"https:\\\/\\\/www.internationalmindfulnessconference.com\\\/#website\",\"url\":\"https:\\\/\\\/www.internationalmindfulnessconference.com\\\/\",\"name\":\"International Conference on Mindfulness 2024\",\"description\":\"ICM 2024: Mindfulness in a Changing World\",\"publisher\":{\"@id\":\"https:\\\/\\\/www.internationalmindfulnessconference.com\\\/#organization\"},\"alternateName\":\"ICM 2024\",\"potentialAction\":[{\"@type\":\"SearchAction\",\"target\":{\"@type\":\"EntryPoint\",\"urlTemplate\":\"https:\\\/\\\/www.internationalmindfulnessconference.com\\\/?s={search_term_string}\"},\"query-input\":{\"@type\":\"PropertyValueSpecification\",\"valueRequired\":true,\"valueName\":\"search_term_string\"}}],\"inLanguage\":\"fr-FR\"},{\"@type\":\"Organization\",\"@id\":\"https:\\\/\\\/www.internationalmindfulnessconference.com\\\/#organization\",\"name\":\"The Mindfulness Network\",\"alternateName\":\"Mindfulness Network\",\"url\":\"https:\\\/\\\/www.internationalmindfulnessconference.com\\\/\",\"logo\":{\"@type\":\"ImageObject\",\"inLanguage\":\"fr-FR\",\"@id\":\"https:\\\/\\\/www.internationalmindfulnessconference.com\\\/#\\\/schema\\\/logo\\\/image\\\/\",\"url\":\"https:\\\/\\\/www.internationalmindfulnessconference.com\\\/wp-content\\\/uploads\\\/2023\\\/01\\\/MNLogo-300x300-1.jpg\",\"contentUrl\":\"https:\\\/\\\/www.internationalmindfulnessconference.com\\\/wp-content\\\/uploads\\\/2023\\\/01\\\/MNLogo-300x300-1.jpg\",\"width\":300,\"height\":300,\"caption\":\"The Mindfulness Network\"},\"image\":{\"@id\":\"https:\\\/\\\/www.internationalmindfulnessconference.com\\\/#\\\/schema\\\/logo\\\/image\\\/\"},\"sameAs\":[\"https:\\\/\\\/www.facebook.com\\\/MindfulnessNetworkUK\\\/\",\"https:\\\/\\\/x.com\\\/MindfulnessN\"]},{\"@type\":\"Person\",\"@id\":\"https:\\\/\\\/www.internationalmindfulnessconference.com\\\/#\\\/schema\\\/person\\\/cfeb3e23341dd4fad358eae1d7744eac\",\"name\":\"Madeleine Hynes\",\"image\":{\"@type\":\"ImageObject\",\"inLanguage\":\"fr-FR\",\"@id\":\"https:\\\/\\\/www.internationalmindfulnessconference.com\\\/wp-content\\\/wphb-cache\\\/gravatar\\\/d20\\\/d204c6c9e5fdaaac6fb784dfcbf0793ex96.jpg\",\"url\":\"https:\\\/\\\/www.internationalmindfulnessconference.com\\\/wp-content\\\/wphb-cache\\\/gravatar\\\/d20\\\/d204c6c9e5fdaaac6fb784dfcbf0793ex96.jpg\",\"contentUrl\":\"https:\\\/\\\/www.internationalmindfulnessconference.com\\\/wp-content\\\/wphb-cache\\\/gravatar\\\/d20\\\/d204c6c9e5fdaaac6fb784dfcbf0793ex96.jpg\",\"caption\":\"Madeleine Hynes\"},\"url\":\"https:\\\/\\\/www.internationalmindfulnessconference.com\\\/fr_fr\\\/author\\\/madeleinemindfulness-network-org\\\/\"}]}<\/script>\n<!-- \/ Yoast SEO plugin. -->","yoast_head_json":{"title":"ICM:2024 INSIGHTS - NAVIGATING NEURODIVERSITY PT.2 - Conf\u00e9rence internationale sur la pleine conscience 2024","description":"Aper\u00e7u de la conf\u00e9rence","robots":{"index":"index","follow":"follow","max-snippet":"max-snippet:-1","max-image-preview":"max-image-preview:large","max-video-preview":"max-video-preview:-1"},"canonical":"https:\/\/www.internationalmindfulnessconference.com\/fr_fr\/2024\/04\/30\/icm2024-insights-navigating-neurodiversity-pt-2\/","og_locale":"fr_FR","og_type":"article","og_title":"ICM:2024 INSIGHTS \u2013 NAVIGATING NEURODIVERSITY PT.2 - International Conference on Mindfulness 2024","og_description":"Conference Insights","og_url":"https:\/\/www.internationalmindfulnessconference.com\/fr_fr\/2024\/04\/30\/icm2024-insights-navigating-neurodiversity-pt-2\/","og_site_name":"International Conference on Mindfulness 2024","article_publisher":"https:\/\/www.facebook.com\/MindfulnessNetworkUK\/","article_published_time":"2024-04-30T11:41:05+00:00","article_modified_time":"2024-05-02T10:11:02+00:00","og_image":[{"width":1500,"height":500,"url":"https:\/\/www.internationalmindfulnessconference.com\/wp-content\/uploads\/2024\/04\/insight_.png","type":"image\/png"}],"author":"Madeleine Hynes","twitter_card":"summary_large_image","twitter_creator":"@MindfulnessN","twitter_site":"@MindfulnessN","twitter_misc":{"\u00c9crit par":"Madeleine Hynes","Dur\u00e9e de lecture estim\u00e9e":"3 minutes"},"schema":{"@context":"https:\/\/schema.org","@graph":[{"@type":"Article","@id":"https:\/\/www.internationalmindfulnessconference.com\/2024\/04\/30\/icm2024-insights-navigating-neurodiversity-pt-2\/#article","isPartOf":{"@id":"https:\/\/www.internationalmindfulnessconference.com\/2024\/04\/30\/icm2024-insights-navigating-neurodiversity-pt-2\/"},"author":{"name":"Madeleine Hynes","@id":"https:\/\/www.internationalmindfulnessconference.com\/#\/schema\/person\/cfeb3e23341dd4fad358eae1d7744eac"},"headline":"ICM:2024 INSIGHTS \u2013 NAVIGATING NEURODIVERSITY PT.2","datePublished":"2024-04-30T11:41:05+00:00","dateModified":"2024-05-02T10:11:02+00:00","mainEntityOfPage":{"@id":"https:\/\/www.internationalmindfulnessconference.com\/2024\/04\/30\/icm2024-insights-navigating-neurodiversity-pt-2\/"},"wordCount":388,"publisher":{"@id":"https:\/\/www.internationalmindfulnessconference.com\/#organization"},"image":{"@id":"https:\/\/www.internationalmindfulnessconference.com\/2024\/04\/30\/icm2024-insights-navigating-neurodiversity-pt-2\/#primaryimage"},"thumbnailUrl":"https:\/\/www.internationalmindfulnessconference.com\/wp-content\/uploads\/2024\/04\/insight_.png","keywords":["accessibility","conference insights","ICM:2024","neurodiversity"],"articleSection":["Conference Insights"],"inLanguage":"fr-FR"},{"@type":"WebPage","@id":"https:\/\/www.internationalmindfulnessconference.com\/2024\/04\/30\/icm2024-insights-navigating-neurodiversity-pt-2\/","url":"https:\/\/www.internationalmindfulnessconference.com\/2024\/04\/30\/icm2024-insights-navigating-neurodiversity-pt-2\/","name":"ICM:2024 INSIGHTS - NAVIGATING NEURODIVERSITY PT.2 - Conf\u00e9rence internationale sur la pleine conscience 2024","isPartOf":{"@id":"https:\/\/www.internationalmindfulnessconference.com\/#website"},"primaryImageOfPage":{"@id":"https:\/\/www.internationalmindfulnessconference.com\/2024\/04\/30\/icm2024-insights-navigating-neurodiversity-pt-2\/#primaryimage"},"image":{"@id":"https:\/\/www.internationalmindfulnessconference.com\/2024\/04\/30\/icm2024-insights-navigating-neurodiversity-pt-2\/#primaryimage"},"thumbnailUrl":"https:\/\/www.internationalmindfulnessconference.com\/wp-content\/uploads\/2024\/04\/insight_.png","datePublished":"2024-04-30T11:41:05+00:00","dateModified":"2024-05-02T10:11:02+00:00","description":"Aper\u00e7u de la conf\u00e9rence","breadcrumb":{"@id":"https:\/\/www.internationalmindfulnessconference.com\/2024\/04\/30\/icm2024-insights-navigating-neurodiversity-pt-2\/#breadcrumb"},"inLanguage":"fr-FR","potentialAction":[{"@type":"ReadAction","target":["https:\/\/www.internationalmindfulnessconference.com\/2024\/04\/30\/icm2024-insights-navigating-neurodiversity-pt-2\/"]}]},{"@type":"ImageObject","inLanguage":"fr-FR","@id":"https:\/\/www.internationalmindfulnessconference.com\/2024\/04\/30\/icm2024-insights-navigating-neurodiversity-pt-2\/#primaryimage","url":"https:\/\/www.internationalmindfulnessconference.com\/wp-content\/uploads\/2024\/04\/insight_.png","contentUrl":"https:\/\/www.internationalmindfulnessconference.com\/wp-content\/uploads\/2024\/04\/insight_.png","width":1500,"height":500},{"@type":"BreadcrumbList","@id":"https:\/\/www.internationalmindfulnessconference.com\/2024\/04\/30\/icm2024-insights-navigating-neurodiversity-pt-2\/#breadcrumb","itemListElement":[{"@type":"ListItem","position":1,"name":"Home","item":"https:\/\/www.internationalmindfulnessconference.com\/"},{"@type":"ListItem","position":2,"name":"ICM:2024 INSIGHTS \u2013 NAVIGATING NEURODIVERSITY PT.2"}]},{"@type":"WebSite","@id":"https:\/\/www.internationalmindfulnessconference.com\/#website","url":"https:\/\/www.internationalmindfulnessconference.com\/","name":"Conf\u00e9rence internationale sur la pleine conscience 2024","description":"ICM 2024 : La pleine conscience dans un monde en mutation","publisher":{"@id":"https:\/\/www.internationalmindfulnessconference.com\/#organization"},"alternateName":"ICM 2024","potentialAction":[{"@type":"SearchAction","target":{"@type":"EntryPoint","urlTemplate":"https:\/\/www.internationalmindfulnessconference.com\/?s={search_term_string}"},"query-input":{"@type":"PropertyValueSpecification","valueRequired":true,"valueName":"search_term_string"}}],"inLanguage":"fr-FR"},{"@type":"Organization","@id":"https:\/\/www.internationalmindfulnessconference.com\/#organization","name":"Le r\u00e9seau Mindfulness","alternateName":"Mindfulness Network","url":"https:\/\/www.internationalmindfulnessconference.com\/","logo":{"@type":"ImageObject","inLanguage":"fr-FR","@id":"https:\/\/www.internationalmindfulnessconference.com\/#\/schema\/logo\/image\/","url":"https:\/\/www.internationalmindfulnessconference.com\/wp-content\/uploads\/2023\/01\/MNLogo-300x300-1.jpg","contentUrl":"https:\/\/www.internationalmindfulnessconference.com\/wp-content\/uploads\/2023\/01\/MNLogo-300x300-1.jpg","width":300,"height":300,"caption":"The Mindfulness Network"},"image":{"@id":"https:\/\/www.internationalmindfulnessconference.com\/#\/schema\/logo\/image\/"},"sameAs":["https:\/\/www.facebook.com\/MindfulnessNetworkUK\/","https:\/\/x.com\/MindfulnessN"]},{"@type":"Person","@id":"https:\/\/www.internationalmindfulnessconference.com\/#\/schema\/person\/cfeb3e23341dd4fad358eae1d7744eac","name":"Madeleine Hynes","image":{"@type":"ImageObject","inLanguage":"fr-FR","@id":"https:\/\/www.internationalmindfulnessconference.com\/wp-content\/wphb-cache\/gravatar\/d20\/d204c6c9e5fdaaac6fb784dfcbf0793ex96.jpg","url":"https:\/\/www.internationalmindfulnessconference.com\/wp-content\/wphb-cache\/gravatar\/d20\/d204c6c9e5fdaaac6fb784dfcbf0793ex96.jpg","contentUrl":"https:\/\/www.internationalmindfulnessconference.com\/wp-content\/wphb-cache\/gravatar\/d20\/d204c6c9e5fdaaac6fb784dfcbf0793ex96.jpg","caption":"Madeleine Hynes"},"url":"https:\/\/www.internationalmindfulnessconference.com\/fr_fr\/author\/madeleinemindfulness-network-org\/"}]}},"jetpack_featured_media_url":"https:\/\/www.internationalmindfulnessconference.com\/wp-content\/uploads\/2024\/04\/insight_.png","jetpack_sharing_enabled":true,"_links":{"self":[{"href":"https:\/\/www.internationalmindfulnessconference.com\/fr_fr\/wp-json\/wp\/v2\/posts\/37601","targetHints":{"allow":["GET"]}}],"collection":[{"href":"https:\/\/www.internationalmindfulnessconference.com\/fr_fr\/wp-json\/wp\/v2\/posts"}],"about":[{"href":"https:\/\/www.internationalmindfulnessconference.com\/fr_fr\/wp-json\/wp\/v2\/types\/post"}],"author":[{"embeddable":true,"href":"https:\/\/www.internationalmindfulnessconference.com\/fr_fr\/wp-json\/wp\/v2\/users\/3"}],"replies":[{"embeddable":true,"href":"https:\/\/www.internationalmindfulnessconference.com\/fr_fr\/wp-json\/wp\/v2\/comments?post=37601"}],"version-history":[{"count":0,"href":"https:\/\/www.internationalmindfulnessconference.com\/fr_fr\/wp-json\/wp\/v2\/posts\/37601\/revisions"}],"wp:featuredmedia":[{"embeddable":true,"href":"https:\/\/www.internationalmindfulnessconference.com\/fr_fr\/wp-json\/wp\/v2\/media\/37269"}],"wp:attachment":[{"href":"https:\/\/www.internationalmindfulnessconference.com\/fr_fr\/wp-json\/wp\/v2\/media?parent=37601"}],"wp:term":[{"taxonomy":"category","embeddable":true,"href":"https:\/\/www.internationalmindfulnessconference.com\/fr_fr\/wp-json\/wp\/v2\/categories?post=37601"},{"taxonomy":"post_tag","embeddable":true,"href":"https:\/\/www.internationalmindfulnessconference.com\/fr_fr\/wp-json\/wp\/v2\/tags?post=37601"}],"curies":[{"name":"wp","href":"https:\/\/api.w.org\/{rel}","templated":true}]}}