{"id":51973,"date":"2024-06-21T00:16:58","date_gmt":"2024-06-21T00:16:58","guid":{"rendered":"https:\/\/www.internationalmindfulnessconference.com\/?p=51973"},"modified":"2024-06-25T10:58:20","modified_gmt":"2024-06-25T10:58:20","slug":"la-pleine-conscience-pour-les-generations-futures","status":"publish","type":"post","link":"https:\/\/www.internationalmindfulnessconference.com\/fr_fr\/2024\/06\/21\/la-pleine-conscience-pour-les-generations-futures\/","title":{"rendered":"La pleine conscience pour les g\u00e9n\u00e9rations futures"},"content":{"rendered":"<div data-elementor-type=\"wp-post\" data-elementor-id=\"51973\" class=\"elementor elementor-51973\" data-elementor-post-type=\"post\">\n\t\t\t\t\t\t<section class=\"elementor-section elementor-top-section elementor-element elementor-element-c2d43dd elementor-section-boxed elementor-section-height-default elementor-section-height-default\" data-id=\"c2d43dd\" data-element_type=\"section\" data-e-type=\"section\">\n\t\t\t\t\t\t<div class=\"elementor-container elementor-column-gap-default\">\n\t\t\t\t\t<div class=\"elementor-column elementor-col-100 elementor-top-column elementor-element elementor-element-f0ff013\" data-id=\"f0ff013\" data-element_type=\"column\" data-e-type=\"column\">\n\t\t\t<div class=\"elementor-widget-wrap elementor-element-populated\">\n\t\t\t\t\t\t<div class=\"elementor-element elementor-element-7cfe6a2 elementor-widget elementor-widget-heading\" data-id=\"7cfe6a2\" data-element_type=\"widget\" data-e-type=\"widget\" data-widget_type=\"heading.default\">\n\t\t\t\t<div class=\"elementor-widget-container\">\n\t\t\t\t\t<h2 class=\"elementor-heading-title elementor-size-default\"> ICM:2024 Post-conf\u00e9rence ATELIER D'UNE JOURN\u00c9E, 6 AO\u00dbT\n<\/h2>\t\t\t\t<\/div>\n\t\t\t\t<\/div>\n\t\t\t\t<div class=\"elementor-element elementor-element-50fcb8b elementor-widget elementor-widget-image\" data-id=\"50fcb8b\" data-element_type=\"widget\" data-e-type=\"widget\" data-widget_type=\"image.default\">\n\t\t\t\t<div class=\"elementor-widget-container\">\n\t\t\t\t\t\t\t\t\t\t\t\t\t\t\t<img fetchpriority=\"high\" decoding=\"async\" width=\"940\" height=\"788\" src=\"https:\/\/www.internationalmindfulnessconference.com\/wp-content\/uploads\/2024\/06\/Post-conference-Future-Generations-.png\" class=\"attachment-large size-large wp-image-51991\" alt=\"\" srcset=\"https:\/\/www.internationalmindfulnessconference.com\/wp-content\/uploads\/2024\/06\/Post-conference-Future-Generations-.png 940w, https:\/\/www.internationalmindfulnessconference.com\/wp-content\/uploads\/2024\/06\/Post-conference-Future-Generations--300x251.png 300w, https:\/\/www.internationalmindfulnessconference.com\/wp-content\/uploads\/2024\/06\/Post-conference-Future-Generations--768x644.png 768w, https:\/\/www.internationalmindfulnessconference.com\/wp-content\/uploads\/2024\/06\/Post-conference-Future-Generations--14x12.png 14w, https:\/\/www.internationalmindfulnessconference.com\/wp-content\/uploads\/2024\/06\/Post-conference-Future-Generations--600x503.png 600w\" sizes=\"(max-width: 940px) 100vw, 940px\" \/>\t\t\t\t\t\t\t\t\t\t\t\t\t\t\t<\/div>\n\t\t\t\t<\/div>\n\t\t\t\t<div class=\"elementor-element elementor-element-e7410e4 elementor-widget-divider--view-line elementor-widget elementor-widget-divider\" data-id=\"e7410e4\" data-element_type=\"widget\" data-e-type=\"widget\" data-widget_type=\"divider.default\">\n\t\t\t\t<div class=\"elementor-widget-container\">\n\t\t\t\t\t\t\t<div class=\"elementor-divider\">\n\t\t\t<span class=\"elementor-divider-separator\">\n\t\t\t\t\t\t<\/span>\n\t\t<\/div>\n\t\t\t\t\t\t<\/div>\n\t\t\t\t<\/div>\n\t\t\t\t<div class=\"elementor-element elementor-element-6661c9d elementor-widget elementor-widget-heading\" data-id=\"6661c9d\" data-element_type=\"widget\" data-e-type=\"widget\" data-widget_type=\"heading.default\">\n\t\t\t\t<div class=\"elementor-widget-container\">\n\t\t\t\t\t<h2 class=\"elementor-heading-title elementor-size-default\"><a href=\"https:\/\/www.internationalmindfulnessconference.com\/fr_fr\/acheter-des-billets\/\">Adh\u00e9rer en ligne ou en personne<\/a><\/h2>\t\t\t\t<\/div>\n\t\t\t\t<\/div>\n\t\t\t\t<div class=\"elementor-element elementor-element-f3f40e5 elementor-widget elementor-widget-text-editor\" data-id=\"f3f40e5\" data-element_type=\"widget\" data-e-type=\"widget\" data-widget_type=\"text-editor.default\">\n\t\t\t\t<div class=\"elementor-widget-container\">\n\t\t\t\t\t\t\t\t\t<p>Dans le cadre de la Conf\u00e9rence internationale sur la pleine conscience (ICM:2024) \u00e0 l'Universit\u00e9 de Bangor, un atelier d'une journ\u00e9e sera anim\u00e9 par <em><strong>Projet de pleine conscience dans les \u00e9coles (MiSP)<\/strong><\/em>:<\/p><div id=\"responding-to-the-climate-crisis\" class=\"elementor-element elementor-element-1b121ed elementor-widget elementor-widget-uael-infobox\" data-id=\"1b121ed\" data-element_type=\"widget\" data-widget_type=\"uael-infobox.default\"><div class=\"elementor-widget-container\"><div class=\"uael-module-content uael-infobox uael-imgicon-style-normal uael-infobox-left infobox-has-icon uael-infobox-icon-left uael-infobox-image-valign-top uael-infobox-stacked-tablet uael-infobox-link-type-link\"><div class=\"uael-infobox-left-right-wrap\"><div class=\"uael-infobox-content\"><div class=\"uael-infobox-text-wrap\"><div class=\"uael-infobox-text elementor-inline-editing\" data-elementor-setting-key=\"infobox_description\" data-elementor-inline-editing-toolbar=\"advanced\"><p><b>Mindfulness pour les g\u00e9n\u00e9rations futures avec\u00a0<a href=\"http:\/\/&quot;https\/\/www.internationalmindfulnessconference.com\/speakers\/\">Emily Slater, Esther Ghey, Katherine Weare, Sarah Silverton, Ben Chalwin, Faiy Rushton, Richard Burnett,<\/a>\u00a0et\u00a0<a href=\"http:\/\/&quot;https\/\/www.internationalmindfulnessconference.com\/speakers\/\">Jason Steele<\/a><\/b><\/p><p>Il y a trois fa\u00e7ons d'acc\u00e9der \u00e0 cette session. Choisissez parmi :<\/p><h5 style=\"text-align: center;\"><strong><a href=\"https:\/\/www.internationalmindfulnessconference.com\/fr_fr\/acheter-des-billets\/\">Un laissez-passer pour une conf\u00e9rence en personne de 5 jours - \u00a3700<\/a><\/strong><\/h5><h5 style=\"text-align: center;\"><strong><a href=\"https:\/\/www.internationalmindfulnessconference.com\/fr_fr\/acheter-des-billets\/\">Un laissez-passer pour un atelier d'une journ\u00e9e en personne - \u00a3100<\/a><\/strong><\/h5><h5 style=\"text-align: center;\"><strong><a href=\"https:\/\/www.internationalmindfulnessconference.com\/fr_fr\/acheter-des-billets\/\">Un laissez-passer d'une journ\u00e9e pour l'atelier en ligne - \u00a350<\/a><\/strong><\/h5><p style=\"text-align: center;\"><em><br \/>Vous souhaitez b\u00e9n\u00e9ficier d'une r\u00e9duction ? Nous acceptons tous les <a href=\"https:\/\/www.internationalmindfulnessconference.com\/fr_fr\/nos-bourses\/\">demandes de bourses<\/a> avant le 15 juillet.<\/em><\/p><p>La pleine conscience est d\u00e9sormais pr\u00e9sente dans de nombreux domaines de la soci\u00e9t\u00e9 actuelle, mais quel est son potentiel pour les g\u00e9n\u00e9rations futures ? Rejoignez-nous pour examiner les potentiels et les d\u00e9fis de la pleine conscience pour les g\u00e9n\u00e9rations futures. Nous explorerons \u00e9galement les moyens d'aider les milieux \u00e9ducatifs et les jeunes, ainsi que les individus qui les composent, \u00e0 mettre en place des initiatives bien con\u00e7ues et durables fond\u00e9es sur la pleine conscience ; ce que la recherche, l'exp\u00e9rience et le retour d'information nous apprennent sur les meilleurs moyens d'y parvenir avec succ\u00e8s ; et comment les \u00e9ducateurs, les militants, les parents et d'autres personnes pourraient \u00eatre en mesure d'encourager l'int\u00e9r\u00eat et le soutien pour la pleine conscience au profit des g\u00e9n\u00e9rations futures, en garantissant l'\u00e9galit\u00e9 d'acc\u00e8s aux approches de la pleine conscience pour tous \u00e0 un moment o\u00f9 l'on en a le plus besoin.<\/p><p><span style=\"font-size: 16px; text-decoration-line: initial;\">S'appuyant sur sa riche exp\u00e9rience (depuis 2009), ainsi que sur celle d'autres acteurs du domaine, cet atelier sera anim\u00e9 par le projet Mindfulness in Schools (MiSP). Nous esp\u00e9rons ouvrir un dialogue de recherche mutuelle, en \u00e9coutant et en apprenant les uns des autres, en explorant collectivement ce \u00e0 quoi la pleine conscience pourrait ressembler dans les g\u00e9n\u00e9rations futures. Nous aurons l'occasion d'entendre les derniers r\u00e9sultats des recherches men\u00e9es par\u00a0<\/span><strong style=\"font-size: 16px; text-decoration-line: initial;\">Professeur Katherine Weare<\/strong><span style=\"font-size: 16px; text-decoration-line: initial;\">des points de vue d'enfants et de jeunes eux-m\u00eames ; une vue d'ensemble des enseignements tir\u00e9s du d\u00e9veloppement de la pleine conscience \u00e0 l'\u00e9cole, introduisant un cadre qui offre divers points d'entr\u00e9e et un \u00e9ventail de voies pour introduire et soutenir la pleine conscience au sein et pour les communaut\u00e9s \u00e9ducatives, y compris : une approche de la pleine conscience pour tout r\u00f4le dans une \u00e9cole ; l'enseignement d'une mati\u00e8re en pleine conscience ; l'enseignement discret de la pleine conscience aux \u00e9l\u00e8ves ; le soutien aux communaut\u00e9s d'enseignants de la pleine conscience \u00e0 l'\u00e9cole, et le d\u00e9veloppement intentionnel d'une culture scolaire enti\u00e8re qui incarne les valeurs, les qualit\u00e9s et les attitudes de la pleine conscience.<\/span><\/p><\/div><\/div><\/div><\/div><\/div><\/div><div class=\"elementor-widget-container\"><div class=\"elementor-toggle\"><div class=\"elementor-toggle-item\"><p>Cet atelier sera \u00e9galement l'occasion d'entendre des r\u00e9flexions sur les r\u00e9cents travaux inspir\u00e9s de\u00a0<strong>Esther Ghey<\/strong>\u00a0(m\u00e8re de Brianna, une adolescente britannique assassin\u00e9e) pour financer la formation \u00e0 la pleine conscience d'un enseignant dans chaque \u00e9cole de Warrington, la ville natale de Brianna, ainsi que pour sensibiliser les m\u00e9dias et les d\u00e9cideurs \u00e0 la pleine conscience. Nous sommes ravis qu'Esther puisse se joindre \u00e0 nous pour partager son point de vue de parent, de praticienne de la pleine conscience et de directrice de Peace and Mind UK, une nouvelle organisation \u00e0 but non lucratif.\u00a0<strong>Emily Slater (PDG de MiSP)<\/strong>\u00a0se joindront \u00e0 elle pour cela.<\/p><p>Connu pour ses programmes sp\u00e9cifiques \u00e0 chaque \u00e2ge, cet atelier sera l'occasion de go\u00fbter au nouveau programme du MiSP, con\u00e7u pour nos plus jeunes apprenants, les enfants de 3 \u00e0 6 ans, ainsi qu'au programme scolaire de The Present, avec la possibilit\u00e9 d'entendre directement le directeur de The Present et l'auteur du programme,\u00a0<strong>Sarah Silverton<\/strong>dans le cadre du partage d'une nouvelle collaboration officielle entre les deux organisations.\u00a0\u00a0<\/p><p>Cet atelier est ouvert \u00e0 tous et sera \u00e9galement l'occasion pour les \u00e9ducateurs et toutes les personnes qui s'occupent d'enfants et de jeunes \u00e0 titre professionnel ou personnel ou qui sont passionn\u00e9es pour d'autres raisons de se r\u00e9unir et de travailler en r\u00e9seau. Si les g\u00e9n\u00e9rations futures vous tiennent \u00e0 c\u0153ur et que vous souhaitez que le plus grand nombre possible de personnes aient acc\u00e8s \u00e0 la pleine conscience dans leur vie ? Nous esp\u00e9rons que cet atelier vous offrira des outils pratiques et de l'inspiration.\u00a0<\/p><h5 style=\"text-align: center;\"><span style=\"text-decoration: underline;\"><a href=\"https:\/\/www.internationalmindfulnessconference.com\/fr_fr\/acheter-des-billets\/\"><strong>R\u00e9servez votre place d\u00e8s maintenant !<\/strong><\/a><\/span><\/h5><div id=\"elementor-tab-content-3151\" class=\"elementor-tab-content elementor-clearfix elementor-active\" role=\"region\" data-tab=\"1\" aria-labelledby=\"elementor-tab-title-3151\">\u00a0<\/div><\/div><\/div><\/div><\/div>\t\t\t\t\t\t\t\t<\/div>\n\t\t\t\t<\/div>\n\t\t\t\t<div class=\"elementor-element elementor-element-491308c elementor-widget-divider--view-line elementor-widget elementor-widget-divider\" data-id=\"491308c\" data-element_type=\"widget\" data-e-type=\"widget\" data-widget_type=\"divider.default\">\n\t\t\t\t<div class=\"elementor-widget-container\">\n\t\t\t\t\t\t\t<div class=\"elementor-divider\">\n\t\t\t<span class=\"elementor-divider-separator\">\n\t\t\t\t\t\t<\/span>\n\t\t<\/div>\n\t\t\t\t\t\t<\/div>\n\t\t\t\t<\/div>\n\t\t\t\t\t<\/div>\n\t\t<\/div>\n\t\t\t\t\t<\/div>\n\t\t<\/section>\n\t\t\t\t<\/div>","protected":false},"excerpt":{"rendered":"<p>ICM:2024 Post-Conference 1 DAY WORKSHOP, 6 AUGUST Join Online or In-Person As part of the International Conference on Mindfulness (ICM:2024) at Bangor University there will be a full day workshop led by Mindfulness in Schools Project (MiSP): Mindfulness for Future Generations with\u00a0Emily Slater, Esther Ghey, Katherine Weare, Sarah Silverton, Ben Chalwin, Faiy Rushton, Richard Burnett,\u00a0and\u00a0Jason [&hellip;]<\/p>\n","protected":false},"author":4,"featured_media":51975,"comment_status":"closed","ping_status":"closed","sticky":false,"template":"","format":"standard","meta":{"_view_id":"","site-sidebar-layout":"default","site-content-layout":"","ast-site-content-layout":"default","site-content-style":"default","site-sidebar-style":"default","ast-global-header-display":"","ast-banner-title-visibility":"","ast-main-header-display":"","ast-hfb-above-header-display":"","ast-hfb-below-header-display":"","ast-hfb-mobile-header-display":"","site-post-title":"","ast-breadcrumbs-content":"","ast-featured-img":"disabled","footer-sml-layout":"","ast-disable-related-posts":"","theme-transparent-header-meta":"","adv-header-id-meta":"","stick-header-meta":"","header-above-stick-meta":"","header-main-stick-meta":"","header-below-stick-meta":"","astra-migrate-meta-layouts":"set","ast-page-background-enabled":"default","ast-page-background-meta":{"desktop":{"background-color":"","background-image":"","background-repeat":"repeat","background-position":"center center","background-size":"auto","background-attachment":"scroll","background-type":"","background-media":"","overlay-type":"","overlay-color":"","overlay-opacity":"","overlay-gradient":""},"tablet":{"background-color":"","background-image":"","background-repeat":"repeat","background-position":"center center","background-size":"auto","background-attachment":"scroll","background-type":"","background-media":"","overlay-type":"","overlay-color":"","overlay-opacity":"","overlay-gradient":""},"mobile":{"background-color":"","background-image":"","background-repeat":"repeat","background-position":"center center","background-size":"auto","background-attachment":"scroll","background-type":"","background-media":"","overlay-type":"","overlay-color":"","overlay-opacity":"","overlay-gradient":""}},"ast-content-background-meta":{"desktop":{"background-color":"var(--ast-global-color-5)","background-image":"","background-repeat":"repeat","background-position":"center center","background-size":"auto","background-attachment":"scroll","background-type":"","background-media":"","overlay-type":"","overlay-color":"","overlay-opacity":"","overlay-gradient":""},"tablet":{"background-color":"var(--ast-global-color-5)","background-image":"","background-repeat":"repeat","background-position":"center center","background-size":"auto","background-attachment":"scroll","background-type":"","background-media":"","overlay-type":"","overlay-color":"","overlay-opacity":"","overlay-gradient":""},"mobile":{"background-color":"var(--ast-global-color-5)","background-image":"","background-repeat":"repeat","background-position":"center center","background-size":"auto","background-attachment":"scroll","background-type":"","background-media":"","overlay-type":"","overlay-color":"","overlay-opacity":"","overlay-gradient":""}},"_jetpack_memberships_contains_paid_content":false,"wds_primary_category":115,"footnotes":""},"categories":[82,115],"tags":[],"class_list":["post-51973","post","type-post","status-publish","format-standard","has-post-thumbnail","hentry","category-five-strands","category-workshops-retreat-training"],"yoast_head":"<!-- This site is optimized with the Yoast SEO plugin v27.5 - https:\/\/yoast.com\/product\/yoast-seo-wordpress\/ -->\n<title>Mindfulness for Future Generations - International Conference on Mindfulness 2024<\/title>\n<meta name=\"description\" content=\"Five Strands\" \/>\n<meta name=\"robots\" content=\"index, follow, max-snippet:-1, max-image-preview:large, max-video-preview:-1\" \/>\n<link rel=\"canonical\" href=\"https:\/\/www.internationalmindfulnessconference.com\/fr_fr\/2024\/06\/21\/la-pleine-conscience-pour-les-generations-futures\/\" \/>\n<meta property=\"og:locale\" content=\"fr_FR\" \/>\n<meta property=\"og:type\" content=\"article\" \/>\n<meta property=\"og:title\" content=\"Mindfulness for Future Generations - International Conference on Mindfulness 2024\" \/>\n<meta property=\"og:description\" content=\"Five Strands\" \/>\n<meta property=\"og:url\" content=\"https:\/\/www.internationalmindfulnessconference.com\/fr_fr\/2024\/06\/21\/la-pleine-conscience-pour-les-generations-futures\/\" \/>\n<meta property=\"og:site_name\" content=\"International Conference on Mindfulness 2024\" \/>\n<meta property=\"article:publisher\" content=\"https:\/\/www.facebook.com\/MindfulnessNetworkUK\/\" \/>\n<meta property=\"article:published_time\" content=\"2024-06-21T00:16:58+00:00\" \/>\n<meta property=\"article:modified_time\" content=\"2024-06-25T10:58:20+00:00\" \/>\n<meta property=\"og:image\" content=\"https:\/\/www.internationalmindfulnessconference.com\/wp-content\/uploads\/2024\/06\/post-conference-workshop-pass.png\" \/>\n\t<meta property=\"og:image:width\" content=\"1375\" \/>\n\t<meta property=\"og:image:height\" content=\"1375\" \/>\n\t<meta property=\"og:image:type\" content=\"image\/png\" \/>\n<meta name=\"author\" content=\"Joelle\" \/>\n<meta name=\"twitter:card\" content=\"summary_large_image\" \/>\n<meta name=\"twitter:creator\" content=\"@MindfulnessN\" \/>\n<meta name=\"twitter:site\" content=\"@MindfulnessN\" \/>\n<meta name=\"twitter:label1\" content=\"\u00c9crit par\" \/>\n\t<meta name=\"twitter:data1\" content=\"Joelle\" \/>\n\t<meta name=\"twitter:label2\" content=\"Dur\u00e9e de lecture estim\u00e9e\" \/>\n\t<meta name=\"twitter:data2\" content=\"6 minutes\" \/>\n<script type=\"application\/ld+json\" class=\"yoast-schema-graph\">{\"@context\":\"https:\\\/\\\/schema.org\",\"@graph\":[{\"@type\":\"Article\",\"@id\":\"https:\\\/\\\/www.internationalmindfulnessconference.com\\\/2024\\\/06\\\/21\\\/mindfulness-for-future-generations\\\/#article\",\"isPartOf\":{\"@id\":\"https:\\\/\\\/www.internationalmindfulnessconference.com\\\/2024\\\/06\\\/21\\\/mindfulness-for-future-generations\\\/\"},\"author\":{\"name\":\"Joelle\",\"@id\":\"https:\\\/\\\/www.internationalmindfulnessconference.com\\\/#\\\/schema\\\/person\\\/8c7c27f8bbd1139766ae25513970a4af\"},\"headline\":\"Mindfulness for Future Generations\",\"datePublished\":\"2024-06-21T00:16:58+00:00\",\"dateModified\":\"2024-06-25T10:58:20+00:00\",\"mainEntityOfPage\":{\"@id\":\"https:\\\/\\\/www.internationalmindfulnessconference.com\\\/2024\\\/06\\\/21\\\/mindfulness-for-future-generations\\\/\"},\"wordCount\":597,\"publisher\":{\"@id\":\"https:\\\/\\\/www.internationalmindfulnessconference.com\\\/#organization\"},\"image\":{\"@id\":\"https:\\\/\\\/www.internationalmindfulnessconference.com\\\/2024\\\/06\\\/21\\\/mindfulness-for-future-generations\\\/#primaryimage\"},\"thumbnailUrl\":\"https:\\\/\\\/www.internationalmindfulnessconference.com\\\/wp-content\\\/uploads\\\/2024\\\/06\\\/post-conference-workshop-pass.png\",\"articleSection\":[\"Five Strands\",\"workshops, retreat, training\"],\"inLanguage\":\"fr-FR\"},{\"@type\":\"WebPage\",\"@id\":\"https:\\\/\\\/www.internationalmindfulnessconference.com\\\/2024\\\/06\\\/21\\\/mindfulness-for-future-generations\\\/\",\"url\":\"https:\\\/\\\/www.internationalmindfulnessconference.com\\\/2024\\\/06\\\/21\\\/mindfulness-for-future-generations\\\/\",\"name\":\"Mindfulness for Future Generations - International Conference on Mindfulness 2024\",\"isPartOf\":{\"@id\":\"https:\\\/\\\/www.internationalmindfulnessconference.com\\\/#website\"},\"primaryImageOfPage\":{\"@id\":\"https:\\\/\\\/www.internationalmindfulnessconference.com\\\/2024\\\/06\\\/21\\\/mindfulness-for-future-generations\\\/#primaryimage\"},\"image\":{\"@id\":\"https:\\\/\\\/www.internationalmindfulnessconference.com\\\/2024\\\/06\\\/21\\\/mindfulness-for-future-generations\\\/#primaryimage\"},\"thumbnailUrl\":\"https:\\\/\\\/www.internationalmindfulnessconference.com\\\/wp-content\\\/uploads\\\/2024\\\/06\\\/post-conference-workshop-pass.png\",\"datePublished\":\"2024-06-21T00:16:58+00:00\",\"dateModified\":\"2024-06-25T10:58:20+00:00\",\"description\":\"Five Strands\",\"breadcrumb\":{\"@id\":\"https:\\\/\\\/www.internationalmindfulnessconference.com\\\/2024\\\/06\\\/21\\\/mindfulness-for-future-generations\\\/#breadcrumb\"},\"inLanguage\":\"fr-FR\",\"potentialAction\":[{\"@type\":\"ReadAction\",\"target\":[\"https:\\\/\\\/www.internationalmindfulnessconference.com\\\/2024\\\/06\\\/21\\\/mindfulness-for-future-generations\\\/\"]}]},{\"@type\":\"ImageObject\",\"inLanguage\":\"fr-FR\",\"@id\":\"https:\\\/\\\/www.internationalmindfulnessconference.com\\\/2024\\\/06\\\/21\\\/mindfulness-for-future-generations\\\/#primaryimage\",\"url\":\"https:\\\/\\\/www.internationalmindfulnessconference.com\\\/wp-content\\\/uploads\\\/2024\\\/06\\\/post-conference-workshop-pass.png\",\"contentUrl\":\"https:\\\/\\\/www.internationalmindfulnessconference.com\\\/wp-content\\\/uploads\\\/2024\\\/06\\\/post-conference-workshop-pass.png\",\"width\":1375,\"height\":1375},{\"@type\":\"BreadcrumbList\",\"@id\":\"https:\\\/\\\/www.internationalmindfulnessconference.com\\\/2024\\\/06\\\/21\\\/mindfulness-for-future-generations\\\/#breadcrumb\",\"itemListElement\":[{\"@type\":\"ListItem\",\"position\":1,\"name\":\"Home\",\"item\":\"https:\\\/\\\/www.internationalmindfulnessconference.com\\\/\"},{\"@type\":\"ListItem\",\"position\":2,\"name\":\"Mindfulness for Future Generations\"}]},{\"@type\":\"WebSite\",\"@id\":\"https:\\\/\\\/www.internationalmindfulnessconference.com\\\/#website\",\"url\":\"https:\\\/\\\/www.internationalmindfulnessconference.com\\\/\",\"name\":\"International Conference on Mindfulness 2024\",\"description\":\"ICM 2024: Mindfulness in a Changing World\",\"publisher\":{\"@id\":\"https:\\\/\\\/www.internationalmindfulnessconference.com\\\/#organization\"},\"alternateName\":\"ICM 2024\",\"potentialAction\":[{\"@type\":\"SearchAction\",\"target\":{\"@type\":\"EntryPoint\",\"urlTemplate\":\"https:\\\/\\\/www.internationalmindfulnessconference.com\\\/?s={search_term_string}\"},\"query-input\":{\"@type\":\"PropertyValueSpecification\",\"valueRequired\":true,\"valueName\":\"search_term_string\"}}],\"inLanguage\":\"fr-FR\"},{\"@type\":\"Organization\",\"@id\":\"https:\\\/\\\/www.internationalmindfulnessconference.com\\\/#organization\",\"name\":\"The Mindfulness Network\",\"alternateName\":\"Mindfulness Network\",\"url\":\"https:\\\/\\\/www.internationalmindfulnessconference.com\\\/\",\"logo\":{\"@type\":\"ImageObject\",\"inLanguage\":\"fr-FR\",\"@id\":\"https:\\\/\\\/www.internationalmindfulnessconference.com\\\/#\\\/schema\\\/logo\\\/image\\\/\",\"url\":\"https:\\\/\\\/www.internationalmindfulnessconference.com\\\/wp-content\\\/uploads\\\/2023\\\/01\\\/MNLogo-300x300-1.jpg\",\"contentUrl\":\"https:\\\/\\\/www.internationalmindfulnessconference.com\\\/wp-content\\\/uploads\\\/2023\\\/01\\\/MNLogo-300x300-1.jpg\",\"width\":300,\"height\":300,\"caption\":\"The Mindfulness Network\"},\"image\":{\"@id\":\"https:\\\/\\\/www.internationalmindfulnessconference.com\\\/#\\\/schema\\\/logo\\\/image\\\/\"},\"sameAs\":[\"https:\\\/\\\/www.facebook.com\\\/MindfulnessNetworkUK\\\/\",\"https:\\\/\\\/x.com\\\/MindfulnessN\"]},{\"@type\":\"Person\",\"@id\":\"https:\\\/\\\/www.internationalmindfulnessconference.com\\\/#\\\/schema\\\/person\\\/8c7c27f8bbd1139766ae25513970a4af\",\"name\":\"Joelle\",\"image\":{\"@type\":\"ImageObject\",\"inLanguage\":\"fr-FR\",\"@id\":\"https:\\\/\\\/www.internationalmindfulnessconference.com\\\/wp-content\\\/wphb-cache\\\/gravatar\\\/732\\\/732517fb250b638fc69f7bdc6e0c5120x96.jpg\",\"url\":\"https:\\\/\\\/www.internationalmindfulnessconference.com\\\/wp-content\\\/wphb-cache\\\/gravatar\\\/732\\\/732517fb250b638fc69f7bdc6e0c5120x96.jpg\",\"contentUrl\":\"https:\\\/\\\/www.internationalmindfulnessconference.com\\\/wp-content\\\/wphb-cache\\\/gravatar\\\/732\\\/732517fb250b638fc69f7bdc6e0c5120x96.jpg\",\"caption\":\"Joelle\"},\"url\":\"https:\\\/\\\/www.internationalmindfulnessconference.com\\\/fr_fr\\\/author\\\/joellemindfulness-network-org\\\/\"}]}<\/script>\n<!-- \/ Yoast SEO plugin. -->","yoast_head_json":{"title":"La pleine conscience pour les g\u00e9n\u00e9rations futures - Conf\u00e9rence internationale sur la pleine conscience 2024","description":"Cinq brins","robots":{"index":"index","follow":"follow","max-snippet":"max-snippet:-1","max-image-preview":"max-image-preview:large","max-video-preview":"max-video-preview:-1"},"canonical":"https:\/\/www.internationalmindfulnessconference.com\/fr_fr\/2024\/06\/21\/la-pleine-conscience-pour-les-generations-futures\/","og_locale":"fr_FR","og_type":"article","og_title":"Mindfulness for Future Generations - International Conference on Mindfulness 2024","og_description":"Five Strands","og_url":"https:\/\/www.internationalmindfulnessconference.com\/fr_fr\/2024\/06\/21\/la-pleine-conscience-pour-les-generations-futures\/","og_site_name":"International Conference on Mindfulness 2024","article_publisher":"https:\/\/www.facebook.com\/MindfulnessNetworkUK\/","article_published_time":"2024-06-21T00:16:58+00:00","article_modified_time":"2024-06-25T10:58:20+00:00","og_image":[{"width":1375,"height":1375,"url":"https:\/\/www.internationalmindfulnessconference.com\/wp-content\/uploads\/2024\/06\/post-conference-workshop-pass.png","type":"image\/png"}],"author":"Joelle","twitter_card":"summary_large_image","twitter_creator":"@MindfulnessN","twitter_site":"@MindfulnessN","twitter_misc":{"\u00c9crit par":"Joelle","Dur\u00e9e de lecture estim\u00e9e":"6 minutes"},"schema":{"@context":"https:\/\/schema.org","@graph":[{"@type":"Article","@id":"https:\/\/www.internationalmindfulnessconference.com\/2024\/06\/21\/mindfulness-for-future-generations\/#article","isPartOf":{"@id":"https:\/\/www.internationalmindfulnessconference.com\/2024\/06\/21\/mindfulness-for-future-generations\/"},"author":{"name":"Joelle","@id":"https:\/\/www.internationalmindfulnessconference.com\/#\/schema\/person\/8c7c27f8bbd1139766ae25513970a4af"},"headline":"Mindfulness for Future Generations","datePublished":"2024-06-21T00:16:58+00:00","dateModified":"2024-06-25T10:58:20+00:00","mainEntityOfPage":{"@id":"https:\/\/www.internationalmindfulnessconference.com\/2024\/06\/21\/mindfulness-for-future-generations\/"},"wordCount":597,"publisher":{"@id":"https:\/\/www.internationalmindfulnessconference.com\/#organization"},"image":{"@id":"https:\/\/www.internationalmindfulnessconference.com\/2024\/06\/21\/mindfulness-for-future-generations\/#primaryimage"},"thumbnailUrl":"https:\/\/www.internationalmindfulnessconference.com\/wp-content\/uploads\/2024\/06\/post-conference-workshop-pass.png","articleSection":["Five Strands","workshops, retreat, training"],"inLanguage":"fr-FR"},{"@type":"WebPage","@id":"https:\/\/www.internationalmindfulnessconference.com\/2024\/06\/21\/mindfulness-for-future-generations\/","url":"https:\/\/www.internationalmindfulnessconference.com\/2024\/06\/21\/mindfulness-for-future-generations\/","name":"La pleine conscience pour les g\u00e9n\u00e9rations futures - Conf\u00e9rence internationale sur la pleine conscience 2024","isPartOf":{"@id":"https:\/\/www.internationalmindfulnessconference.com\/#website"},"primaryImageOfPage":{"@id":"https:\/\/www.internationalmindfulnessconference.com\/2024\/06\/21\/mindfulness-for-future-generations\/#primaryimage"},"image":{"@id":"https:\/\/www.internationalmindfulnessconference.com\/2024\/06\/21\/mindfulness-for-future-generations\/#primaryimage"},"thumbnailUrl":"https:\/\/www.internationalmindfulnessconference.com\/wp-content\/uploads\/2024\/06\/post-conference-workshop-pass.png","datePublished":"2024-06-21T00:16:58+00:00","dateModified":"2024-06-25T10:58:20+00:00","description":"Cinq brins","breadcrumb":{"@id":"https:\/\/www.internationalmindfulnessconference.com\/2024\/06\/21\/mindfulness-for-future-generations\/#breadcrumb"},"inLanguage":"fr-FR","potentialAction":[{"@type":"ReadAction","target":["https:\/\/www.internationalmindfulnessconference.com\/2024\/06\/21\/mindfulness-for-future-generations\/"]}]},{"@type":"ImageObject","inLanguage":"fr-FR","@id":"https:\/\/www.internationalmindfulnessconference.com\/2024\/06\/21\/mindfulness-for-future-generations\/#primaryimage","url":"https:\/\/www.internationalmindfulnessconference.com\/wp-content\/uploads\/2024\/06\/post-conference-workshop-pass.png","contentUrl":"https:\/\/www.internationalmindfulnessconference.com\/wp-content\/uploads\/2024\/06\/post-conference-workshop-pass.png","width":1375,"height":1375},{"@type":"BreadcrumbList","@id":"https:\/\/www.internationalmindfulnessconference.com\/2024\/06\/21\/mindfulness-for-future-generations\/#breadcrumb","itemListElement":[{"@type":"ListItem","position":1,"name":"Home","item":"https:\/\/www.internationalmindfulnessconference.com\/"},{"@type":"ListItem","position":2,"name":"Mindfulness for Future Generations"}]},{"@type":"WebSite","@id":"https:\/\/www.internationalmindfulnessconference.com\/#website","url":"https:\/\/www.internationalmindfulnessconference.com\/","name":"Conf\u00e9rence internationale sur la pleine conscience 2024","description":"ICM 2024 : La pleine conscience dans un monde en mutation","publisher":{"@id":"https:\/\/www.internationalmindfulnessconference.com\/#organization"},"alternateName":"ICM 2024","potentialAction":[{"@type":"SearchAction","target":{"@type":"EntryPoint","urlTemplate":"https:\/\/www.internationalmindfulnessconference.com\/?s={search_term_string}"},"query-input":{"@type":"PropertyValueSpecification","valueRequired":true,"valueName":"search_term_string"}}],"inLanguage":"fr-FR"},{"@type":"Organization","@id":"https:\/\/www.internationalmindfulnessconference.com\/#organization","name":"Le r\u00e9seau Mindfulness","alternateName":"Mindfulness Network","url":"https:\/\/www.internationalmindfulnessconference.com\/","logo":{"@type":"ImageObject","inLanguage":"fr-FR","@id":"https:\/\/www.internationalmindfulnessconference.com\/#\/schema\/logo\/image\/","url":"https:\/\/www.internationalmindfulnessconference.com\/wp-content\/uploads\/2023\/01\/MNLogo-300x300-1.jpg","contentUrl":"https:\/\/www.internationalmindfulnessconference.com\/wp-content\/uploads\/2023\/01\/MNLogo-300x300-1.jpg","width":300,"height":300,"caption":"The Mindfulness Network"},"image":{"@id":"https:\/\/www.internationalmindfulnessconference.com\/#\/schema\/logo\/image\/"},"sameAs":["https:\/\/www.facebook.com\/MindfulnessNetworkUK\/","https:\/\/x.com\/MindfulnessN"]},{"@type":"Person","@id":"https:\/\/www.internationalmindfulnessconference.com\/#\/schema\/person\/8c7c27f8bbd1139766ae25513970a4af","name":"Joelle","image":{"@type":"ImageObject","inLanguage":"fr-FR","@id":"https:\/\/www.internationalmindfulnessconference.com\/wp-content\/wphb-cache\/gravatar\/732\/732517fb250b638fc69f7bdc6e0c5120x96.jpg","url":"https:\/\/www.internationalmindfulnessconference.com\/wp-content\/wphb-cache\/gravatar\/732\/732517fb250b638fc69f7bdc6e0c5120x96.jpg","contentUrl":"https:\/\/www.internationalmindfulnessconference.com\/wp-content\/wphb-cache\/gravatar\/732\/732517fb250b638fc69f7bdc6e0c5120x96.jpg","caption":"Joelle"},"url":"https:\/\/www.internationalmindfulnessconference.com\/fr_fr\/author\/joellemindfulness-network-org\/"}]}},"jetpack_featured_media_url":"https:\/\/www.internationalmindfulnessconference.com\/wp-content\/uploads\/2024\/06\/post-conference-workshop-pass.png","jetpack_sharing_enabled":true,"_links":{"self":[{"href":"https:\/\/www.internationalmindfulnessconference.com\/fr_fr\/wp-json\/wp\/v2\/posts\/51973","targetHints":{"allow":["GET"]}}],"collection":[{"href":"https:\/\/www.internationalmindfulnessconference.com\/fr_fr\/wp-json\/wp\/v2\/posts"}],"about":[{"href":"https:\/\/www.internationalmindfulnessconference.com\/fr_fr\/wp-json\/wp\/v2\/types\/post"}],"author":[{"embeddable":true,"href":"https:\/\/www.internationalmindfulnessconference.com\/fr_fr\/wp-json\/wp\/v2\/users\/4"}],"replies":[{"embeddable":true,"href":"https:\/\/www.internationalmindfulnessconference.com\/fr_fr\/wp-json\/wp\/v2\/comments?post=51973"}],"version-history":[{"count":0,"href":"https:\/\/www.internationalmindfulnessconference.com\/fr_fr\/wp-json\/wp\/v2\/posts\/51973\/revisions"}],"wp:featuredmedia":[{"embeddable":true,"href":"https:\/\/www.internationalmindfulnessconference.com\/fr_fr\/wp-json\/wp\/v2\/media\/51975"}],"wp:attachment":[{"href":"https:\/\/www.internationalmindfulnessconference.com\/fr_fr\/wp-json\/wp\/v2\/media?parent=51973"}],"wp:term":[{"taxonomy":"category","embeddable":true,"href":"https:\/\/www.internationalmindfulnessconference.com\/fr_fr\/wp-json\/wp\/v2\/categories?post=51973"},{"taxonomy":"post_tag","embeddable":true,"href":"https:\/\/www.internationalmindfulnessconference.com\/fr_fr\/wp-json\/wp\/v2\/tags?post=51973"}],"curies":[{"name":"wp","href":"https:\/\/api.w.org\/{rel}","templated":true}]}}