{"id":3848,"date":"2023-10-17T15:54:59","date_gmt":"2023-10-17T15:54:59","guid":{"rendered":"https:\/\/www.internationalmindfulnessconference.com\/?p=3848"},"modified":"2025-06-12T12:56:55","modified_gmt":"2025-06-12T12:56:55","slug":"onderdeel-5-politieke-milieu-en-mondiale-initiatieven","status":"publish","type":"post","link":"https:\/\/www.internationalmindfulnessconference.com\/nl\/2023\/10\/17\/onderdeel-5-politieke-milieu-en-mondiale-initiatieven\/","title":{"rendered":"Onderdeel 5: Politieke, milieu- en mondiale initiatieven"},"content":{"rendered":"<div data-elementor-type=\"wp-post\" data-elementor-id=\"3848\" class=\"elementor elementor-3848\" data-elementor-post-type=\"post\">\n\t\t\t\t\t\t<section class=\"elementor-section elementor-top-section elementor-element elementor-element-11c72cd elementor-section-boxed elementor-section-height-default elementor-section-height-default\" data-id=\"11c72cd\" data-element_type=\"section\" data-e-type=\"section\">\n\t\t\t\t\t\t<div class=\"elementor-container elementor-column-gap-default\">\n\t\t\t\t\t<div class=\"elementor-column elementor-col-100 elementor-top-column elementor-element elementor-element-59458f9\" data-id=\"59458f9\" data-element_type=\"column\" data-e-type=\"column\">\n\t\t\t<div class=\"elementor-widget-wrap\">\n\t\t\t\t\t\t\t<\/div>\n\t\t<\/div>\n\t\t\t\t\t<\/div>\n\t\t<\/section>\n\t\t\t\t<section class=\"elementor-section elementor-top-section elementor-element elementor-element-71486b5 elementor-section-boxed elementor-section-height-default elementor-section-height-default\" data-id=\"71486b5\" data-element_type=\"section\" data-e-type=\"section\">\n\t\t\t\t\t\t<div class=\"elementor-container elementor-column-gap-default\">\n\t\t\t\t\t<div class=\"elementor-column elementor-col-100 elementor-top-column elementor-element elementor-element-3c9d98f\" data-id=\"3c9d98f\" data-element_type=\"column\" data-e-type=\"column\">\n\t\t\t<div class=\"elementor-widget-wrap elementor-element-populated\">\n\t\t\t\t\t\t<div class=\"elementor-element elementor-element-f61b880 elementor-widget elementor-widget-heading\" data-id=\"f61b880\" data-element_type=\"widget\" data-e-type=\"widget\" data-widget_type=\"heading.default\">\n\t\t\t\t<div class=\"elementor-widget-container\">\n\t\t\t\t\t<h2 class=\"elementor-heading-title elementor-size-default\">politieke, milieu- en mondiale initiatieven<\/h2>\t\t\t\t<\/div>\n\t\t\t\t<\/div>\n\t\t\t\t<div class=\"elementor-element elementor-element-64824b5 elementor-widget-divider--view-line elementor-widget elementor-widget-divider\" data-id=\"64824b5\" data-element_type=\"widget\" data-e-type=\"widget\" data-widget_type=\"divider.default\">\n\t\t\t\t<div class=\"elementor-widget-container\">\n\t\t\t\t\t\t\t<div class=\"elementor-divider\">\n\t\t\t<span class=\"elementor-divider-separator\">\n\t\t\t\t\t\t<\/span>\n\t\t<\/div>\n\t\t\t\t\t\t<\/div>\n\t\t\t\t<\/div>\n\t\t\t\t<div class=\"elementor-element elementor-element-ba1816a elementor-widget elementor-widget-text-editor\" data-id=\"ba1816a\" data-element_type=\"widget\" data-e-type=\"widget\" data-widget_type=\"text-editor.default\">\n\t\t\t\t<div class=\"elementor-widget-container\">\n\t\t\t\t\t\t\t\t\t<p><strong>Hoe kunnen we mindfulness omzetten in actie - persoonlijk, politiek en sociaal?<\/strong><\/p><p><span data-contrast=\"none\"> Mindfulness heeft het potentieel om een significante impact te hebben op onze wereld in een tijd waarin we voor verschillende uitdagingen staan. Maar om dit te realiseren, moeten we allemaal een stap zetten om de huidige problemen van onze tijd aan te pakken. We moeten in gesprek gaan met beleidsmakers, politici en be\u00efnvloeders om duurzame en gestructureerde kaders te cre\u00ebren waarin mindfulness kan gedijen. Als we de conferentie afsluiten, zal dit onderdeel ons helpen om diep na te denken over hoe ieder van ons een verschil kan maken en verder kan gaan met het werk dat nodig is. We zullen nadenken over onze eigen unieke context, levenservaring en vaardigheden die ons in staat stellen een rol te spelen in het grotere geheel.<\/span><span data-ccp-props=\"{&quot;201341983&quot;:0,&quot;335559739&quot;:160,&quot;335559740&quot;:259}\">\u00a0<\/span><span data-contrast=\"auto\">\u00a0<\/span><span data-ccp-props=\"{&quot;201341983&quot;:0,&quot;335559739&quot;:160,&quot;335559740&quot;:259}\">\u00a0<\/span><\/p><p><strong>Het onderdeel omvat, maar is niet beperkt tot:<\/strong><\/p><ul><li>Toekomstige Generaties Wet in Wales<\/li><li>Mindfulness en het raakvlak met politiek<\/li><li>Meditatiebeoefening en milieu\/politieke houdingen en gedrag<\/li><li>Eco-angst<br \/>Effecten van klimaatverandering op individuen en de samenleving<\/li><li>Mindfulness en duurzaamheid<\/li><li>Mindfulness en consumentengedrag?<\/li><\/ul>\t\t\t\t\t\t\t\t<\/div>\n\t\t\t\t<\/div>\n\t\t\t\t\t<\/div>\n\t\t<\/div>\n\t\t\t\t\t<\/div>\n\t\t<\/section>\n\t\t\t\t<section class=\"elementor-section elementor-top-section elementor-element elementor-element-12cd4fd elementor-section-boxed elementor-section-height-default elementor-section-height-default\" data-id=\"12cd4fd\" data-element_type=\"section\" data-e-type=\"section\">\n\t\t\t\t\t\t<div class=\"elementor-container elementor-column-gap-default\">\n\t\t\t\t\t<div class=\"elementor-column elementor-col-100 elementor-top-column elementor-element elementor-element-7ae5ae2\" data-id=\"7ae5ae2\" data-element_type=\"column\" data-e-type=\"column\">\n\t\t\t<div class=\"elementor-widget-wrap elementor-element-populated\">\n\t\t\t\t\t\t<div class=\"elementor-element elementor-element-1bcac4d elementor-widget elementor-widget-spacer\" data-id=\"1bcac4d\" data-element_type=\"widget\" data-e-type=\"widget\" data-widget_type=\"spacer.default\">\n\t\t\t\t<div class=\"elementor-widget-container\">\n\t\t\t\t\t\t\t<div class=\"elementor-spacer\">\n\t\t\t<div class=\"elementor-spacer-inner\"><\/div>\n\t\t<\/div>\n\t\t\t\t\t\t<\/div>\n\t\t\t\t<\/div>\n\t\t\t\t\t<\/div>\n\t\t<\/div>\n\t\t\t\t\t<\/div>\n\t\t<\/section>\n\t\t\t\t<section class=\"elementor-section elementor-top-section elementor-element elementor-element-bffc79d elementor-section-boxed elementor-section-height-default elementor-section-height-default\" data-id=\"bffc79d\" data-element_type=\"section\" data-e-type=\"section\">\n\t\t\t\t\t\t<div class=\"elementor-container elementor-column-gap-default\">\n\t\t\t\t\t<div class=\"elementor-column elementor-col-100 elementor-top-column elementor-element elementor-element-36fbdf73\" data-id=\"36fbdf73\" data-element_type=\"column\" data-e-type=\"column\">\n\t\t\t<div class=\"elementor-widget-wrap elementor-element-populated\">\n\t\t\t\t\t\t<div class=\"elementor-element elementor-element-557760a2 elementor-widget-divider--view-line elementor-widget elementor-widget-divider\" data-id=\"557760a2\" data-element_type=\"widget\" data-e-type=\"widget\" data-widget_type=\"divider.default\">\n\t\t\t\t<div class=\"elementor-widget-container\">\n\t\t\t\t\t\t\t<div class=\"elementor-divider\">\n\t\t\t<span class=\"elementor-divider-separator\">\n\t\t\t\t\t\t<\/span>\n\t\t<\/div>\n\t\t\t\t\t\t<\/div>\n\t\t\t\t<\/div>\n\t\t\t\t<div class=\"elementor-element elementor-element-5572859 elementor-widget elementor-widget-text-editor\" data-id=\"5572859\" data-element_type=\"widget\" data-e-type=\"widget\" data-widget_type=\"text-editor.default\">\n\t\t\t\t<div class=\"elementor-widget-container\">\n\t\t\t\t\t\t\t\t\t<p>Onderdeel 5 begint met een keynote van <a href=\"https:\/\/www.internationalmindfulnessconference.com\/nl\/luidsprekers\/#jamie-bristow-bio\">Jamie Bristow<\/a> met een panel en discussie met het publiek. Hierna kun je kiezen of je een workshop, onderzoekssymposium of begeleide praktijk wilt bijwonen. Deze worden gehouden in verschillende ruimtes in het Pontio Centre van Bangor University. De afsluitende Keynote van onderdeel 5 wordt virtueel gepresenteerd met <a href=\"https:\/\/www.internationalmindfulnessconference.com\/nl\/luidsprekers\/#jon-kabat-zinn-bio\">Jon Kabat-Zinn.\u00a0<\/a><\/p>\t\t\t\t\t\t\t\t<\/div>\n\t\t\t\t<\/div>\n\t\t\t\t<div class=\"elementor-element elementor-element-84a5560 elementor-widget elementor-widget-toggle\" data-id=\"84a5560\" data-element_type=\"widget\" data-e-type=\"widget\" data-widget_type=\"toggle.default\">\n\t\t\t\t<div class=\"elementor-widget-container\">\n\t\t\t\t\t\t\t<div class=\"elementor-toggle\">\n\t\t\t\t\t\t\t<div class=\"elementor-toggle-item\">\n\t\t\t\t\t<div id=\"elementor-tab-title-1391\" class=\"elementor-tab-title\" data-tab=\"1\" role=\"button\" aria-controls=\"elementor-tab-content-1391\" aria-expanded=\"false\">\n\t\t\t\t\t\t\t\t\t\t\t\t<span class=\"elementor-toggle-icon elementor-toggle-icon-left\" aria-hidden=\"true\">\n\t\t\t\t\t\t\t\t\t\t\t\t\t\t\t<span class=\"elementor-toggle-icon-closed\"><i class=\"fas fa-caret-right\"><\/i><\/span>\n\t\t\t\t\t\t\t\t<span class=\"elementor-toggle-icon-opened\"><i class=\"elementor-toggle-icon-opened fas fa-caret-up\"><\/i><\/span>\n\t\t\t\t\t\t\t\t\t\t\t\t\t<\/span>\n\t\t\t\t\t\t\t\t\t\t\t\t<a class=\"elementor-toggle-title\" tabindex=\"0\">Bibliografie<\/a>\n\t\t\t\t\t<\/div>\n\n\t\t\t\t\t<div id=\"elementor-tab-content-1391\" class=\"elementor-tab-content elementor-clearfix\" data-tab=\"1\" role=\"region\" aria-labelledby=\"elementor-tab-title-1391\"><p>Bristow, J., Bell, R., Wamsler, C. (2022). Reconnection: De klimaatcrisis van binnenuit aanpakken.<\/p><p>Onderzoeks- en beleidsrapport. Het Mindfulness Initiatief en LUCSUS. <a href=\"https:\/\/www.themindfulnessinitiative.org\/reconnection\">www.themindfulnessinitiative.org\/reconnection <\/a><\/p><p>Bristow, J., Bell, R., Nixon, D. (2020). Mindfulness: Agency ontwikkelen in urgente tijden. Het Mindfulness Initiatief. <a href=\"https:\/\/www.themindfulnessinitiative.org\/agency-in-urgent-times\/\">https:\/\/www.themindfulnessinitiative.org\/agency-in-urgent-times\/ <\/a><\/p><p>Bristow, J. (Ed.). (2021). Reageren op Mindfulness: Developing Agency in Urgent Times - Een bundeling van essays. Het Mindfulness Initiatief. <a href=\"https:\/\/www.themindfulnessinitiative.org\/responding-to-mindfulness-developing-agency-in-urgent-times-a-compilation-of-essays\">https:\/\/www.themindfulnessinitiative.org\/responding-to-mindfulness-developing-agency-in-urgent-times-a-compilation-of-essays<\/a><\/p><\/div>\n\t\t\t\t<\/div>\n\t\t\t\t\t\t\t\t<\/div>\n\t\t\t\t\t\t<\/div>\n\t\t\t\t<\/div>\n\t\t\t\t<div class=\"elementor-element elementor-element-29420513 elementor-widget-divider--view-line elementor-widget elementor-widget-divider\" data-id=\"29420513\" data-element_type=\"widget\" data-e-type=\"widget\" data-widget_type=\"divider.default\">\n\t\t\t\t<div class=\"elementor-widget-container\">\n\t\t\t\t\t\t\t<div class=\"elementor-divider\">\n\t\t\t<span class=\"elementor-divider-separator\">\n\t\t\t\t\t\t<\/span>\n\t\t<\/div>\n\t\t\t\t\t\t<\/div>\n\t\t\t\t<\/div>\n\t\t\t\t<div class=\"elementor-element elementor-element-3d8739b1 elementor-widget-divider--view-line elementor-widget elementor-widget-divider\" data-id=\"3d8739b1\" data-element_type=\"widget\" data-e-type=\"widget\" data-widget_type=\"divider.default\">\n\t\t\t\t<div class=\"elementor-widget-container\">\n\t\t\t\t\t\t\t<div class=\"elementor-divider\">\n\t\t\t<span class=\"elementor-divider-separator\">\n\t\t\t\t\t\t<\/span>\n\t\t<\/div>\n\t\t\t\t\t\t<\/div>\n\t\t\t\t<\/div>\n\t\t\t\t<div class=\"elementor-element elementor-element-c93bdd3 elementor-widget elementor-widget-toggle\" data-id=\"c93bdd3\" data-element_type=\"widget\" data-e-type=\"widget\" data-widget_type=\"toggle.default\">\n\t\t\t\t<div class=\"elementor-widget-container\">\n\t\t\t\t\t\t\t<div class=\"elementor-toggle\">\n\t\t\t\t\t\t\t<div class=\"elementor-toggle-item\">\n\t\t\t\t\t<div id=\"elementor-tab-title-2111\" class=\"elementor-tab-title\" data-tab=\"1\" role=\"button\" aria-controls=\"elementor-tab-content-2111\" aria-expanded=\"false\">\n\t\t\t\t\t\t\t\t\t\t\t\t<span class=\"elementor-toggle-icon elementor-toggle-icon-left\" aria-hidden=\"true\">\n\t\t\t\t\t\t\t\t\t\t\t\t\t\t\t<span class=\"elementor-toggle-icon-closed\"><i class=\"fas fa-angle-double-down\"><\/i><\/span>\n\t\t\t\t\t\t\t\t<span class=\"elementor-toggle-icon-opened\"><i class=\"elementor-toggle-icon-opened fas fa-angle-double-up\"><\/i><\/span>\n\t\t\t\t\t\t\t\t\t\t\t\t\t<\/span>\n\t\t\t\t\t\t\t\t\t\t\t\t<a class=\"elementor-toggle-title\" tabindex=\"0\">Meer lezen<\/a>\n\t\t\t\t\t<\/div>\n\n\t\t\t\t\t<div id=\"elementor-tab-content-2111\" class=\"elementor-tab-content elementor-clearfix\" data-tab=\"1\" role=\"region\" aria-labelledby=\"elementor-tab-title-2111\"><div class=\"ewa-rteLine\">Honderden miljoenen mensen hebben kennis gemaakt met mindfulness via apps (bijv. Insight Timer, Headspace en Calm), boeken (bijv. Mindfulness: Finding Peace in a Frantic World) en tienduizenden via face-to-face mindfulness interventies (zoals Mindfulness-based Stress Reduction en Mindfulness-based Cognitive Therapy). Deze workshop zal een stap terug doen om de eisen van onze hedendaagse wereld te overzien. We verkennen het groeiende veld van mindfulness en de toepassingen ervan. Wat hebben we geleerd van onderzoek, van het ontwikkelen en onderwijzen van mindfulness programma's, en van onze eigen mindfulness beoefening? Hoe kunnen we gebruik maken van alles wat we geleerd hebben om een wereld te cre\u00ebren zonder de verwoestende effecten van depressie, waar mensen genieten van geestelijke gezondheid en welzijn en over de middelen beschikken om de uitdagingen van de komende 50 jaar aan te gaan.<\/div><div class=\"ewa-rteLine\">\u00a0<\/div><div class=\"ewa-rteLine\">Of we ons er nu bewust van zijn of niet, de meest urgente problemen in de wereld be\u00efnvloeden ons direct en indirect - klimaatverandering, een explosie aan informatie, nieuwe technologie die veel maatschappelijke trends aanstuurt, de heersende cultuur. Deze resonantie kan dringend en luid zijn, zoals iemand die in een gebied woont waar oogsten mislukken door watertekorten, of aanhoudend en doordringend, zoals de algoritmen die ons informatie geven via onze digitale apparaten, of subtiel maar constant, zoals in de achtergrondvervuiling van een drukke stad.<\/div><div class=\"ewa-rteLine\">\u00a0<\/div><div class=\"ewa-rteLine\">Veel van de dringende problemen in onze wereld zullen moeten worden opgelost door menselijke geesten en harten. Dit geldt zowel voor kleinere, lokale problemen in ons leven als voor de grotere problemen waar niet alleen onze generatie maar ook toekomstige generaties mee te maken krijgen. Er zijn redenen om hoopvol te zijn. Door de geschiedenis heen hebben goed getrainde geesten die individueel en samenwerkten grote gezondheidsproblemen aangepakt, zoals pokken, HIV-AIDS en recentelijk COVID-19. Onze voorouders leerden landbouw te bedrijven zodat mensen erop konden vertrouwen dat er het hele jaar door voedsel beschikbaar was. Steeds meer mensen over de hele wereld leven in economische omstandigheden die financi\u00eble en materi\u00eble zekerheid bieden. Naties en internationale organen hebben verdragen en structuren gecre\u00eberd om oorlogen te voorkomen en veiligheid te handhaven.<\/div><div class=\"ewa-rteLine\">\u00a0<\/div><div class=\"ewa-rteLine\">De verandering zijn die je in de wereld zou willen zien, is jezelf, andere mensen en onze planeet in gedachten houden, met het kompas van je waarden, een kaart en een routekaart. Met nieuwsgierigheid, een open hart en de moed om te blijven leren terwijl je door verschillende overgangen in je leven gaat. Stel je een opleiding voor die ons helpt de wijsheid te ontwikkelen om te zien hoe dingen zijn, de verbeelding om te zien hoe we zouden willen dat ze zijn en de creativiteit en moed om de wereld te cre\u00ebren waarin we zouden willen leven.<\/div><div class=\"ewa-rteLine\">\u00a0<\/div><div class=\"ewa-rteLine\">De workshop beschrijft een aanpak voor het onderwijzen van mindfulness als een transformatieve, levenslange beoefening. Het biedt een kaart en een routeplan voor iedereen die mindfulness leert of onderwijst. Het put uit de wederkerigheid en dialoog tussen oude contemplatieve tradities en moderne psychologie om een routekaart, kompas en een set basisvaardigheden voor het leven te bieden. Meer nog, het beschouwt hoe deze vaardigheden ons kunnen helpen om te floreren te midden van de uitdagingen van de hedendaagse wereld. Deze synthese van oud en modern kan intentionaliteit verhelderen, een ethisch kader bieden en een nieuw perspectief bieden op wat het betekent om \"de verandering te zijn die we graag in de wereld willen zien\".<\/div><div class=\"ewa-rteLine\">\u00a0<\/div><div class=\"ewa-rteLine\">De workshop is gebaseerd op het onderzoeksprogramma van Willem Kuyken aan de Universiteit van Oxford, het boek uit 2019, geschreven samen met Christina Feldman. <a href=\"https:\/\/www.guilford.com\/books\/Mindfulness\/Feldman-Kuyken\/9781462540105\">Mindfulness. Oude wijsheid ontmoet moderne psychologie<\/a> en twee boeken over Mindfulness-based Cognitieve Therapie voor het leven. Jon Kabat-Zinn heeft deze idee\u00ebn beschreven als: \"Een tour de force die in uitmuntend detail - maar toch met volkomen toegankelijkheid en helderheid - uitwerkt wat mindfulness is en waar het vandaan komt, evenals zijn diepgaande ethische basis, klinische toepassingen, groeiende bewijsbasis en potentieel voor genezing.\" Een grote hoeveelheid onderzoek getuigt van de effectiviteit van op mindfulness gebaseerde cognitieve therapie in het voorkomen van depressie, het bevorderen van de geestelijke gezondheid en in de meest recente gerandomiseerde gecontroleerde studie, het mogelijk maken van bloei.<\/div><div class=\"ewa-rteLine\">\u00a0<\/div><div class=\"ewa-rteLine\"><strong>Leer- en onderwijsmethoden<\/strong><\/div><div class=\"ewa-rteLine\">\u00a0<\/div><div class=\"ewa-rteLine\">De workshop bestaat uit lesgeven, discussi\u00ebren, werken in kleine groepen en mindfulness beoefening. Er worden uitgebreide hulpmiddelen verstrekt.<\/div><div class=\"ewa-rteLine\">\u00a0<\/div><div class=\"ewa-rteLine\"><strong>Leerresultaten<\/strong><\/div><div class=\"ewa-rteLine\">\u00a0<\/div><div class=\"ewa-rteLine\">De masterclass geeft antwoord op deze vragen:<\/div><div class=\"ewa-rteLine\">\u00a0<\/div><ul><li class=\"ewa-rteLine\"><p>Wat is mindfulness?<\/p><\/li><li class=\"ewa-rteLine\"><p>Hoe kunnen oude wijsheid en moderne psychologie ons samen helpen te begrijpen hoe leed en lijden worden gecre\u00eberd en opnieuw gecre\u00eberd? Hoe kunnen ze ons helpen te begrijpen hoe vreugde en welzijn worden gecre\u00eberd en in stand gehouden?<\/p><\/li><li class=\"ewa-rteLine\"><p>Hoe ondersteunt mindfulness het pad van lijden naar bloei? Is mindfulness een techniek of een manier van in de wereld staan - of beide? Hoe maakt het transformatie mogelijk?<\/p><\/li><li class=\"ewa-rteLine\"><p>Wat zou er nodig zijn om seculiere mindfulness training te her-conceptualiseren als een transformatieve levenslange praktijk die mensen helpt om te leven in de hedendaagse wereld - en meer dan dit om de hedendaagse wereld op een positieve manier vorm te geven?<\/p><\/li><li class=\"ewa-rteLine\"><p>Wat zijn de belangrijke vragen rond ethiek en integriteit voor mindfulness beoefenaars, leraren en het bredere veld? Wat ondersteunt dit onderzoek?<\/p><\/li><li class=\"ewa-rteLine\">Wat betekent het om de verandering te zijn die we in de wereld willen zien?<\/li><\/ul><div class=\"ewa-rteLine\">\u00a0<\/div><div class=\"ewa-rteLine\"><strong>Voor wie is het?<\/strong><\/div><div class=\"ewa-rteLine\">\u00a0<\/div><div class=\"ewa-rteLine\">De workshop is in de eerste plaats bedoeld voor iedereen die les geeft in mindfulness programma's. Ze zal echter ook interessant zijn voor wie mindfulness aan het leren is en zijn inzicht wil verdiepen.<\/div><\/div>\n\t\t\t\t<\/div>\n\t\t\t\t\t\t\t\t<\/div>\n\t\t\t\t\t\t<\/div>\n\t\t\t\t<\/div>\n\t\t\t\t<div class=\"elementor-element elementor-element-2a1d8a19 elementor-widget-divider--view-line elementor-widget elementor-widget-divider\" data-id=\"2a1d8a19\" data-element_type=\"widget\" data-e-type=\"widget\" data-widget_type=\"divider.default\">\n\t\t\t\t<div class=\"elementor-widget-container\">\n\t\t\t\t\t\t\t<div class=\"elementor-divider\">\n\t\t\t<span class=\"elementor-divider-separator\">\n\t\t\t\t\t\t<\/span>\n\t\t<\/div>\n\t\t\t\t\t\t<\/div>\n\t\t\t\t<\/div>\n\t\t\t\t<div class=\"elementor-element elementor-element-a7fc622 elementor-widget-divider--view-line elementor-widget elementor-widget-divider\" data-id=\"a7fc622\" data-element_type=\"widget\" data-e-type=\"widget\" data-widget_type=\"divider.default\">\n\t\t\t\t<div class=\"elementor-widget-container\">\n\t\t\t\t\t\t\t<div class=\"elementor-divider\">\n\t\t\t<span class=\"elementor-divider-separator\">\n\t\t\t\t\t\t<\/span>\n\t\t<\/div>\n\t\t\t\t\t\t<\/div>\n\t\t\t\t<\/div>\n\t\t\t\t<div class=\"elementor-element elementor-element-1d383d28 elementor-widget-divider--view-line elementor-widget elementor-widget-divider\" data-id=\"1d383d28\" data-element_type=\"widget\" data-e-type=\"widget\" data-widget_type=\"divider.default\">\n\t\t\t\t<div class=\"elementor-widget-container\">\n\t\t\t\t\t\t\t<div class=\"elementor-divider\">\n\t\t\t<span class=\"elementor-divider-separator\">\n\t\t\t\t\t\t<\/span>\n\t\t<\/div>\n\t\t\t\t\t\t<\/div>\n\t\t\t\t<\/div>\n\t\t\t\t<div class=\"elementor-element elementor-element-5baa479 elementor-widget elementor-widget-toggle\" data-id=\"5baa479\" data-element_type=\"widget\" data-e-type=\"widget\" data-widget_type=\"toggle.default\">\n\t\t\t\t<div class=\"elementor-widget-container\">\n\t\t\t\t\t\t\t<div class=\"elementor-toggle\">\n\t\t\t\t\t\t\t<div class=\"elementor-toggle-item\">\n\t\t\t\t\t<div id=\"elementor-tab-title-9611\" class=\"elementor-tab-title\" data-tab=\"1\" role=\"button\" aria-controls=\"elementor-tab-content-9611\" aria-expanded=\"false\">\n\t\t\t\t\t\t\t\t\t\t\t\t<span class=\"elementor-toggle-icon elementor-toggle-icon-left\" aria-hidden=\"true\">\n\t\t\t\t\t\t\t\t\t\t\t\t\t\t\t<span class=\"elementor-toggle-icon-closed\"><i class=\"fas fa-angle-double-down\"><\/i><\/span>\n\t\t\t\t\t\t\t\t<span class=\"elementor-toggle-icon-opened\"><i class=\"elementor-toggle-icon-opened fas fa-angle-double-up\"><\/i><\/span>\n\t\t\t\t\t\t\t\t\t\t\t\t\t<\/span>\n\t\t\t\t\t\t\t\t\t\t\t\t<a class=\"elementor-toggle-title\" tabindex=\"0\">Meer lezen<\/a>\n\t\t\t\t\t<\/div>\n\n\t\t\t\t\t<div id=\"elementor-tab-content-9611\" class=\"elementor-tab-content elementor-clearfix\" data-tab=\"1\" role=\"region\" aria-labelledby=\"elementor-tab-title-9611\"><p>Leerdoelen:<\/p><ul><li><p>Het potentieel van belichaamde onderlinge afhankelijkheid als formele praktijk onderzoeken<\/p><\/li><li><p>Doe een geleide meditatie over belichaamde onderlinge afhankelijkheid<\/p><\/li><li>Toekomstige toepassingen voor je persoonlijke praktijk en je leven in de gemeenschap beoordelen en overwegen<\/li><\/ul><\/div>\n\t\t\t\t<\/div>\n\t\t\t\t\t\t\t\t<\/div>\n\t\t\t\t\t\t<\/div>\n\t\t\t\t<\/div>\n\t\t\t\t<div class=\"elementor-element elementor-element-1855f3d6 elementor-widget-divider--view-line elementor-widget elementor-widget-divider\" data-id=\"1855f3d6\" data-element_type=\"widget\" data-e-type=\"widget\" data-widget_type=\"divider.default\">\n\t\t\t\t<div class=\"elementor-widget-container\">\n\t\t\t\t\t\t\t<div class=\"elementor-divider\">\n\t\t\t<span class=\"elementor-divider-separator\">\n\t\t\t\t\t\t<\/span>\n\t\t<\/div>\n\t\t\t\t\t\t<\/div>\n\t\t\t\t<\/div>\n\t\t\t\t\t<\/div>\n\t\t<\/div>\n\t\t\t\t\t<\/div>\n\t\t<\/section>\n\t\t\t\t<section class=\"elementor-section elementor-top-section elementor-element elementor-element-e2c1395 elementor-section-height-default elementor-section-boxed elementor-section-height-default\" data-id=\"e2c1395\" data-element_type=\"section\" data-e-type=\"section\">\n\t\t\t\t\t\t<div class=\"elementor-container elementor-column-gap-default\">\n\t\t\t\t\t<div class=\"elementor-column elementor-col-50 elementor-inner-column elementor-element elementor-element-9348eb6\" data-id=\"9348eb6\" data-element_type=\"column\" data-e-type=\"column\">\n\t\t\t<div class=\"elementor-widget-wrap\">\n\t\t\t\t\t\t\t<\/div>\n\t\t<\/div>\n\t\t\t\t<div class=\"elementor-column elementor-col-50 elementor-inner-column elementor-element elementor-element-54fd824\" data-id=\"54fd824\" data-element_type=\"column\" data-e-type=\"column\">\n\t\t\t<div class=\"elementor-widget-wrap elementor-element-populated\">\n\t\t\t\t\t\t<div class=\"elementor-element elementor-element-9af538b elementor-widget elementor-widget-text-editor\" data-id=\"9af538b\" data-element_type=\"widget\" data-e-type=\"widget\" data-widget_type=\"text-editor.default\">\n\t\t\t\t<div class=\"elementor-widget-container\">\n\t\t\t\t\t\t\t\t\t<p><strong>Mindfulness en het klimaat <\/strong>(Onderzoeksgroep)<\/p>\t\t\t\t\t\t\t\t<\/div>\n\t\t\t\t<\/div>\n\t\t\t\t<div class=\"elementor-element elementor-element-9f11d4a elementor-widget elementor-widget-price-list\" data-id=\"9f11d4a\" data-element_type=\"widget\" data-e-type=\"widget\" data-widget_type=\"price-list.default\">\n\t\t\t\t<div class=\"elementor-widget-container\">\n\t\t\t\t\t\n\t\t<ul class=\"elementor-price-list\">\n\n\t\t\t\t\t\t\t\t\t<li><a class=\"elementor-price-list-item\" href=\"#\">\t\t\t\t\n\t\t\t\t<div class=\"elementor-price-list-text\">\n\t\t\t\t\t\t\t\t\t<div class=\"elementor-price-list-header\">\n\t\t\t\t\t\t\t\t\t\t\t<span class=\"elementor-price-list-title\">\n\t\t\t\t\t\t\tKlimaatnood bij studenten en de associatie met mentale gezondheid, functioneren en trait mindfulness\t\t\t\t\t\t<\/span>\n\t\t\t\t\t\t\t\t\t\t\t\t\t\t\t\t\t\t<span class=\"elementor-price-list-separator\"><\/span>\n\t\t\t\t\t\t\t\t\t\t\t\t\t\t\t\t\t\t\t<span class=\"elementor-price-list-price\">Sarah Law<\/span>\n\t\t\t\t\t\t\t\t\t\t<\/div>\n\t\t\t\t\t\t\t\t\t\t\t\t<\/div>\n\t\t\t\t<\/a><\/li>\t\t\t\t\t\t\t\t\t\t\t\t<li><a class=\"elementor-price-list-item\" href=\"#\">\t\t\t\t\n\t\t\t\t<div class=\"elementor-price-list-text\">\n\t\t\t\t\t\t\t\t\t<div class=\"elementor-price-list-header\">\n\t\t\t\t\t\t\t\t\t\t\t<span class=\"elementor-price-list-title\">\n\t\t\t\t\t\t\tInnerlijke genezing, genezing van de planeet: De effecten van mindfulnessbeoefening en verbondenheid met de natuur op klimaatverdriet en milieuactie\t\t\t\t\t\t<\/span>\n\t\t\t\t\t\t\t\t\t\t\t\t\t\t\t\t\t\t<span class=\"elementor-price-list-separator\"><\/span>\n\t\t\t\t\t\t\t\t\t\t\t\t\t\t\t\t\t\t\t<span class=\"elementor-price-list-price\">Noesjka Marinova<\/span>\n\t\t\t\t\t\t\t\t\t\t<\/div>\n\t\t\t\t\t\t\t\t\t\t\t\t<\/div>\n\t\t\t\t<\/a><\/li>\t\t\t\t\t\t\t\t\t\t\t\t<li><a class=\"elementor-price-list-item\" href=\"#\">\t\t\t\t\n\t\t\t\t<div class=\"elementor-price-list-text\">\n\t\t\t\t\t\t\t\t\t<div class=\"elementor-price-list-header\">\n\t\t\t\t\t\t\t\t\t\t\t<span class=\"elementor-price-list-title\">\n\t\t\t\t\t\t\tWat gebeurt er in klimaatcaf\u00e9s?: Onderzoek naar reacties op de psychologische belasting van klimaatverandering bij zeven vrouwen in het Verenigd Koninkrijk\t\t\t\t\t\t<\/span>\n\t\t\t\t\t\t\t\t\t\t\t\t\t\t\t\t\t\t<span class=\"elementor-price-list-separator\"><\/span>\n\t\t\t\t\t\t\t\t\t\t\t\t\t\t\t\t\t\t\t<span class=\"elementor-price-list-price\">Luis Calabria<\/span>\n\t\t\t\t\t\t\t\t\t\t<\/div>\n\t\t\t\t\t\t\t\t\t\t\t\t<\/div>\n\t\t\t\t<\/a><\/li>\t\t\t\t\t\t\t\t\t\t\t\t<li><a class=\"elementor-price-list-item\" href=\"#\">\t\t\t\t\n\t\t\t\t<div class=\"elementor-price-list-text\">\n\t\t\t\t\t\t\t\t\t<div class=\"elementor-price-list-header\">\n\t\t\t\t\t\t\t\t\t\t\t<span class=\"elementor-price-list-title\">\n\t\t\t\t\t\t\t\"Een oase in mijn week\": Ervaringen van deelnemers aan een op mindfulness gebaseerde cursus Actieve Hoop bij ecodistress\t\t\t\t\t\t<\/span>\n\t\t\t\t\t\t\t\t\t\t\t\t\t\t\t\t\t\t<span class=\"elementor-price-list-separator\"><\/span>\n\t\t\t\t\t\t\t\t\t\t\t\t\t\t\t\t\t\t\t<span class=\"elementor-price-list-price\">Elizabeth Marks<\/span>\n\t\t\t\t\t\t\t\t\t\t<\/div>\n\t\t\t\t\t\t\t\t\t\t\t\t<\/div>\n\t\t\t\t<\/a><\/li>\t\t\t\t\t\n\t\t<\/ul>\n\n\t\t\t\t\t\t<\/div>\n\t\t\t\t<\/div>\n\t\t\t\t\t<\/div>\n\t\t<\/div>\n\t\t\t\t\t<\/div>\n\t\t<\/section>\n\t\t\t\t<section class=\"elementor-section elementor-top-section elementor-element elementor-element-79e3805 elementor-section-boxed elementor-section-height-default elementor-section-height-default\" data-id=\"79e3805\" data-element_type=\"section\" data-e-type=\"section\">\n\t\t\t\t\t\t<div class=\"elementor-container elementor-column-gap-default\">\n\t\t\t\t\t<div class=\"elementor-column elementor-col-100 elementor-top-column elementor-element elementor-element-5fbb67d1\" data-id=\"5fbb67d1\" data-element_type=\"column\" data-e-type=\"column\">\n\t\t\t<div class=\"elementor-widget-wrap elementor-element-populated\">\n\t\t\t\t\t\t<div class=\"elementor-element elementor-element-0fdae1f elementor-widget-divider--view-line elementor-widget elementor-widget-divider\" data-id=\"0fdae1f\" data-element_type=\"widget\" data-e-type=\"widget\" data-widget_type=\"divider.default\">\n\t\t\t\t<div class=\"elementor-widget-container\">\n\t\t\t\t\t\t\t<div class=\"elementor-divider\">\n\t\t\t<span class=\"elementor-divider-separator\">\n\t\t\t\t\t\t<\/span>\n\t\t<\/div>\n\t\t\t\t\t\t<\/div>\n\t\t\t\t<\/div>\n\t\t\t\t\t<\/div>\n\t\t<\/div>\n\t\t\t\t\t<\/div>\n\t\t<\/section>\n\t\t\t\t<\/div>","protected":false},"excerpt":{"rendered":"<p>political, environmental, and global initiatives How can we turn mindfulness into action &#8211; personally, politically and socially? Mindfulness has the potential to make a significant impact in our world at a time when we are facing multiple challenges. But for this to be realised, we all need to step up to meet the current issues [&hellip;]<\/p>\n","protected":false},"author":3,"featured_media":3789,"comment_status":"closed","ping_status":"closed","sticky":false,"template":"","format":"standard","meta":{"_view_id":"","site-sidebar-layout":"default","site-content-layout":"","ast-site-content-layout":"default","site-content-style":"default","site-sidebar-style":"default","ast-global-header-display":"","ast-banner-title-visibility":"","ast-main-header-display":"","ast-hfb-above-header-display":"","ast-hfb-below-header-display":"","ast-hfb-mobile-header-display":"","site-post-title":"","ast-breadcrumbs-content":"","ast-featured-img":"","footer-sml-layout":"","ast-disable-related-posts":"","theme-transparent-header-meta":"","adv-header-id-meta":"","stick-header-meta":"","header-above-stick-meta":"","header-main-stick-meta":"","header-below-stick-meta":"","astra-migrate-meta-layouts":"set","ast-page-background-enabled":"default","ast-page-background-meta":{"desktop":{"background-color":"","background-image":"","background-repeat":"repeat","background-position":"center center","background-size":"auto","background-attachment":"scroll","background-type":"","background-media":"","overlay-type":"","overlay-color":"","overlay-opacity":"","overlay-gradient":""},"tablet":{"background-color":"","background-image":"","background-repeat":"repeat","background-position":"center center","background-size":"auto","background-attachment":"scroll","background-type":"","background-media":"","overlay-type":"","overlay-color":"","overlay-opacity":"","overlay-gradient":""},"mobile":{"background-color":"","background-image":"","background-repeat":"repeat","background-position":"center center","background-size":"auto","background-attachment":"scroll","background-type":"","background-media":"","overlay-type":"","overlay-color":"","overlay-opacity":"","overlay-gradient":""}},"ast-content-background-meta":{"desktop":{"background-color":"var(--ast-global-color-5)","background-image":"","background-repeat":"repeat","background-position":"center center","background-size":"auto","background-attachment":"scroll","background-type":"","background-media":"","overlay-type":"","overlay-color":"","overlay-opacity":"","overlay-gradient":""},"tablet":{"background-color":"var(--ast-global-color-5)","background-image":"","background-repeat":"repeat","background-position":"center center","background-size":"auto","background-attachment":"scroll","background-type":"","background-media":"","overlay-type":"","overlay-color":"","overlay-opacity":"","overlay-gradient":""},"mobile":{"background-color":"var(--ast-global-color-5)","background-image":"","background-repeat":"repeat","background-position":"center center","background-size":"auto","background-attachment":"scroll","background-type":"","background-media":"","overlay-type":"","overlay-color":"","overlay-opacity":"","overlay-gradient":""}},"_jetpack_memberships_contains_paid_content":false,"wds_primary_category":98,"footnotes":""},"categories":[82,98],"tags":[],"class_list":["post-3848","post","type-post","status-publish","format-standard","has-post-thumbnail","hentry","category-five-strands","category-strand-5"],"yoast_head":"<!-- This site is optimized with the Yoast SEO plugin v27.5 - https:\/\/yoast.com\/product\/yoast-seo-wordpress\/ -->\n<title>Strand 5: Political, environmental, and global initiatives - International Conference on Mindfulness 2024<\/title>\n<meta name=\"description\" content=\"STRAND 5\" \/>\n<meta name=\"robots\" content=\"index, follow, max-snippet:-1, max-image-preview:large, max-video-preview:-1\" \/>\n<link rel=\"canonical\" href=\"https:\/\/www.internationalmindfulnessconference.com\/nl\/2023\/10\/17\/onderdeel-5-politieke-milieu-en-mondiale-initiatieven\/\" \/>\n<meta property=\"og:locale\" content=\"nl_NL\" \/>\n<meta property=\"og:type\" content=\"article\" \/>\n<meta property=\"og:title\" content=\"Strand 5: Political, environmental, and global initiatives - International Conference on Mindfulness 2024\" \/>\n<meta property=\"og:description\" content=\"STRAND 5\" \/>\n<meta property=\"og:url\" content=\"https:\/\/www.internationalmindfulnessconference.com\/nl\/2023\/10\/17\/onderdeel-5-politieke-milieu-en-mondiale-initiatieven\/\" \/>\n<meta property=\"og:site_name\" content=\"International Conference on Mindfulness 2024\" \/>\n<meta property=\"article:publisher\" content=\"https:\/\/www.facebook.com\/MindfulnessNetworkUK\/\" \/>\n<meta property=\"article:published_time\" content=\"2023-10-17T15:54:59+00:00\" \/>\n<meta property=\"article:modified_time\" content=\"2025-06-12T12:56:55+00:00\" \/>\n<meta property=\"og:image\" content=\"https:\/\/www.internationalmindfulnessconference.com\/wp-content\/uploads\/2023\/10\/Political-environmental-global-e1697620477502.png\" \/>\n\t<meta property=\"og:image:width\" content=\"250\" \/>\n\t<meta property=\"og:image:height\" content=\"250\" \/>\n\t<meta property=\"og:image:type\" content=\"image\/png\" \/>\n<meta name=\"author\" content=\"Madeleine Hynes\" \/>\n<meta name=\"twitter:card\" content=\"summary_large_image\" \/>\n<meta name=\"twitter:creator\" content=\"@MindfulnessN\" \/>\n<meta name=\"twitter:site\" content=\"@MindfulnessN\" \/>\n<meta name=\"twitter:label1\" content=\"Geschreven door\" \/>\n\t<meta name=\"twitter:data1\" content=\"Madeleine Hynes\" \/>\n\t<meta name=\"twitter:label2\" content=\"Geschatte leestijd\" \/>\n\t<meta name=\"twitter:data2\" content=\"11 minuten\" \/>\n<script type=\"application\/ld+json\" class=\"yoast-schema-graph\">{\"@context\":\"https:\\\/\\\/schema.org\",\"@graph\":[{\"@type\":\"Article\",\"@id\":\"https:\\\/\\\/www.internationalmindfulnessconference.com\\\/2023\\\/10\\\/17\\\/strand-5-political-environmental-and-global-initiatives\\\/#article\",\"isPartOf\":{\"@id\":\"https:\\\/\\\/www.internationalmindfulnessconference.com\\\/2023\\\/10\\\/17\\\/strand-5-political-environmental-and-global-initiatives\\\/\"},\"author\":{\"name\":\"Madeleine Hynes\",\"@id\":\"https:\\\/\\\/www.internationalmindfulnessconference.com\\\/#\\\/schema\\\/person\\\/cfeb3e23341dd4fad358eae1d7744eac\"},\"headline\":\"Strand 5: Political, environmental, and global initiatives\",\"datePublished\":\"2023-10-17T15:54:59+00:00\",\"dateModified\":\"2025-06-12T12:56:55+00:00\",\"mainEntityOfPage\":{\"@id\":\"https:\\\/\\\/www.internationalmindfulnessconference.com\\\/2023\\\/10\\\/17\\\/strand-5-political-environmental-and-global-initiatives\\\/\"},\"wordCount\":2496,\"publisher\":{\"@id\":\"https:\\\/\\\/www.internationalmindfulnessconference.com\\\/#organization\"},\"image\":{\"@id\":\"https:\\\/\\\/www.internationalmindfulnessconference.com\\\/2023\\\/10\\\/17\\\/strand-5-political-environmental-and-global-initiatives\\\/#primaryimage\"},\"thumbnailUrl\":\"https:\\\/\\\/www.internationalmindfulnessconference.com\\\/wp-content\\\/uploads\\\/2023\\\/10\\\/Political-environmental-global-e1697620477502.png\",\"articleSection\":[\"Five Strands\",\"STRAND 5\"],\"inLanguage\":\"nl-NL\"},{\"@type\":\"WebPage\",\"@id\":\"https:\\\/\\\/www.internationalmindfulnessconference.com\\\/2023\\\/10\\\/17\\\/strand-5-political-environmental-and-global-initiatives\\\/\",\"url\":\"https:\\\/\\\/www.internationalmindfulnessconference.com\\\/2023\\\/10\\\/17\\\/strand-5-political-environmental-and-global-initiatives\\\/\",\"name\":\"Strand 5: Political, environmental, and global initiatives - International Conference on Mindfulness 2024\",\"isPartOf\":{\"@id\":\"https:\\\/\\\/www.internationalmindfulnessconference.com\\\/#website\"},\"primaryImageOfPage\":{\"@id\":\"https:\\\/\\\/www.internationalmindfulnessconference.com\\\/2023\\\/10\\\/17\\\/strand-5-political-environmental-and-global-initiatives\\\/#primaryimage\"},\"image\":{\"@id\":\"https:\\\/\\\/www.internationalmindfulnessconference.com\\\/2023\\\/10\\\/17\\\/strand-5-political-environmental-and-global-initiatives\\\/#primaryimage\"},\"thumbnailUrl\":\"https:\\\/\\\/www.internationalmindfulnessconference.com\\\/wp-content\\\/uploads\\\/2023\\\/10\\\/Political-environmental-global-e1697620477502.png\",\"datePublished\":\"2023-10-17T15:54:59+00:00\",\"dateModified\":\"2025-06-12T12:56:55+00:00\",\"description\":\"STRAND 5\",\"breadcrumb\":{\"@id\":\"https:\\\/\\\/www.internationalmindfulnessconference.com\\\/2023\\\/10\\\/17\\\/strand-5-political-environmental-and-global-initiatives\\\/#breadcrumb\"},\"inLanguage\":\"nl-NL\",\"potentialAction\":[{\"@type\":\"ReadAction\",\"target\":[\"https:\\\/\\\/www.internationalmindfulnessconference.com\\\/2023\\\/10\\\/17\\\/strand-5-political-environmental-and-global-initiatives\\\/\"]}]},{\"@type\":\"ImageObject\",\"inLanguage\":\"nl-NL\",\"@id\":\"https:\\\/\\\/www.internationalmindfulnessconference.com\\\/2023\\\/10\\\/17\\\/strand-5-political-environmental-and-global-initiatives\\\/#primaryimage\",\"url\":\"https:\\\/\\\/www.internationalmindfulnessconference.com\\\/wp-content\\\/uploads\\\/2023\\\/10\\\/Political-environmental-global-e1697620477502.png\",\"contentUrl\":\"https:\\\/\\\/www.internationalmindfulnessconference.com\\\/wp-content\\\/uploads\\\/2023\\\/10\\\/Political-environmental-global-e1697620477502.png\",\"width\":250,\"height\":250,\"caption\":\"5. Political, environmental and global\"},{\"@type\":\"BreadcrumbList\",\"@id\":\"https:\\\/\\\/www.internationalmindfulnessconference.com\\\/2023\\\/10\\\/17\\\/strand-5-political-environmental-and-global-initiatives\\\/#breadcrumb\",\"itemListElement\":[{\"@type\":\"ListItem\",\"position\":1,\"name\":\"Home\",\"item\":\"https:\\\/\\\/www.internationalmindfulnessconference.com\\\/\"},{\"@type\":\"ListItem\",\"position\":2,\"name\":\"Strand 5: Political, environmental, and global initiatives\"}]},{\"@type\":\"WebSite\",\"@id\":\"https:\\\/\\\/www.internationalmindfulnessconference.com\\\/#website\",\"url\":\"https:\\\/\\\/www.internationalmindfulnessconference.com\\\/\",\"name\":\"International Conference on Mindfulness 2024\",\"description\":\"ICM 2024: Mindfulness in a Changing World\",\"publisher\":{\"@id\":\"https:\\\/\\\/www.internationalmindfulnessconference.com\\\/#organization\"},\"alternateName\":\"ICM 2024\",\"potentialAction\":[{\"@type\":\"SearchAction\",\"target\":{\"@type\":\"EntryPoint\",\"urlTemplate\":\"https:\\\/\\\/www.internationalmindfulnessconference.com\\\/?s={search_term_string}\"},\"query-input\":{\"@type\":\"PropertyValueSpecification\",\"valueRequired\":true,\"valueName\":\"search_term_string\"}}],\"inLanguage\":\"nl-NL\"},{\"@type\":\"Organization\",\"@id\":\"https:\\\/\\\/www.internationalmindfulnessconference.com\\\/#organization\",\"name\":\"The Mindfulness Network\",\"alternateName\":\"Mindfulness Network\",\"url\":\"https:\\\/\\\/www.internationalmindfulnessconference.com\\\/\",\"logo\":{\"@type\":\"ImageObject\",\"inLanguage\":\"nl-NL\",\"@id\":\"https:\\\/\\\/www.internationalmindfulnessconference.com\\\/#\\\/schema\\\/logo\\\/image\\\/\",\"url\":\"https:\\\/\\\/www.internationalmindfulnessconference.com\\\/wp-content\\\/uploads\\\/2023\\\/01\\\/MNLogo-300x300-1.jpg\",\"contentUrl\":\"https:\\\/\\\/www.internationalmindfulnessconference.com\\\/wp-content\\\/uploads\\\/2023\\\/01\\\/MNLogo-300x300-1.jpg\",\"width\":300,\"height\":300,\"caption\":\"The Mindfulness Network\"},\"image\":{\"@id\":\"https:\\\/\\\/www.internationalmindfulnessconference.com\\\/#\\\/schema\\\/logo\\\/image\\\/\"},\"sameAs\":[\"https:\\\/\\\/www.facebook.com\\\/MindfulnessNetworkUK\\\/\",\"https:\\\/\\\/x.com\\\/MindfulnessN\"]},{\"@type\":\"Person\",\"@id\":\"https:\\\/\\\/www.internationalmindfulnessconference.com\\\/#\\\/schema\\\/person\\\/cfeb3e23341dd4fad358eae1d7744eac\",\"name\":\"Madeleine Hynes\",\"image\":{\"@type\":\"ImageObject\",\"inLanguage\":\"nl-NL\",\"@id\":\"https:\\\/\\\/www.internationalmindfulnessconference.com\\\/wp-content\\\/wphb-cache\\\/gravatar\\\/d20\\\/d204c6c9e5fdaaac6fb784dfcbf0793ex96.jpg\",\"url\":\"https:\\\/\\\/www.internationalmindfulnessconference.com\\\/wp-content\\\/wphb-cache\\\/gravatar\\\/d20\\\/d204c6c9e5fdaaac6fb784dfcbf0793ex96.jpg\",\"contentUrl\":\"https:\\\/\\\/www.internationalmindfulnessconference.com\\\/wp-content\\\/wphb-cache\\\/gravatar\\\/d20\\\/d204c6c9e5fdaaac6fb784dfcbf0793ex96.jpg\",\"caption\":\"Madeleine Hynes\"},\"url\":\"https:\\\/\\\/www.internationalmindfulnessconference.com\\\/nl\\\/author\\\/madeleinemindfulness-network-org\\\/\"}]}<\/script>\n<!-- \/ Yoast SEO plugin. -->","yoast_head_json":{"title":"Onderdeel 5: Politieke, milieu- en mondiale initiatieven - Internationale conferentie over mindfulness 2024","description":"STRAD 5","robots":{"index":"index","follow":"follow","max-snippet":"max-snippet:-1","max-image-preview":"max-image-preview:large","max-video-preview":"max-video-preview:-1"},"canonical":"https:\/\/www.internationalmindfulnessconference.com\/nl\/2023\/10\/17\/onderdeel-5-politieke-milieu-en-mondiale-initiatieven\/","og_locale":"nl_NL","og_type":"article","og_title":"Strand 5: Political, environmental, and global initiatives - International Conference on Mindfulness 2024","og_description":"STRAND 5","og_url":"https:\/\/www.internationalmindfulnessconference.com\/nl\/2023\/10\/17\/onderdeel-5-politieke-milieu-en-mondiale-initiatieven\/","og_site_name":"International Conference on Mindfulness 2024","article_publisher":"https:\/\/www.facebook.com\/MindfulnessNetworkUK\/","article_published_time":"2023-10-17T15:54:59+00:00","article_modified_time":"2025-06-12T12:56:55+00:00","og_image":[{"width":250,"height":250,"url":"https:\/\/www.internationalmindfulnessconference.com\/wp-content\/uploads\/2023\/10\/Political-environmental-global-e1697620477502.png","type":"image\/png"}],"author":"Madeleine Hynes","twitter_card":"summary_large_image","twitter_creator":"@MindfulnessN","twitter_site":"@MindfulnessN","twitter_misc":{"Geschreven door":"Madeleine Hynes","Geschatte leestijd":"11 minuten"},"schema":{"@context":"https:\/\/schema.org","@graph":[{"@type":"Article","@id":"https:\/\/www.internationalmindfulnessconference.com\/2023\/10\/17\/strand-5-political-environmental-and-global-initiatives\/#article","isPartOf":{"@id":"https:\/\/www.internationalmindfulnessconference.com\/2023\/10\/17\/strand-5-political-environmental-and-global-initiatives\/"},"author":{"name":"Madeleine Hynes","@id":"https:\/\/www.internationalmindfulnessconference.com\/#\/schema\/person\/cfeb3e23341dd4fad358eae1d7744eac"},"headline":"Strand 5: Political, environmental, and global initiatives","datePublished":"2023-10-17T15:54:59+00:00","dateModified":"2025-06-12T12:56:55+00:00","mainEntityOfPage":{"@id":"https:\/\/www.internationalmindfulnessconference.com\/2023\/10\/17\/strand-5-political-environmental-and-global-initiatives\/"},"wordCount":2496,"publisher":{"@id":"https:\/\/www.internationalmindfulnessconference.com\/#organization"},"image":{"@id":"https:\/\/www.internationalmindfulnessconference.com\/2023\/10\/17\/strand-5-political-environmental-and-global-initiatives\/#primaryimage"},"thumbnailUrl":"https:\/\/www.internationalmindfulnessconference.com\/wp-content\/uploads\/2023\/10\/Political-environmental-global-e1697620477502.png","articleSection":["Five Strands","STRAND 5"],"inLanguage":"nl-NL"},{"@type":"WebPage","@id":"https:\/\/www.internationalmindfulnessconference.com\/2023\/10\/17\/strand-5-political-environmental-and-global-initiatives\/","url":"https:\/\/www.internationalmindfulnessconference.com\/2023\/10\/17\/strand-5-political-environmental-and-global-initiatives\/","name":"Onderdeel 5: Politieke, milieu- en mondiale initiatieven - Internationale conferentie over mindfulness 2024","isPartOf":{"@id":"https:\/\/www.internationalmindfulnessconference.com\/#website"},"primaryImageOfPage":{"@id":"https:\/\/www.internationalmindfulnessconference.com\/2023\/10\/17\/strand-5-political-environmental-and-global-initiatives\/#primaryimage"},"image":{"@id":"https:\/\/www.internationalmindfulnessconference.com\/2023\/10\/17\/strand-5-political-environmental-and-global-initiatives\/#primaryimage"},"thumbnailUrl":"https:\/\/www.internationalmindfulnessconference.com\/wp-content\/uploads\/2023\/10\/Political-environmental-global-e1697620477502.png","datePublished":"2023-10-17T15:54:59+00:00","dateModified":"2025-06-12T12:56:55+00:00","description":"STRAD 5","breadcrumb":{"@id":"https:\/\/www.internationalmindfulnessconference.com\/2023\/10\/17\/strand-5-political-environmental-and-global-initiatives\/#breadcrumb"},"inLanguage":"nl-NL","potentialAction":[{"@type":"ReadAction","target":["https:\/\/www.internationalmindfulnessconference.com\/2023\/10\/17\/strand-5-political-environmental-and-global-initiatives\/"]}]},{"@type":"ImageObject","inLanguage":"nl-NL","@id":"https:\/\/www.internationalmindfulnessconference.com\/2023\/10\/17\/strand-5-political-environmental-and-global-initiatives\/#primaryimage","url":"https:\/\/www.internationalmindfulnessconference.com\/wp-content\/uploads\/2023\/10\/Political-environmental-global-e1697620477502.png","contentUrl":"https:\/\/www.internationalmindfulnessconference.com\/wp-content\/uploads\/2023\/10\/Political-environmental-global-e1697620477502.png","width":250,"height":250,"caption":"5. Political, environmental and global"},{"@type":"BreadcrumbList","@id":"https:\/\/www.internationalmindfulnessconference.com\/2023\/10\/17\/strand-5-political-environmental-and-global-initiatives\/#breadcrumb","itemListElement":[{"@type":"ListItem","position":1,"name":"Home","item":"https:\/\/www.internationalmindfulnessconference.com\/"},{"@type":"ListItem","position":2,"name":"Strand 5: Political, environmental, and global initiatives"}]},{"@type":"WebSite","@id":"https:\/\/www.internationalmindfulnessconference.com\/#website","url":"https:\/\/www.internationalmindfulnessconference.com\/","name":"Internationale conferentie over mindfulness 2024","description":"ICM 2024: Mindfulness in een veranderende wereld","publisher":{"@id":"https:\/\/www.internationalmindfulnessconference.com\/#organization"},"alternateName":"ICM 2024","potentialAction":[{"@type":"SearchAction","target":{"@type":"EntryPoint","urlTemplate":"https:\/\/www.internationalmindfulnessconference.com\/?s={search_term_string}"},"query-input":{"@type":"PropertyValueSpecification","valueRequired":true,"valueName":"search_term_string"}}],"inLanguage":"nl-NL"},{"@type":"Organization","@id":"https:\/\/www.internationalmindfulnessconference.com\/#organization","name":"Het Mindfulness Netwerk","alternateName":"Mindfulness Network","url":"https:\/\/www.internationalmindfulnessconference.com\/","logo":{"@type":"ImageObject","inLanguage":"nl-NL","@id":"https:\/\/www.internationalmindfulnessconference.com\/#\/schema\/logo\/image\/","url":"https:\/\/www.internationalmindfulnessconference.com\/wp-content\/uploads\/2023\/01\/MNLogo-300x300-1.jpg","contentUrl":"https:\/\/www.internationalmindfulnessconference.com\/wp-content\/uploads\/2023\/01\/MNLogo-300x300-1.jpg","width":300,"height":300,"caption":"The Mindfulness Network"},"image":{"@id":"https:\/\/www.internationalmindfulnessconference.com\/#\/schema\/logo\/image\/"},"sameAs":["https:\/\/www.facebook.com\/MindfulnessNetworkUK\/","https:\/\/x.com\/MindfulnessN"]},{"@type":"Person","@id":"https:\/\/www.internationalmindfulnessconference.com\/#\/schema\/person\/cfeb3e23341dd4fad358eae1d7744eac","name":"Madeleine Hynes","image":{"@type":"ImageObject","inLanguage":"nl-NL","@id":"https:\/\/www.internationalmindfulnessconference.com\/wp-content\/wphb-cache\/gravatar\/d20\/d204c6c9e5fdaaac6fb784dfcbf0793ex96.jpg","url":"https:\/\/www.internationalmindfulnessconference.com\/wp-content\/wphb-cache\/gravatar\/d20\/d204c6c9e5fdaaac6fb784dfcbf0793ex96.jpg","contentUrl":"https:\/\/www.internationalmindfulnessconference.com\/wp-content\/wphb-cache\/gravatar\/d20\/d204c6c9e5fdaaac6fb784dfcbf0793ex96.jpg","caption":"Madeleine Hynes"},"url":"https:\/\/www.internationalmindfulnessconference.com\/nl\/author\/madeleinemindfulness-network-org\/"}]}},"jetpack_featured_media_url":"https:\/\/www.internationalmindfulnessconference.com\/wp-content\/uploads\/2023\/10\/Political-environmental-global-e1697620477502.png","jetpack_sharing_enabled":true,"_links":{"self":[{"href":"https:\/\/www.internationalmindfulnessconference.com\/nl\/wp-json\/wp\/v2\/posts\/3848","targetHints":{"allow":["GET"]}}],"collection":[{"href":"https:\/\/www.internationalmindfulnessconference.com\/nl\/wp-json\/wp\/v2\/posts"}],"about":[{"href":"https:\/\/www.internationalmindfulnessconference.com\/nl\/wp-json\/wp\/v2\/types\/post"}],"author":[{"embeddable":true,"href":"https:\/\/www.internationalmindfulnessconference.com\/nl\/wp-json\/wp\/v2\/users\/3"}],"replies":[{"embeddable":true,"href":"https:\/\/www.internationalmindfulnessconference.com\/nl\/wp-json\/wp\/v2\/comments?post=3848"}],"version-history":[{"count":0,"href":"https:\/\/www.internationalmindfulnessconference.com\/nl\/wp-json\/wp\/v2\/posts\/3848\/revisions"}],"wp:featuredmedia":[{"embeddable":true,"href":"https:\/\/www.internationalmindfulnessconference.com\/nl\/wp-json\/wp\/v2\/media\/3789"}],"wp:attachment":[{"href":"https:\/\/www.internationalmindfulnessconference.com\/nl\/wp-json\/wp\/v2\/media?parent=3848"}],"wp:term":[{"taxonomy":"category","embeddable":true,"href":"https:\/\/www.internationalmindfulnessconference.com\/nl\/wp-json\/wp\/v2\/categories?post=3848"},{"taxonomy":"post_tag","embeddable":true,"href":"https:\/\/www.internationalmindfulnessconference.com\/nl\/wp-json\/wp\/v2\/tags?post=3848"}],"curies":[{"name":"wp","href":"https:\/\/api.w.org\/{rel}","templated":true}]}}